{"id":26888,"date":"2014-06-25T17:01:37","date_gmt":"2014-06-25T17:01:37","guid":{"rendered":"http:\/\/www.tunaespana.es\/?p=26888"},"modified":"2014-06-25T17:01:57","modified_gmt":"2014-06-25T17:01:57","slug":"la-ultima-cancionacorde-guitarra-letra-tabladura-cancionero-tuna","status":"publish","type":"post","link":"https:\/\/www.tunaespana.es\/?p=26888","title":{"rendered":"La ultima cancion,Acorde Guitarra, Letra Tabladura, Cancionero Tuna,"},"content":{"rendered":"<h1 class=\"western\" style=\"font-style: normal; font-weight: normal; line-height: 0.5cm; widows: 2; orphans: 2;\" align=\"CENTER\"><span style=\"color: #000000;\"><span style=\"font-family: Georgia,Times New Roman,Bitstream Charter,Times,serif;\"><span style=\"font-size: xx-small;\"><span style=\"background: transparent;\">.<\/span><\/span><\/span><\/span><\/h1>\n<h1 class=\"western\" style=\"font-style: normal; font-weight: normal; line-height: 0.5cm; widows: 2; orphans: 2;\" align=\"CENTER\"><span style=\"color: #ff3366;\"> <span style=\"font-family: Georgia,Times New Roman,Bitstream Charter,Times,serif;\"><span style=\"font-size: xx-large;\"><span style=\"color: #ff0000;\">La \u00faltima canci\u00f3n<\/span><\/span><\/span><\/span><\/h1>\n<p><a href=\"http:\/\/www.tunaespana.es\/wp-content\/uploads\/2014\/06\/Tuna-Espa\u00f1a-El-RocioBodegas-Bollullos-Del-CondadorCancionero-Tuna-musica-de-tuna-Ronda-La-Tuna-Huelva-Don-Tedi-Don-Cobacho-canciones-de-tuna-Tunas-Universi.jpg\"><img decoding=\"async\" loading=\"lazy\" class=\"aligncenter size-full wp-image-26889\" src=\"http:\/\/www.tunaespana.es\/wp-content\/uploads\/2014\/06\/Tuna-Espa\u00f1a-El-RocioBodegas-Bollullos-Del-CondadorCancionero-Tuna-musica-de-tuna-Ronda-La-Tuna-Huelva-Don-Tedi-Don-Cobacho-canciones-de-tuna-Tunas-Universi.jpg\" alt=\"Tuna Espa\u00f1a, El Rocio,Bodegas Bollullos Del Condador,Cancionero Tuna, musica de tuna, Ronda La Tuna, Huelva, Don Tedi, Don Cobacho, canciones de tuna, Tunas Universi\" width=\"496\" height=\"272\" srcset=\"https:\/\/www.tunaespana.es\/wp-content\/uploads\/2014\/06\/Tuna-Espa\u00f1a-El-RocioBodegas-Bollullos-Del-CondadorCancionero-Tuna-musica-de-tuna-Ronda-La-Tuna-Huelva-Don-Tedi-Don-Cobacho-canciones-de-tuna-Tunas-Universi.jpg 496w, https:\/\/www.tunaespana.es\/wp-content\/uploads\/2014\/06\/Tuna-Espa\u00f1a-El-RocioBodegas-Bollullos-Del-CondadorCancionero-Tuna-musica-de-tuna-Ronda-La-Tuna-Huelva-Don-Tedi-Don-Cobacho-canciones-de-tuna-Tunas-Universi-300x164.jpg 300w\" sizes=\"(max-width: 496px) 100vw, 496px\" \/><\/a><\/p>\n<h1 class=\"western\" style=\"font-weight: normal; line-height: 0.5cm; widows: 2; orphans: 2;\" align=\"CENTER\"><span style=\"color: #ffff99;\"><span style=\"font-size: medium;\">Autor: <\/span><\/span><\/h1>\n<p style=\"line-height: 0.5cm; widows: 2; orphans: 2;\" align=\"CENTER\"><span style=\"color: #0000ff;\">Interpretan:<\/span><span style=\"color: #0000ff;\"><span style=\"font-size: medium;\"><span style=\"background: transparent;\"> V\u00edctor Iturbe, Roberto Carlos<\/span><\/span><\/span><\/p>\n<p style=\"margin-bottom: 0cm; font-style: normal; font-weight: normal; line-height: 0.5cm; widows: 2; orphans: 2;\" align=\"CENTER\"><span style=\"color: #ff00ff;\"><span style=\"font-family: Georgia,Times New Roman,Bitstream Charter,Times,serif;\"><span style=\"font-size: medium;\"><span style=\"background: transparent;\">Ritmo:Bolero<\/span><\/span><\/span><\/span><\/p>\n<p style=\"line-height: 0.5cm; widows: 2; orphans: 2;\" align=\"CENTER\"><span style=\"color: #00ff00;\">Don Dudo (TunaEspa\u00f1a)<\/span><\/p>\n<p style=\"margin-bottom: 0cm; font-style: normal; font-weight: normal; line-height: 0.5cm; widows: 2; orphans: 2;\" align=\"CENTER\"><span style=\"color: #0000ff;\"><span style=\"font-family: Georgia,Times New Roman,Bitstream Charter,Times,serif;\"><span style=\"font-size: small;\">[Tube]http:\/\/www.youtube.com\/watch?v=t4dyo-T7clE[\/Tube]<\/span><\/span><\/span><\/p>\n<p style=\"font-style: normal; font-weight: normal; line-height: 0.5cm; widows: 2; orphans: 2;\" align=\"CENTER\"><span style=\"color: #0000ff;\"><span style=\"font-family: Georgia,Times New Roman,Bitstream Charter,Times,serif;\"><span style=\"font-size: medium;\"><span style=\"background: transparent;\">.<\/span><\/span><\/span><\/span><\/p>\n<pre>   <a>Em<\/a>               <a>Am<\/a>      <a>B7<\/a>         <a>Em<\/a>  <a>E7<\/a>\r\n (Esta es la \u00faltima canci\u00f3n que canto para ti,\r\n      <a>Am<\/a>                 <a>D7<\/a>          <a>G<\/a>             <a>Em<\/a>\r\nme cans\u00e9 de vivir sin sentido de pensar solo en ti\r\n     <a>Am<\/a>                     <a>D7<\/a>            <a>G<\/a>\r\nSi ma\u00f1ana me encuentras tal vez yendo con otra y tu \r\n   <a>Em<\/a>              <a>Am<\/a>             <a>B7<\/a>          <a>Em<\/a>  \r\nme ves, haz de la cuenta que para ti no soy aquel.)\r\n        <a>Em<\/a>                  <a>Am<\/a>       <a>B7<\/a>           <a>Em<\/a> \r\nY ahora t\u00fa que me hiciste llorar tendras que recordar\r\n        <a>Am<\/a>              <a>D7<\/a>                <a>G<\/a>     <a>Em<\/a>\r\nque fui tuyo en alma y perdistes la oportunidad.\r\n        <a>Am<\/a>                    <a>D7<\/a>             <a>G<\/a>\r\nLas canciones tan lindas que anoche yo cante para ti,\r\n            <a>Em<\/a>    <a>Am<\/a>                       <a>B7<\/a>         \r\npensando en ti, confieso que iguales que aqellas ya\r\n        <a>Em<\/a>\r\nno escuchar\u00e1s.\r\n     <a>Am<\/a>               <a>D7<\/a>                        <a>G<\/a>\r\nYa ma\u00f1ana s\u00e9 que esta canci\u00f3n la tendr\u00e1s que escuchar\r\n            <a>Em<\/a>           <a>Am<\/a>                <a>D7<\/a>\r\nen el radio sonar, pensaras que tu orgullo maldito\r\n        <a>Em<\/a>                <a>Em<\/a>             <a>Am<\/a>   \r\nma hizo llorar de tanto esperar pero no llores y siente\r\n     <a>B7<\/a>             <a>E<\/a>            <a>Am<\/a> <a>B7<\/a>\r\npor dentro lo que duele el amor\r\n   <a>E<\/a>           <a>C#m<\/a>        <a>F#m<\/a>            <a>B7<\/a>    <a>E<\/a>\r\nEntonces vas a ver lo que vale un gran amor entonces\r\n     <a>C#m<\/a>                  <a>B7<\/a>\r\nllorar\u00e1s y de m\u00ed te acordar\u00e1s. ( )<\/pre>\n<p style=\"line-height: 0.5cm; widows: 2; orphans: 2;\" align=\"CENTER\"><span style=\"color: #00ae00;\"><span style=\"font-family: Georgia,Times New Roman,Bitstream Charter,Times,serif;\"><span style=\"font-size: small;\"><span style=\"font-style: normal;\"><span style=\"font-weight: normal;\"><span style=\"background: transparent;\">\u00a0<\/span><\/span><\/span><\/span><\/span><\/span><\/p>\n","protected":false},"excerpt":{"rendered":"<p>. La \u00faltima canci\u00f3n Autor: Interpretan: V\u00edctor Iturbe, Roberto Carlos Ritmo:Bolero Don Dudo (TunaEspa\u00f1a) [Tube]http:\/\/www.youtube.com\/watch?v=t4dyo-T7clE[\/Tube] . Em Am B7 Em E7 (Esta es la \u00faltima canci\u00f3n que canto para ti, Am D7 G Em me cans\u00e9 de vivir sin sentido de pensar solo en ti Am D7 G Si ma\u00f1ana me encuentras tal vez yendo [&hellip;]<\/p>\n","protected":false},"author":2,"featured_media":0,"comment_status":"closed","ping_status":"closed","sticky":false,"template":"","format":"standard","meta":[],"categories":[30,263],"tags":[2111,856,3271,1581,1475,3223,860,845,723,4865,3224,4147],"_links":{"self":[{"href":"https:\/\/www.tunaespana.es\/index.php?rest_route=\/wp\/v2\/posts\/26888"}],"collection":[{"href":"https:\/\/www.tunaespana.es\/index.php?rest_route=\/wp\/v2\/posts"}],"about":[{"href":"https:\/\/www.tunaespana.es\/index.php?rest_route=\/wp\/v2\/types\/post"}],"author":[{"embeddable":true,"href":"https:\/\/www.tunaespana.es\/index.php?rest_route=\/wp\/v2\/users\/2"}],"replies":[{"embeddable":true,"href":"https:\/\/www.tunaespana.es\/index.php?rest_route=%2Fwp%2Fv2%2Fcomments&post=26888"}],"version-history":[{"count":2,"href":"https:\/\/www.tunaespana.es\/index.php?rest_route=\/wp\/v2\/posts\/26888\/revisions"}],"predecessor-version":[{"id":26891,"href":"https:\/\/www.tunaespana.es\/index.php?rest_route=\/wp\/v2\/posts\/26888\/revisions\/26891"}],"wp:attachment":[{"href":"https:\/\/www.tunaespana.es\/index.php?rest_route=%2Fwp%2Fv2%2Fmedia&parent=26888"}],"wp:term":[{"taxonomy":"category","embeddable":true,"href":"https:\/\/www.tunaespana.es\/index.php?rest_route=%2Fwp%2Fv2%2Fcategories&post=26888"},{"taxonomy":"post_tag","embeddable":true,"href":"https:\/\/www.tunaespana.es\/index.php?rest_route=%2Fwp%2Fv2%2Ftags&post=26888"}],"curies":[{"name":"wp","href":"https:\/\/api.w.org\/{rel}","templated":true}]}}