{"id":27346,"date":"2014-07-09T18:40:05","date_gmt":"2014-07-09T18:40:05","guid":{"rendered":"http:\/\/www.tunaespana.es\/?p=27346"},"modified":"2014-07-16T17:01:45","modified_gmt":"2014-07-16T17:01:45","slug":"la-noche-es-nuestraacorde-guitarra-letra-tabladura-cancionero-tuna-bolerazo-xxxx","status":"publish","type":"post","link":"https:\/\/www.tunaespana.es\/?p=27346","title":{"rendered":"La Noche es nuestra,Acorde Guitarra, Letra Tabladura, Cancionero Tuna, Bolerazo, xxxx"},"content":{"rendered":"<h1 class=\"western\" style=\"font-style: normal; font-weight: normal; line-height: 0.5cm; widows: 2; orphans: 2;\" align=\"CENTER\"><span style=\"color: #000000;\"><span style=\"font-family: Georgia,Times New Roman,Bitstream Charter,Times,serif;\"><span style=\"font-size: xx-small;\"><span style=\"background: transparent;\">.<\/span><\/span><\/span><\/span><\/h1>\n<h1 class=\"western\" style=\"font-style: normal; font-weight: normal; line-height: 0.5cm; widows: 2; orphans: 2;\" align=\"CENTER\"><span style=\"color: #ff3366;\"> <span style=\"font-family: Georgia,Times New Roman,Bitstream Charter,Times,serif;\"><span style=\"font-size: xx-large;\"><span style=\"color: #ff0000;\">La Noche es nuestra<\/span><\/span><\/span><\/span><\/h1>\n<p><a href=\"http:\/\/www.tunaespana.es\/wp-content\/uploads\/2014\/07\/don-dudo-tunaespa\u00f1a-DD-cancionero-tuna-Tuna-Espa\u00f1a-Tuna-Medicina-Murcia802.jpg\"><img decoding=\"async\" loading=\"lazy\" class=\"aligncenter size-full wp-image-27278\" src=\"http:\/\/www.tunaespana.es\/wp-content\/uploads\/2014\/07\/don-dudo-tunaespa\u00f1a-DD-cancionero-tuna-Tuna-Espa\u00f1a-Tuna-Medicina-Murcia802.jpg\" alt=\"don-dudo-tunaespa\u00f1a-DD, cancionero tuna, Tuna Espa\u00f1a, Tuna Medicina Murcia,80\" width=\"263\" height=\"481\" srcset=\"https:\/\/www.tunaespana.es\/wp-content\/uploads\/2014\/07\/don-dudo-tunaespa\u00f1a-DD-cancionero-tuna-Tuna-Espa\u00f1a-Tuna-Medicina-Murcia802.jpg 263w, https:\/\/www.tunaespana.es\/wp-content\/uploads\/2014\/07\/don-dudo-tunaespa\u00f1a-DD-cancionero-tuna-Tuna-Espa\u00f1a-Tuna-Medicina-Murcia802-164x300.jpg 164w\" sizes=\"(max-width: 263px) 100vw, 263px\" \/><\/a><\/p>\n<h1 class=\"western\" style=\"font-weight: normal; line-height: 0.5cm; widows: 2; orphans: 2;\" align=\"CENTER\"><span style=\"color: #ffff99;\"><span style=\"font-size: medium;\">Autor:Musica Gabriel Ruiz, Letra Jose A. Zorilla , 1943<br \/>\n<\/span><\/span><\/h1>\n<h1 class=\"western\" style=\"font-weight: normal; line-height: 0.5cm; widows: 2; orphans: 2;\" align=\"CENTER\"><span style=\"color: #ffff99;\"><span style=\"font-size: medium;\">\u00a0<\/span><\/span><\/h1>\n<p style=\"line-height: 0.5cm; widows: 2; orphans: 2;\" align=\"CENTER\"><span style=\"color: #0000ff;\">Interpretan:<\/span><span style=\"color: #0000ff;\"><span style=\"font-size: medium;\"><span style=\"background: transparent;\"> Chela Campos, Orquesta Don Americo y sus Caribes, Canta Eduardo Farrel, Rondalla Tapat\u00eda<br \/>\n<\/span><\/span><\/span><\/p>\n<p style=\"margin-bottom: 0cm; font-style: normal; font-weight: normal; line-height: 0.5cm; widows: 2; orphans: 2;\" align=\"CENTER\"><span style=\"color: #ff00ff;\"><span style=\"font-family: Georgia,Times New Roman,Bitstream Charter,Times,serif;\"><span style=\"font-size: medium;\"><span style=\"background: transparent;\">Ritmo: <\/span><\/span><\/span><\/span><\/p>\n<p style=\"line-height: 0.5cm; widows: 2; orphans: 2;\" align=\"CENTER\"><span style=\"color: #00ff00;\">Don Dudo (TunaEspa\u00f1a)<\/span><\/p>\n<p style=\"margin-bottom: 0cm; font-style: normal; font-weight: normal; line-height: 0.5cm; widows: 2; orphans: 2;\" align=\"CENTER\"><span style=\"color: #0000ff;\"><span style=\"font-family: Georgia,Times New Roman,Bitstream Charter,Times,serif;\"><span style=\"font-size: small;\">[Tube]http:\/\/www.youtube.com\/watch?v=ISh4RuFsKig[\/Tube]<\/span><\/span><\/span><\/p>\n<p style=\"font-style: normal; font-weight: normal; line-height: 0.5cm; widows: 2; orphans: 2;\" align=\"CENTER\"><span style=\"color: #0000ff;\"><span style=\"font-family: Georgia,Times New Roman,Bitstream Charter,Times,serif;\"><span style=\"font-size: medium;\"><span style=\"background: transparent;\">.<\/span><\/span><\/span><\/span><\/p>\n<p style=\"margin-bottom: 0cm; text-align: left;\" align=\"LEFT\"><span style=\"color: #cc99ff;\">Se ha dicho que los sue\u00f1os, sue\u00f1os son..<\/span><\/p>\n<p style=\"margin-bottom: 0cm; text-align: left;\" align=\"LEFT\"><span style=\"color: #ffcc99;\">lam rem mi7 lam<\/span><\/p>\n<pre class=\"western\" style=\"text-align: left;\"><span style=\"color: #cc99ff;\">Sin embargo me puse a esperar, a esperar\r\n<span style=\"color: #ffcc99;\">rem             sol7          do        sibm<\/span>\r\nel milagro de ver que se junten los sue\u00f1os\r\n     <span style=\"color: #ffcc99;\">   mi  <\/span> \r\ncon la realidad....\r\n\r\nHoy como nunca la noche es nuestra ,\r\n<span style=\"color: #ffcc99;\">la               sibm      dom#<\/span>\r\nno te me vayas,d\u00e9jate amar .\r\n        <span style=\"color: #ffcc99;\"> La      fam#      sibm   <\/span>      \r\nEstamos juntos,estamos solos,\r\n         <span style=\"color: #ffcc99;\">  sibm         mi  <\/span> \r\nla noche es breve qui\u00e9reme m\u00e1s...\r\n <span style=\"color: #ffcc99;\"> sibm         mi          la\r\n<\/span>\r\nHunde tus dedos\r\n en mis cabellos,\r\ndame tu aliento, \r\ntu suspirar,\r\nla noche es nuestra, \r\nmi vida es tuya,\r\ntu boca es m\u00eda,\r\nb\u00e9same m\u00e1s....<\/span><\/pre>\n<p style=\"margin-bottom: 0cm; font-style: normal; font-weight: normal; line-height: 0.5cm; widows: 2; orphans: 2;\" align=\"CENTER\"><span style=\"color: #0000ff;\"><span style=\"font-family: Georgia,Times New Roman,Bitstream Charter,Times,serif;\"><span style=\"font-size: small;\">[Tube]http:\/\/www.youtube.com\/watch?v=K7qIRqG4twQ[\/Tube]<\/span><\/span><\/span><\/p>\n<p style=\"margin-bottom: 0cm; font-style: normal; font-weight: normal; line-height: 0.5cm; widows: 2; orphans: 2;\" align=\"CENTER\">.<\/p>\n<p style=\"margin-bottom: 0cm; font-style: normal; font-weight: normal; line-height: 0.5cm; widows: 2; orphans: 2;\" align=\"CENTER\"><span style=\"color: #00ff00;\">La Rondalla Tapat\u00eda interpreta La Noche Es Nuestra, del jalisciense Gabriel Ru\u00edz y el yucateco Jos\u00e9 Antonio Zorrilla &#8216;Monis&#8217;. (RcaVictor MKL-1719)<\/span><\/p>\n<p style=\"margin-bottom: 0cm; font-style: normal; font-weight: normal; line-height: 0.5cm; widows: 2; orphans: 2;\" align=\"CENTER\">.<\/p>\n<p style=\"margin-bottom: 0cm; font-style: normal; font-weight: normal; line-height: 0.5cm; widows: 2; orphans: 2;\" align=\"CENTER\"><a href=\"http:\/\/www.tunaespana.es\/wp-content\/uploads\/2014\/07\/TunaEspa\u00f1a-Tuna-Espa\u00f1a-Cancionero-Murcia-Canciones-de-tuna-Musica-de-Tuna-Catedral-Murcia-Don-Dudo-Ronda-La-Tuna.jpg\"><img decoding=\"async\" loading=\"lazy\" class=\"aligncenter size-full wp-image-27401\" src=\"http:\/\/www.tunaespana.es\/wp-content\/uploads\/2014\/07\/TunaEspa\u00f1a-Tuna-Espa\u00f1a-Cancionero-Murcia-Canciones-de-tuna-Musica-de-Tuna-Catedral-Murcia-Don-Dudo-Ronda-La-Tuna.jpg\" alt=\"TunaEspa\u00f1a, Tuna Espa\u00f1a, Cancionero Murcia, Canciones de tuna, Musica de Tuna, Catedral Murcia, Don Dudo, Ronda La Tuna\" width=\"715\" height=\"466\" srcset=\"https:\/\/www.tunaespana.es\/wp-content\/uploads\/2014\/07\/TunaEspa\u00f1a-Tuna-Espa\u00f1a-Cancionero-Murcia-Canciones-de-tuna-Musica-de-Tuna-Catedral-Murcia-Don-Dudo-Ronda-La-Tuna.jpg 715w, https:\/\/www.tunaespana.es\/wp-content\/uploads\/2014\/07\/TunaEspa\u00f1a-Tuna-Espa\u00f1a-Cancionero-Murcia-Canciones-de-tuna-Musica-de-Tuna-Catedral-Murcia-Don-Dudo-Ronda-La-Tuna-300x195.jpg 300w\" sizes=\"(max-width: 715px) 100vw, 715px\" \/><\/a><\/p>\n<p style=\"line-height: 0.5cm; widows: 2; orphans: 2;\" align=\"CENTER\"><span style=\"color: #cc99ff;\"><span style=\"font-family: Georgia,Times New Roman,Bitstream Charter,Times,serif;\"><span style=\"font-size: small;\"><span style=\"font-style: normal;\"><span style=\"font-weight: normal;\"><span style=\"background: none repeat scroll 0% 0% transparent;\">\u00a0<\/span><\/span><\/span><\/span><\/span><\/span><\/p>\n","protected":false},"excerpt":{"rendered":"<p>. La Noche es nuestra Autor:Musica Gabriel Ruiz, Letra Jose A. Zorilla , 1943 \u00a0 Interpretan: Chela Campos, Orquesta Don Americo y sus Caribes, Canta Eduardo Farrel, Rondalla Tapat\u00eda Ritmo: Don Dudo (TunaEspa\u00f1a) [Tube]http:\/\/www.youtube.com\/watch?v=ISh4RuFsKig[\/Tube] . Se ha dicho que los sue\u00f1os, sue\u00f1os son.. lam rem mi7 lam Sin embargo me puse a esperar, a esperar [&hellip;]<\/p>\n","protected":false},"author":2,"featured_media":0,"comment_status":"closed","ping_status":"closed","sticky":false,"template":"","format":"standard","meta":[],"categories":[274,30,263],"tags":[2111,856,3271,1581,1475,4192,3223,4178,4589,4190,860,4191,2024,723,4865,3224],"_links":{"self":[{"href":"https:\/\/www.tunaespana.es\/index.php?rest_route=\/wp\/v2\/posts\/27346"}],"collection":[{"href":"https:\/\/www.tunaespana.es\/index.php?rest_route=\/wp\/v2\/posts"}],"about":[{"href":"https:\/\/www.tunaespana.es\/index.php?rest_route=\/wp\/v2\/types\/post"}],"author":[{"embeddable":true,"href":"https:\/\/www.tunaespana.es\/index.php?rest_route=\/wp\/v2\/users\/2"}],"replies":[{"embeddable":true,"href":"https:\/\/www.tunaespana.es\/index.php?rest_route=%2Fwp%2Fv2%2Fcomments&post=27346"}],"version-history":[{"count":6,"href":"https:\/\/www.tunaespana.es\/index.php?rest_route=\/wp\/v2\/posts\/27346\/revisions"}],"predecessor-version":[{"id":27402,"href":"https:\/\/www.tunaespana.es\/index.php?rest_route=\/wp\/v2\/posts\/27346\/revisions\/27402"}],"wp:attachment":[{"href":"https:\/\/www.tunaespana.es\/index.php?rest_route=%2Fwp%2Fv2%2Fmedia&parent=27346"}],"wp:term":[{"taxonomy":"category","embeddable":true,"href":"https:\/\/www.tunaespana.es\/index.php?rest_route=%2Fwp%2Fv2%2Fcategories&post=27346"},{"taxonomy":"post_tag","embeddable":true,"href":"https:\/\/www.tunaespana.es\/index.php?rest_route=%2Fwp%2Fv2%2Ftags&post=27346"}],"curies":[{"name":"wp","href":"https:\/\/api.w.org\/{rel}","templated":true}]}}