{"id":27881,"date":"2014-09-22T16:13:31","date_gmt":"2014-09-22T16:13:31","guid":{"rendered":"http:\/\/www.tunaespana.es\/?p=27881"},"modified":"2014-09-22T16:18:32","modified_gmt":"2014-09-22T16:18:32","slug":"alineacorde-guitarra-letra-tabladura-cancionero-tuna-brasil","status":"publish","type":"post","link":"https:\/\/www.tunaespana.es\/?p=27881","title":{"rendered":"Aline,Acorde Guitarra, Letra Tabladura, Cancionero Tuna, Brasil"},"content":{"rendered":"<h1 class=\"western\" align=\"CENTER\"><span style=\"color: #000000;\"><span style=\"font-family: Georgia,Times New Roman,Bitstream Charter,Times,serif;\"><span style=\"font-size: xx-small;\">.<\/span><\/span><\/span><\/h1>\n<h1 class=\"western\" align=\"CENTER\"><span style=\"color: #ff3366;\"> <span style=\"font-size: xx-large;\"><span style=\"color: #ff0000;\"><span style=\"font-family: Georgia,Times New Roman,Bitstream Charter,Times,serif;\">Aline<\/span><\/span><\/span><\/span><\/h1>\n<p><a href=\"http:\/\/www.tunaespana.es\/wp-content\/uploads\/2014\/09\/TunaEspa\u00f1a-Tuna-Espa\u00f1a-Cancionero-Murcia-Canciones-de-tuna-Musica-de-Tuna-Tuna-Medicina-Murcia-Catedral-Murcia-Don-Patriarca2-tuna-universitaria.jpg\"><img decoding=\"async\" loading=\"lazy\" class=\"aligncenter size-full wp-image-27884\" src=\"http:\/\/www.tunaespana.es\/wp-content\/uploads\/2014\/09\/TunaEspa\u00f1a-Tuna-Espa\u00f1a-Cancionero-Murcia-Canciones-de-tuna-Musica-de-Tuna-Tuna-Medicina-Murcia-Catedral-Murcia-Don-Patriarca2-tuna-universitaria.jpg\" alt=\"TunaEspa\u00f1a-Tuna-Espa\u00f1a-Cancionero-Murcia-Canciones-de-tuna-Musica-de-Tuna-Tuna-Medicina-Murcia-Catedral-Murcia-Don-Patriarca,2 tuna universitaria\" width=\"641\" height=\"262\" srcset=\"https:\/\/www.tunaespana.es\/wp-content\/uploads\/2014\/09\/TunaEspa\u00f1a-Tuna-Espa\u00f1a-Cancionero-Murcia-Canciones-de-tuna-Musica-de-Tuna-Tuna-Medicina-Murcia-Catedral-Murcia-Don-Patriarca2-tuna-universitaria.jpg 641w, https:\/\/www.tunaespana.es\/wp-content\/uploads\/2014\/09\/TunaEspa\u00f1a-Tuna-Espa\u00f1a-Cancionero-Murcia-Canciones-de-tuna-Musica-de-Tuna-Tuna-Medicina-Murcia-Catedral-Murcia-Don-Patriarca2-tuna-universitaria-300x122.jpg 300w\" sizes=\"(max-width: 641px) 100vw, 641px\" \/><\/a><\/p>\n<h1 class=\"western\" align=\"CENTER\"><span style=\"color: #ffff99;\"><span style=\"font-size: medium;\">Autor: SALVATORE ADAMO,<\/span><\/span><\/h1>\n<p align=\"CENTER\"><span style=\"color: #0000ff;\">Interpretan:<\/span> <span style=\"color: #0000ff;\"><span style=\"font-family: Georgia,Times New Roman,Bitstream Charter,Times,serif;\"><span style=\"font-size: small;\">Agnaldo Timoteo, <\/span><\/span><\/span><span id=\"eow-title\" class=\"watch-title  \" dir=\"ltr\" title=\"Aline - Christophe\"><span style=\"color: #0000ff;\">Christophe,\u00a0SALVATORE ADAMO,<\/span> <\/span><\/p>\n<p align=\"CENTER\"><span style=\"color: #0000ff;\"><span style=\"font-family: Georgia,Times New Roman,Bitstream Charter,Times,serif;\"><span style=\"font-size: small;\">\u00a0<\/span><\/span><\/span><\/p>\n<p align=\"CENTER\"><span style=\"color: #ff00ff;\"><span style=\"font-family: Georgia,Times New Roman,Bitstream Charter,Times,serif;\"><span style=\"font-size: medium;\">Ritmo: <\/span><\/span><\/span><\/p>\n<p align=\"CENTER\"><span style=\"color: #00ff00;\">Don Dudo (TunaEspa\u00f1a)<\/span><\/p>\n<p align=\"CENTER\"><span style=\"color: #0000ff;\"><span style=\"font-family: Georgia,Times New Roman,Bitstream Charter,Times,serif;\"><span style=\"font-size: small;\">[Tube]https:\/\/www.youtube.com\/watch?v=te7QMdAWdCU[\/Tube]<\/span><\/span><\/span><\/p>\n<p align=\"CENTER\"><span style=\"color: #ff00ff;\"><span style=\"font-family: Georgia,Times New Roman,Bitstream Charter,Times,serif;\"><span style=\"font-size: small;\"><span style=\"font-size: 24pt;\"><strong>Version en Portugues<\/strong><\/span><br \/>\n<\/span><\/span><\/span><\/p>\n<pre class=\"cifra-mono\"><span style=\"color: #ff00ff;\">Introdu\u00e7\u00e3o: G  B7  C  D7\r\n\r\n <b class=\"_i0\">G<\/b>                  <b class=\"_i1\">B7<\/b>\r\n Ontem retornei a areia\r\n             <b class=\"_i2\">C<\/b>                     <b class=\"_i3\">D7<\/b>\r\n Branca e ardente e em v\u00e3o te esperei\r\n           <b class=\"_i4\">G<\/b>               <b class=\"_i5\">B7<\/b>\r\n Ouvi teu riso que era um gizo\r\n          <b class=\"_i6\">C<\/b>                     <b class=\"_i7\">D7<\/b>\r\n Que uma onda, trouxe aos meus p\u00e9s\r\n\r\n          <b class=\"_i8\">G<\/b>       <b class=\"_i9\">B7<\/b>    <b class=\"_i10\">C<\/b>            <b class=\"_i11\">D7<\/b>  }\r\n E eu chamei, chamei, Aline, estou aqui  } REFR\u00c3O\r\n          <b class=\"_i12\">G<\/b>       <b class=\"_i13\">B7<\/b>      <b class=\"_i14\">C<\/b>          <b class=\"_i15\">D7<\/b>  }\r\n E eu chorei, chorei, um mar, s\u00f3 por ti  }\r\n\r\n              <b class=\"_i16\">G<\/b>                <b class=\"_i17\">B7<\/b>\r\n Risquei na areia o teu rosto lindo\r\n            <b class=\"_i18\">C<\/b>                <b class=\"_i19\">D7<\/b>\r\n Sempre sorrindo, talvez de mim\r\n         <b class=\"_i20\">G<\/b>              <b class=\"_i21\">B7<\/b>\r\n A onda mansa, tudo apagou\r\n              <b class=\"_i22\">C<\/b>                <b class=\"_i23\">D7<\/b>\r\n Mesmo a esperan\u00e7a de te encontrar\r\n\r\n\u2022 REFR\u00c3O\r\n\r\n          <b class=\"_i24\">G<\/b>                 <b class=\"_i25\">B7<\/b>\r\n Segui ouvindo, um sino ao longe\r\n           <b class=\"_i26\">C<\/b>                <b class=\"_i27\">D7<\/b>\r\n Que anunciava, outro amanhecer\r\n<\/span><\/pre>\n<p align=\"CENTER\"><span style=\"color: #0000ff;\"><span style=\"font-family: Georgia,Times New Roman,Bitstream Charter,Times,serif;\"><span style=\"font-size: small;\">[Tube]https:\/\/www.youtube.com\/watch?v=uVDrqfEqaSg[\/Tube]<\/span><\/span><\/span><\/p>\n<pre class=\"cifra-mono\"><span style=\"color: #ff00ff;\">\r\n\r\n<span style=\"font-size: 24pt;\"><strong><span style=\"color: #ffcc00;\">Version Original <\/span><\/strong><\/span>\r\n<span style=\"color: #ffcc00;\">J'avais dessine sur le sable<\/span>\r\n<span style=\"color: #ffcc00;\">son doux visage<\/span>\r\n<span style=\"color: #ffcc00;\">qui me souriait<\/span>\r\n<span style=\"color: #ffcc00;\">puis il a plu sur cette plage<\/span>\r\n<span style=\"color: #ffcc00;\">dans cet orage elle a disparu<\/span>\r\n\r\n<span style=\"color: #ffcc00;\">Et j'ai cri\u00e9, cri\u00e9, Aline! Faut quelle revienne<\/span>\r\n<span style=\"color: #ffcc00;\">et j'ai pleur\u00e9, pleur\u00e9, Oh j'avais trop de peine<\/span>\r\n\r\n<span style=\"color: #ffcc00;\">Je me suis assis aupr\u00e8s de son \u00e2me<\/span>\r\n<span style=\"color: #ffcc00;\">mais la belle dame c\u00e8tait enfuie<\/span>\r\n<span style=\"color: #ffcc00;\">je lai cherch\u00e9e sans plus y croire<\/span>\r\n<span style=\"color: #ffcc00;\">et sans un espoir pour me guider<\/span>\r\n \r\n<span style=\"color: #ffcc00;\">Et j'ai cri\u00e9, cri\u00e9, Aline! Pour quelle revienne<\/span>\r\n<span style=\"color: #ffcc00;\">et j'ai pleur\u00e9, pleur\u00e9, Oh j'avais trop de peine<\/span>\r\n\r\n<span style=\"color: #ffcc00;\">Je nai gard\u00e9 que ce doux visage<\/span>\r\n<span style=\"color: #ffcc00;\">comme une \u00e9pave sur le sable mouill\u00e9<\/span>\r\n\r\n<span style=\"color: #ffcc00;\">Et jai cri\u00e9, cri\u00e9, Aline! Faut quelle revienne<\/span>\r\n<span style=\"color: #ffcc00;\">Et jai pleur\u00e9, pleur\u00e9, Oh j'avais trop de peine<\/span>\r\n<span style=\"color: #ffcc00;\">Et jai cri\u00e9, cri\u00e9, Aline! Faut quelle revienne<\/span>\r\n<span style=\"color: #ffcc00;\">Et jai pleur\u00e9, pleur\u00e9, Oh j'avais trop de peine<\/span>\r\n<span style=\"color: #ffcc00;\">Et jai cri\u00e9, cri\u00e9, Aline! Faut quelle revienne<\/span>\r\n<span style=\"color: #ffcc00;\">Et jai pleur\u00e9, pleur\u00e9, Oh j'avais trop de peine\r\n<a href=\"http:\/\/www.tunaespana.es\/wp-content\/uploads\/2014\/09\/Tuna-Universitaria-Tuna-de-Espana-Concejal-cancionero-tuna-Universitaria-Musica-tuna.jpg\"><img decoding=\"async\" loading=\"lazy\" class=\"aligncenter size-full wp-image-27882\" src=\"http:\/\/www.tunaespana.es\/wp-content\/uploads\/2014\/09\/Tuna-Universitaria-Tuna-de-Espana-Concejal-cancionero-tuna-Universitaria-Musica-tuna.jpg\" alt=\"Tuna-Universitaria-Tuna-de-Espana-Concejal-cancionero-tuna Universitaria, Musica tuna\" width=\"603\" height=\"293\" srcset=\"https:\/\/www.tunaespana.es\/wp-content\/uploads\/2014\/09\/Tuna-Universitaria-Tuna-de-Espana-Concejal-cancionero-tuna-Universitaria-Musica-tuna.jpg 603w, https:\/\/www.tunaespana.es\/wp-content\/uploads\/2014\/09\/Tuna-Universitaria-Tuna-de-Espana-Concejal-cancionero-tuna-Universitaria-Musica-tuna-300x145.jpg 300w\" sizes=\"(max-width: 603px) 100vw, 603px\" \/><\/a>\r\n\r\n<strong><span style=\"color: #ccffcc; font-size: 24pt;\">Version en Espa\u00f1ol<\/span><\/strong>\r\n<\/span><\/span><\/pre>\n<pre><span style=\"color: #ccffcc;\">        <a style=\"color: #ccffcc;\">D<\/a>\r\nElla se marcho\r\n                <a style=\"color: #ccffcc;\">Bm<\/a>\r\nenvuelta en su pena\r\n                <a style=\"color: #ccffcc;\">G<\/a>\r\ncuando mas la amaba\r\n               <a style=\"color: #ccffcc;\">A<\/a>\r\nse fue y me dejo.\r\n            <a style=\"color: #ccffcc;\">D<\/a>\r\nAmigos perdon\r\n                  <a style=\"color: #ccffcc;\">Bm<\/a>\r\nsi es que estoy llorando\r\n              <a style=\"color: #ccffcc;\">G<\/a>\r\nestoy recordando\r\n               <a style=\"color: #ccffcc;\">A<\/a>\r\nmi mas grande amor.\r\n\r\n         <a style=\"color: #ccffcc;\">D<\/a>      <a style=\"color: #ccffcc;\">G<\/a>\r\nY le grite: Aline\r\n  <a style=\"color: #ccffcc;\">A<\/a>             <a style=\"color: #ccffcc;\">D<\/a>\r\nAline regresa a mi\r\n            <a style=\"color: #ccffcc;\">D<\/a>\r\nYo te implore\r\n      <a style=\"color: #ccffcc;\">G<\/a>        <a style=\"color: #ccffcc;\">A<\/a>\r\ny llore otra vez\r\n      <a style=\"color: #ccffcc;\">D<\/a>\r\nperdoname\r\n\r\n         <a style=\"color: #ccffcc;\">D<\/a>\r\nSolo el mar\r\n             <a style=\"color: #ccffcc;\">Bm<\/a>\r\nescucho mi llanto\r\n            <a style=\"color: #ccffcc;\">G<\/a>\r\ny con su canto\r\n         <a style=\"color: #ccffcc;\">A<\/a>\r\ndesaparecio\r\n            <a style=\"color: #ccffcc;\">D<\/a>\r\nYo, yo la dibuje\r\n            <a style=\"color: #ccffcc;\">Bm<\/a>\r\nsobre la arena\r\n           <a style=\"color: #ccffcc;\">G<\/a>\r\nsu bella cara\r\n            <a style=\"color: #ccffcc;\">A<\/a>\r\nsonriendo a mi, a mi\r\n\r\nY le grite...\r\n\r\nRecitado:\r\n\r\n&gt;&gt;Y ahora estoy aqui triste y solo pensando en ti&gt;&gt;\r\n\r\ny le grite Aline....\r\n\r\nfin\r\n<\/span><\/pre>\n","protected":false},"excerpt":{"rendered":"<p>. Aline Autor: SALVATORE ADAMO, Interpretan: Agnaldo Timoteo, Christophe,\u00a0SALVATORE ADAMO, \u00a0 Ritmo: Don Dudo (TunaEspa\u00f1a) [Tube]https:\/\/www.youtube.com\/watch?v=te7QMdAWdCU[\/Tube] Version en Portugues Introdu\u00e7\u00e3o: G B7 C D7 G B7 Ontem retornei a areia C D7 Branca e ardente e em v\u00e3o te esperei G B7 Ouvi teu riso que era um gizo C D7 Que uma onda, trouxe [&hellip;]<\/p>\n","protected":false},"author":2,"featured_media":0,"comment_status":"closed","ping_status":"closed","sticky":false,"template":"","format":"standard","meta":[],"categories":[42,263],"tags":[2111,856,4230,3271,4227,1581,1475,3223,4247,860,2789,723,4865,3224],"_links":{"self":[{"href":"https:\/\/www.tunaespana.es\/index.php?rest_route=\/wp\/v2\/posts\/27881"}],"collection":[{"href":"https:\/\/www.tunaespana.es\/index.php?rest_route=\/wp\/v2\/posts"}],"about":[{"href":"https:\/\/www.tunaespana.es\/index.php?rest_route=\/wp\/v2\/types\/post"}],"author":[{"embeddable":true,"href":"https:\/\/www.tunaespana.es\/index.php?rest_route=\/wp\/v2\/users\/2"}],"replies":[{"embeddable":true,"href":"https:\/\/www.tunaespana.es\/index.php?rest_route=%2Fwp%2Fv2%2Fcomments&post=27881"}],"version-history":[{"count":5,"href":"https:\/\/www.tunaespana.es\/index.php?rest_route=\/wp\/v2\/posts\/27881\/revisions"}],"predecessor-version":[{"id":27888,"href":"https:\/\/www.tunaespana.es\/index.php?rest_route=\/wp\/v2\/posts\/27881\/revisions\/27888"}],"wp:attachment":[{"href":"https:\/\/www.tunaespana.es\/index.php?rest_route=%2Fwp%2Fv2%2Fmedia&parent=27881"}],"wp:term":[{"taxonomy":"category","embeddable":true,"href":"https:\/\/www.tunaespana.es\/index.php?rest_route=%2Fwp%2Fv2%2Fcategories&post=27881"},{"taxonomy":"post_tag","embeddable":true,"href":"https:\/\/www.tunaespana.es\/index.php?rest_route=%2Fwp%2Fv2%2Ftags&post=27881"}],"curies":[{"name":"wp","href":"https:\/\/api.w.org\/{rel}","templated":true}]}}