{"id":2876,"date":"2011-07-17T09:22:39","date_gmt":"2011-07-17T09:22:39","guid":{"rendered":"http:\/\/www.tunaespana.com\/wp\/?p=2876"},"modified":"2020-10-10T11:17:54","modified_gmt":"2020-10-10T11:17:54","slug":"marimba-la-acorde-guitarra-letra-musicatuna","status":"publish","type":"post","link":"https:\/\/www.tunaespana.es\/?p=2876","title":{"rendered":"La Marimba   ,Acorde Guitarra, Letra Tabladura, Cancionero Tuna"},"content":{"rendered":"<p>&nbsp;<\/p>\n<p style=\"text-align: center;\"><span style=\"color: #ff0000; font-size: x-large;\">La Marimba <\/span><\/p>\n<p style=\"text-align: center;\"><span style=\"color: #ffff00; font-size: medium;\">Autor:\u00a0 Agustin Lara<\/span><\/p>\n<blockquote class=\"embedly-card\" data-card-controls=\"1\" data-card-align=\"center\" data-card-theme=\"light\">\n<h4><a href=\"https:\/\/www.youtube.com\/watch?v=e-OOgH7Dnpk&#038;feature=youtu.be\">DonDudo &#038; La Marimba &#038; Agust\u00edn Lara &#038; Bolero<\/a><\/h4>\n<p>M\u00fasica y Letra del legendario compositor Agust\u00edn Lara, t\u00edo materno de nuestro muy querido y entra\u00f1able \u00abRafael Basurto Lara\u00bb \u00faltima voz solista del m\u00edtico \u00abT&#8230;<\/p>\n<\/blockquote>\n<p><script async src=\"\/\/cdn.embedly.com\/widgets\/platform.js\" charset=\"UTF-8\"><\/script><\/p>\n<p style=\"text-align: center;\"><span style=\"color: #0000ff; font-size: medium;\">Interpretan:\u00a0\u00a0Trio Los Panchos, Hermanos Michel, Lola Beltran, Eva Garza, Rondalla Tapatia, Enrique Chia<br \/>\n<\/span><\/p>\n<p style=\"text-align: center;\"><span style=\"color: #00ff00; font-size: medium;\">Tuna Espa\u00f1a (Don Dudo) \u00a0 \u00a0 www.TunaEspana.com \u00a0 \u00a0www.TunaEspa\u00f1a.es<\/span><\/p>\n<p style=\"text-align: center;\"><span style=\"color: #ffcc00; font-size: medium;\">Ritmo: \u00a0bolero<\/span><\/p>\n<p>&nbsp;<\/p>\n<p style=\"text-align: center;\">.<\/p>\n<p style=\"text-align: center;\"><a href=\"http:\/\/www.tunaespana.es\/wp-content\/uploads\/2011\/07\/tuna-universitaria-cancionero-tuna-tunas-espa\u00f1olastuna-espa\u00f1a-catedral-murcia09-dism-estudiantina-Do\u00f1a-Pilar-de-la-cierva-canciones-de-tuna.jpg\"><img decoding=\"async\" loading=\"lazy\" class=\"aligncenter size-full wp-image-20711\" src=\"http:\/\/www.tunaespana.es\/wp-content\/uploads\/2011\/07\/tuna-universitaria-cancionero-tuna-tunas-espa\u00f1olastuna-espa\u00f1a-catedral-murcia09-dism-estudiantina-Do\u00f1a-Pilar-de-la-cierva-canciones-de-tuna.jpg\" alt=\"tuna universitaria, cancionero tuna, tunas espa\u00f1olas,tuna espa\u00f1a, catedral murcia,09, dism, estudiantina, Do\u00f1a Pilar de la cierva, canciones de tuna\" width=\"651\" height=\"364\" srcset=\"https:\/\/www.tunaespana.es\/wp-content\/uploads\/2011\/07\/tuna-universitaria-cancionero-tuna-tunas-espa\u00f1olastuna-espa\u00f1a-catedral-murcia09-dism-estudiantina-Do\u00f1a-Pilar-de-la-cierva-canciones-de-tuna.jpg 651w, https:\/\/www.tunaespana.es\/wp-content\/uploads\/2011\/07\/tuna-universitaria-cancionero-tuna-tunas-espa\u00f1olastuna-espa\u00f1a-catedral-murcia09-dism-estudiantina-Do\u00f1a-Pilar-de-la-cierva-canciones-de-tuna-300x167.jpg 300w\" sizes=\"(max-width: 651px) 100vw, 651px\" \/><\/a><\/p>\n<p><span style=\"color: #ffcc00; font-size: medium;\"><br \/>\n<\/span><\/p>\n<pre><span style=\"color: #cc99ff; font-size: large;\">G   Gdim  G                               Bdim    Am\r\nOye la  marimba, c\u00f3mo se cimbra cuando canta para t\u00ed,\r\n\r\nD7  Am   D7                          Am    D7      G Gdim Am D7\r\noye c\u00f3mo suena, c\u00f3mo su pena se transforma en frenes\u00ed.\r\n\r\nG    Gdim G                        E7             Am\r\nMira c\u00f3mo llora, como rumora la canci\u00f3n que yo te d\u00ed,\r\n\r\nC   D7   G     E7        Am            D7         G\r\noye la marimba,  c\u00f3mo se cimbra cuando canta para t\u00ed.\r\n\r\n.<a href=\"https:\/\/www.tunaespana.es\/?attachment_id=34690\" rel=\"attachment wp-att-34690\"><img decoding=\"async\" loading=\"lazy\" class=\"aligncenter size-full wp-image-34690\" src=\"https:\/\/www.tunaespana.es\/wp-content\/uploads\/2011\/07\/TunaEspa\u00f1a-Tuna-Espa\u00f1a-Tuna-Universitaria-Cancionero-Tuna-Juntamento-Musica-tuna-17dism-musica-de-tuna-Don-DudoCarlos-Espinosa-Celdran.jpg\" alt=\"TunaEspa\u00f1a-Tuna-Espa\u00f1a-Tuna-Universitaria-Cancionero-Tuna-Juntamento-Musica-tuna-17dism-musica-de-tuna-Don-Dudo,Carlos Espinosa Celdran\" width=\"639\" height=\"480\" srcset=\"https:\/\/www.tunaespana.es\/wp-content\/uploads\/2011\/07\/TunaEspa\u00f1a-Tuna-Espa\u00f1a-Tuna-Universitaria-Cancionero-Tuna-Juntamento-Musica-tuna-17dism-musica-de-tuna-Don-DudoCarlos-Espinosa-Celdran.jpg 639w, https:\/\/www.tunaespana.es\/wp-content\/uploads\/2011\/07\/TunaEspa\u00f1a-Tuna-Espa\u00f1a-Tuna-Universitaria-Cancionero-Tuna-Juntamento-Musica-tuna-17dism-musica-de-tuna-Don-DudoCarlos-Espinosa-Celdran-300x225.jpg 300w\" sizes=\"(max-width: 639px) 100vw, 639px\" \/><\/a>\r\n\r\n<span style=\"font-size: 24px; color: #ff00ff;\"><strong>Tono LA<\/strong><\/span>\r\n<\/span><\/pre>\n<pre><span style=\"color: #ff00ff;\"><a><span style=\"color: #ff00ff;\">A<\/span><\/a>   <a><span style=\"color: #ff00ff;\">Adim<\/span><\/a>  <a><span style=\"color: #ff00ff;\">A<\/span><\/a>                                    <a><span style=\"color: #ff00ff;\">Edim<\/span><\/a>  <a><span style=\"color: #ff00ff;\">Bm<\/span><\/a>\r\nOye la  marimba, c\u00f3mo se cimbra cuando canta   para  t\u00ed,\r\n\r\n<a><span style=\"color: #ff00ff;\">E7<\/span><\/a>  <a><span style=\"color: #ff00ff;\">Bm<\/span><\/a>   <a><span style=\"color: #ff00ff;\">E7<\/span><\/a>                          <a><span style=\"color: #ff00ff;\">Bm<\/span><\/a>       <a><span style=\"color: #ff00ff;\">E7<\/span><\/a>   <a><span style=\"color: #ff00ff;\">A<\/span><\/a>  <a><span style=\"color: #ff00ff;\">Edim<\/span><\/a> <a><span style=\"color: #ff00ff;\">Bm<\/span><\/a> <a><span style=\"color: #ff00ff;\">E7<\/span><\/a>\r\noye c\u00f3mo suena, c\u00f3mo su pena se transforma en frenes\u00ed;\r\n\r\n<a><span style=\"color: #ff00ff;\">A<\/span><\/a>    <a><span style=\"color: #ff00ff;\">Adim<\/span><\/a> <a><span style=\"color: #ff00ff;\">A<\/span><\/a>                        <a><span style=\"color: #ff00ff;\">F#7<\/span><\/a>            <a><span style=\"color: #ff00ff;\">Bm<\/span><\/a> <a><span style=\"color: #ff00ff;\">Edim<\/span><\/a> <a><span style=\"color: #ff00ff;\">Bm<\/span><\/a>\r\nmira c\u00f3mo llora, como rumora la canci\u00f3n que yo te d\u00ed,\r\n\r\n<a><span style=\"color: #ff00ff;\">D<\/span><\/a>   <a><span style=\"color: #ff00ff;\">E7<\/span><\/a>   <a><span style=\"color: #ff00ff;\">A<\/span><\/a>     <a><span style=\"color: #ff00ff;\">G7<\/span><\/a> <a><span style=\"color: #ff00ff;\">F#7<\/span><\/a>         <a><span style=\"color: #ff00ff;\">Bm<\/span><\/a>             <a><span style=\"color: #ff00ff;\">E7<\/span><\/a>         <a><span style=\"color: #ff00ff;\">A<\/span><\/a>\r\noye la marimba,       c\u00f3mo se cimbra, cuando canta para t\u00ed.\r\n\r\n<a><span style=\"color: #ff00ff;\">A<\/span><\/a>    <a><span style=\"color: #ff00ff;\">Adim<\/span><\/a> <a><span style=\"color: #ff00ff;\">A<\/span><\/a>                        <a><span style=\"color: #ff00ff;\">F#7<\/span><\/a>            <a><span style=\"color: #ff00ff;\">Bm<\/span><\/a> <a><span style=\"color: #ff00ff;\">Edim<\/span><\/a> <a><span style=\"color: #ff00ff;\">Bm<\/span><\/a>\r\nmira c\u00f3mo llora, como rumora la canci\u00f3n que yo te d\u00ed,\r\n\r\n<a><span style=\"color: #ff00ff;\">D<\/span><\/a>   <a><span style=\"color: #ff00ff;\">E7<\/span><\/a>   <a><span style=\"color: #ff00ff;\">A<\/span><\/a>     <a><span style=\"color: #ff00ff;\">G7<\/span><\/a> <a><span style=\"color: #ff00ff;\">F#7<\/span><\/a>         <a><span style=\"color: #ff00ff;\">Bm<\/span><\/a>             <a><span style=\"color: #ff00ff;\">E7<\/span><\/a>         <a><span style=\"color: #ff00ff;\">A<\/span><\/a>  <a><span style=\"color: #ff00ff;\">E7<\/span><\/a> <a><span style=\"color: #ff00ff;\">A<\/span><\/a>\r\noye la marimba,       c\u00f3mo se cimbra, cuando canta para t\u00ed.\r\n<a href=\"https:\/\/www.tunaespana.es\/?attachment_id=34691\" rel=\"attachment wp-att-34691\"><img decoding=\"async\" loading=\"lazy\" class=\"aligncenter size-full wp-image-34691\" src=\"https:\/\/www.tunaespana.es\/wp-content\/uploads\/2011\/07\/TunaEspa\u00f1a-Carlos-Espinosa-Celdran-Don-Dudo-Virgen-de-las-Angustias-Granada-Juntamento.jpg\" alt=\"TunaEspa\u00f1a-Carlos-Espinosa-Celdran-Don-Dudo-Virgen-de-las-Angustias-Granada , Juntamento\" width=\"730\" height=\"487\" srcset=\"https:\/\/www.tunaespana.es\/wp-content\/uploads\/2011\/07\/TunaEspa\u00f1a-Carlos-Espinosa-Celdran-Don-Dudo-Virgen-de-las-Angustias-Granada-Juntamento.jpg 730w, https:\/\/www.tunaespana.es\/wp-content\/uploads\/2011\/07\/TunaEspa\u00f1a-Carlos-Espinosa-Celdran-Don-Dudo-Virgen-de-las-Angustias-Granada-Juntamento-300x200.jpg 300w\" sizes=\"(max-width: 730px) 100vw, 730px\" \/><\/a>\r\n<\/span><\/pre>\n<pre><span style=\"color: #cc99ff; font-size: large;\">\u00a0<\/span><\/pre>\n","protected":false},"excerpt":{"rendered":"<p>&nbsp; La Marimba Autor:\u00a0 Agustin Lara DonDudo &#038; La Marimba &#038; Agust\u00edn Lara &#038; Bolero M\u00fasica y Letra del legendario compositor Agust\u00edn Lara, t\u00edo materno de nuestro muy querido y entra\u00f1able \u00abRafael Basurto Lara\u00bb \u00faltima voz solista del m\u00edtico \u00abT&#8230; Interpretan:\u00a0\u00a0Trio Los Panchos, Hermanos Michel, Lola Beltran, Eva Garza, Rondalla Tapatia, Enrique Chia Tuna Espa\u00f1a [&hellip;]<\/p>\n","protected":false},"author":2,"featured_media":0,"comment_status":"closed","ping_status":"closed","sticky":false,"template":"","format":"standard","meta":[],"categories":[48,88,274,30,242,171,263],"tags":[806,4836,2618,2605,2617,750,2024],"_links":{"self":[{"href":"https:\/\/www.tunaespana.es\/index.php?rest_route=\/wp\/v2\/posts\/2876"}],"collection":[{"href":"https:\/\/www.tunaespana.es\/index.php?rest_route=\/wp\/v2\/posts"}],"about":[{"href":"https:\/\/www.tunaespana.es\/index.php?rest_route=\/wp\/v2\/types\/post"}],"author":[{"embeddable":true,"href":"https:\/\/www.tunaespana.es\/index.php?rest_route=\/wp\/v2\/users\/2"}],"replies":[{"embeddable":true,"href":"https:\/\/www.tunaespana.es\/index.php?rest_route=%2Fwp%2Fv2%2Fcomments&post=2876"}],"version-history":[{"count":10,"href":"https:\/\/www.tunaespana.es\/index.php?rest_route=\/wp\/v2\/posts\/2876\/revisions"}],"predecessor-version":[{"id":34692,"href":"https:\/\/www.tunaespana.es\/index.php?rest_route=\/wp\/v2\/posts\/2876\/revisions\/34692"}],"wp:attachment":[{"href":"https:\/\/www.tunaespana.es\/index.php?rest_route=%2Fwp%2Fv2%2Fmedia&parent=2876"}],"wp:term":[{"taxonomy":"category","embeddable":true,"href":"https:\/\/www.tunaespana.es\/index.php?rest_route=%2Fwp%2Fv2%2Fcategories&post=2876"},{"taxonomy":"post_tag","embeddable":true,"href":"https:\/\/www.tunaespana.es\/index.php?rest_route=%2Fwp%2Fv2%2Ftags&post=2876"}],"curies":[{"name":"wp","href":"https:\/\/api.w.org\/{rel}","templated":true}]}}