{"id":2894,"date":"2011-07-17T10:17:45","date_gmt":"2011-07-17T10:17:45","guid":{"rendered":"http:\/\/www.tunaespana.com\/wp\/?p=2894"},"modified":"2014-01-21T19:10:01","modified_gmt":"2014-01-21T19:10:01","slug":"noche-criolla-acorde-guitarra-letra-musicatuna","status":"publish","type":"post","link":"https:\/\/www.tunaespana.es\/?p=2894","title":{"rendered":"Noche Criolla,Acorde Guitarra, Letra Tabladura, Cancionero Tuna,Bolero, xx"},"content":{"rendered":"<pre><\/pre>\n<h1 align=\"CENTER\"><span style=\"color: #000000;\"><span style=\"font-family: Georgia,Times New Roman,Bitstream Charter,Times,serif;\"><span style=\"font-size: xx-small;\">.<\/span><\/span><\/span><\/h1>\n<h1 align=\"CENTER\"><span style=\"color: #ff3366;\"> <span style=\"font-family: Georgia,Times New Roman,Bitstream Charter,Times,serif;\"><span style=\"font-size: xx-large;\"><span style=\"color: #ff0000;\">Noche Criolla<\/span><\/span><\/span><\/span><\/h1>\n<p align=\"CENTER\"><span style=\"color: #ffff00;\"><span style=\"font-family: Georgia,Times New Roman,Bitstream Charter,Times,serif;\"><span style=\"font-size: medium;\">Autor: Agustin Lara<\/span><\/span><\/span><\/p>\n<p align=\"CENTER\"><a href=\"http:\/\/www.tunaespana.es\/wp-content\/uploads\/2011\/07\/Tuna-Espa\u00f1a-Tunas-De-Espa\u00f1a-Cancionero-Tuna-Canciones-de-Tuna-Estudiantinas-Universitarias-05dism-Don-Dudo-Censo-mundial-Tunas-tunos.comBuen-Tunarcertamen-tuna.jpg\"><img decoding=\"async\" loading=\"lazy\" class=\"aligncenter size-full wp-image-23417\" alt=\"Tuna Espa\u00f1a, Tunas De Espa\u00f1a, Cancionero Tuna, Canciones de Tuna, Estudiantinas Universitarias, 05,dism, Don Dudo, Censo mundial Tunas, tunos.com,Buen Tunar,,certamen tuna\" src=\"http:\/\/www.tunaespana.es\/wp-content\/uploads\/2011\/07\/Tuna-Espa\u00f1a-Tunas-De-Espa\u00f1a-Cancionero-Tuna-Canciones-de-Tuna-Estudiantinas-Universitarias-05dism-Don-Dudo-Censo-mundial-Tunas-tunos.comBuen-Tunarcertamen-tuna.jpg\" width=\"669\" height=\"299\" srcset=\"https:\/\/www.tunaespana.es\/wp-content\/uploads\/2011\/07\/Tuna-Espa\u00f1a-Tunas-De-Espa\u00f1a-Cancionero-Tuna-Canciones-de-Tuna-Estudiantinas-Universitarias-05dism-Don-Dudo-Censo-mundial-Tunas-tunos.comBuen-Tunarcertamen-tuna.jpg 669w, https:\/\/www.tunaespana.es\/wp-content\/uploads\/2011\/07\/Tuna-Espa\u00f1a-Tunas-De-Espa\u00f1a-Cancionero-Tuna-Canciones-de-Tuna-Estudiantinas-Universitarias-05dism-Don-Dudo-Censo-mundial-Tunas-tunos.comBuen-Tunarcertamen-tuna-300x134.jpg 300w\" sizes=\"(max-width: 669px) 100vw, 669px\" \/><\/a><\/p>\n<p align=\"CENTER\"><span style=\"color: #0000ff;\">Interpretan: TunaEspa\u00f1a, Trio Irakitan,Javier Solis, To\u00f1a La Negra, Trio Los Panchos, Amparo Montes<\/span><\/p>\n<p align=\"CENTER\"><span style=\"color: #00ff00;\">TunaEspa\u00f1a (Don Dudo) www.TunaEspa\u00f1a.es \u00a0 <\/span><\/p>\n<p align=\"CENTER\"><span style=\"color: #ff00ff;\"><span style=\"font-family: Georgia,Times New Roman,Bitstream Charter,Times,serif;\"><span style=\"font-size: medium;\">Ritmo:Bolero<\/span><\/span><\/span><\/p>\n<p align=\"CENTER\"><span style=\"color: #0000ff;\"><span style=\"font-family: Georgia,Times New Roman,Bitstream Charter,Times,serif;\"><span style=\"font-size: medium;\">[Tube]http:\/\/www.youtube.com\/watch?v=OB4djHaQgFc[\/Tube]<\/span><\/span><\/span><\/p>\n<p align=\"CENTER\"><span style=\"color: #0000ff;\"><span style=\"font-family: Georgia,Times New Roman,Bitstream Charter,Times,serif;\"><span style=\"font-size: medium;\">.<\/span><\/span><\/span><\/p>\n<p align=\"CENTER\"><span style=\"color: #ffcc99;\"><span style=\"font-family: Georgia,Times New Roman,Bitstream Charter,Times,serif;\"><span style=\"font-size: small;\"> La mulata veracruzana se convirti\u00f3 en la int\u00e9rprete oficial del maestro Agustin Lara.\u00a0 Estrenaron\u00a0 extraordinarias canciones como: Por qu\u00e9 negar, Cumbanch\u00e1, Oraci\u00f3n Caribe, Noche criolla, Palmeras, La clave azul.\u00a0<\/span><\/span><\/span><\/p>\n<p>&nbsp;<\/p>\n<pre><span style=\"color: #cc99ff; font-size: large;\">Dm                            Gm\r\nNoche tibia y callada de Veracruz\r\n                A7                    Dm\r\nCuento de pescadores, que arrulla el mar\r\n D7                              Gm\r\nVibraci\u00f3n de cocuyos que con su luz\r\n Dm             E7             A7\r\nBorda de lentejuelas la oscuridad\r\n Gm              Dm    A7        D\r\nBorda, de lentejuelas, la oscuridad\r\n\r\n            A7                  D\r\nNoche tropical, l\u00e1nguida y sensual\r\n                                 A7\r\nNoche que se desmaya sobre la  arena\r\n                             Aaug  D\r\nMientras canta la playa su in\u00fatil pena\r\n             A7              D\r\nNoche, tropical, cielo de tis\u00fa\r\n                                  A7\r\nTienes la sombra de una mirada criolla\r\n               D    A#            D\r\nNoche de Veracruz, noche de Veracruz<\/span><\/pre>\n","protected":false},"excerpt":{"rendered":"<p>. Noche Criolla Autor: Agustin Lara Interpretan: TunaEspa\u00f1a, Trio Irakitan,Javier Solis, To\u00f1a La Negra, Trio Los Panchos, Amparo Montes TunaEspa\u00f1a (Don Dudo) www.TunaEspa\u00f1a.es \u00a0 Ritmo:Bolero [Tube]http:\/\/www.youtube.com\/watch?v=OB4djHaQgFc[\/Tube] . La mulata veracruzana se convirti\u00f3 en la int\u00e9rprete oficial del maestro Agustin Lara.\u00a0 Estrenaron\u00a0 extraordinarias canciones como: Por qu\u00e9 negar, Cumbanch\u00e1, Oraci\u00f3n Caribe, Noche criolla, Palmeras, La clave [&hellip;]<\/p>\n","protected":false},"author":2,"featured_media":0,"comment_status":"closed","ping_status":"closed","sticky":false,"template":"","format":"standard","meta":[],"categories":[48,88,144,274,153,242,28,289,148,171,263],"tags":[2111,856,806,4729,3271,1581,1475,3223,4618,860,774,758,723,4865,3224],"_links":{"self":[{"href":"https:\/\/www.tunaespana.es\/index.php?rest_route=\/wp\/v2\/posts\/2894"}],"collection":[{"href":"https:\/\/www.tunaespana.es\/index.php?rest_route=\/wp\/v2\/posts"}],"about":[{"href":"https:\/\/www.tunaespana.es\/index.php?rest_route=\/wp\/v2\/types\/post"}],"author":[{"embeddable":true,"href":"https:\/\/www.tunaespana.es\/index.php?rest_route=\/wp\/v2\/users\/2"}],"replies":[{"embeddable":true,"href":"https:\/\/www.tunaespana.es\/index.php?rest_route=%2Fwp%2Fv2%2Fcomments&post=2894"}],"version-history":[{"count":6,"href":"https:\/\/www.tunaespana.es\/index.php?rest_route=\/wp\/v2\/posts\/2894\/revisions"}],"predecessor-version":[{"id":23420,"href":"https:\/\/www.tunaespana.es\/index.php?rest_route=\/wp\/v2\/posts\/2894\/revisions\/23420"}],"wp:attachment":[{"href":"https:\/\/www.tunaespana.es\/index.php?rest_route=%2Fwp%2Fv2%2Fmedia&parent=2894"}],"wp:term":[{"taxonomy":"category","embeddable":true,"href":"https:\/\/www.tunaespana.es\/index.php?rest_route=%2Fwp%2Fv2%2Fcategories&post=2894"},{"taxonomy":"post_tag","embeddable":true,"href":"https:\/\/www.tunaespana.es\/index.php?rest_route=%2Fwp%2Fv2%2Ftags&post=2894"}],"curies":[{"name":"wp","href":"https:\/\/api.w.org\/{rel}","templated":true}]}}