{"id":3005,"date":"2011-07-18T07:57:47","date_gmt":"2011-07-18T07:57:47","guid":{"rendered":"http:\/\/www.tunaespana.com\/wp\/?p=3005"},"modified":"2011-10-18T16:40:04","modified_gmt":"2011-10-18T16:40:04","slug":"senal-la-acorde-guitarra-letra-musicatuna","status":"publish","type":"post","link":"https:\/\/www.tunaespana.es\/?p=3005","title":{"rendered":"La Se\u00f1al (Acorde guitarra)  (Letra Musica)Tuna"},"content":{"rendered":"<p>&nbsp;<\/p>\n<p><span style=\"font-size: x-large; color: #ff0000;\">La Se\u00f1al <\/span><\/p>\n<p><span style=\"font-size: medium; color: #ffff00;\">Autor:\u00a0 \u00a0Alvaro Carrillo<\/span><\/p>\n<p><span style=\"font-size: medium; color: #0000ff;\">Interpretan:\u00a0Trio Fantasia;\u00a0Pepe Jara ; Los Montejo<\/span><\/p>\n<p><span style=\"font-size: medium; color: #00ff00;\">Tuna Espa\u00f1a (Don Dudo) \u00a0 \u00a0 www.TunaEspana.com \u00a0 \u00a0www.TunaEspa\u00f1a.es<\/span><\/p>\n<p><span style=\"font-size: medium; color: #ffcc00;\">Ritmo: \u00a0Bolero<\/span><\/p>\n<p><span style=\"font-size: medium; color: #ff00ff;\">Mejico<\/span><\/p>\n<p>&nbsp;<\/p>\n<pre> <span style=\"font-size: large; color: #cc99ff;\">    Em7         A7\r\nEn se\u00f1al que te vas\r\n             F#m        Bm7\r\nvas dejando tu olvido detr\u00e1s\r\n                Em7\r\npero quieres hablarme\r\n            A7                D  F#m  B7\r\nno se para que si me vas a dejar.\r\n\r\n     Em7       A7\r\nTu ten\u00edas el amor\r\n                 F#m       Bm7\r\ny lo fuiste a entregar por ah\u00ed\r\n                    Em7\r\ny la suerte que un d\u00eda\r\n            A7              D\r\npara t\u00ed quer\u00edas me la das a m\u00ed.\r\n\r\n         Am7            B7\r\n\/: Pero habla, habla, habla,\r\n                          G\r\n   hasta que te quedes vacia de palabras\r\n             E7                    Am\r\n   m\u00e1s si quieres que hablemos de amor\r\n     Em7                 A7\r\n   vamos a quedarnos callados . . .\r\n            Em7       A7\r\n   luego en la intimidad\r\n                     F#m        Bm7\r\n   sin complejos del bien o del mal\r\n                 Em7\r\n   en tu pelo travieso,\r\n                    A7             D\r\n   que peinan mis besos, ira la se\u00f1al. <\/span><\/pre>\n<p><span style=\"color: #cc99ff; font-size: large;\"><br \/>\n<\/span><\/p>\n<p>&nbsp;<\/p>\n","protected":false},"excerpt":{"rendered":"<p>&nbsp; La Se\u00f1al Autor:\u00a0 \u00a0Alvaro Carrillo Interpretan:\u00a0Trio Fantasia;\u00a0Pepe Jara ; Los Montejo Tuna Espa\u00f1a (Don Dudo) \u00a0 \u00a0 www.TunaEspana.com \u00a0 \u00a0www.TunaEspa\u00f1a.es Ritmo: \u00a0Bolero Mejico &nbsp; Em7 A7 En se\u00f1al que te vas F#m Bm7 vas dejando tu olvido detr\u00e1s Em7 pero quieres hablarme A7 D F#m B7 no se para que si me vas a [&hellip;]<\/p>\n","protected":false},"author":2,"featured_media":0,"comment_status":"closed","ping_status":"closed","sticky":false,"template":"","format":"standard","meta":[],"categories":[102,76,274,30,386,242,383,384,263],"tags":[],"_links":{"self":[{"href":"https:\/\/www.tunaespana.es\/index.php?rest_route=\/wp\/v2\/posts\/3005"}],"collection":[{"href":"https:\/\/www.tunaespana.es\/index.php?rest_route=\/wp\/v2\/posts"}],"about":[{"href":"https:\/\/www.tunaespana.es\/index.php?rest_route=\/wp\/v2\/types\/post"}],"author":[{"embeddable":true,"href":"https:\/\/www.tunaespana.es\/index.php?rest_route=\/wp\/v2\/users\/2"}],"replies":[{"embeddable":true,"href":"https:\/\/www.tunaespana.es\/index.php?rest_route=%2Fwp%2Fv2%2Fcomments&post=3005"}],"version-history":[{"count":5,"href":"https:\/\/www.tunaespana.es\/index.php?rest_route=\/wp\/v2\/posts\/3005\/revisions"}],"predecessor-version":[{"id":8858,"href":"https:\/\/www.tunaespana.es\/index.php?rest_route=\/wp\/v2\/posts\/3005\/revisions\/8858"}],"wp:attachment":[{"href":"https:\/\/www.tunaespana.es\/index.php?rest_route=%2Fwp%2Fv2%2Fmedia&parent=3005"}],"wp:term":[{"taxonomy":"category","embeddable":true,"href":"https:\/\/www.tunaespana.es\/index.php?rest_route=%2Fwp%2Fv2%2Fcategories&post=3005"},{"taxonomy":"post_tag","embeddable":true,"href":"https:\/\/www.tunaespana.es\/index.php?rest_route=%2Fwp%2Fv2%2Ftags&post=3005"}],"curies":[{"name":"wp","href":"https:\/\/api.w.org\/{rel}","templated":true}]}}