{"id":32188,"date":"2017-06-06T18:50:56","date_gmt":"2017-06-06T18:50:56","guid":{"rendered":"http:\/\/www.tunaespana.es\/?p=32188"},"modified":"2017-06-06T19:10:55","modified_gmt":"2017-06-06T19:10:55","slug":"abril-en-portugal-coimbraacorde-guitarra-letra-tabladura-cancionero-tuna-popular","status":"publish","type":"post","link":"https:\/\/www.tunaespana.es\/?p=32188","title":{"rendered":"Abril en Portugal , Coimbra,Acorde Guitarra, Letra Tabladura, Cancionero Tuna, Popular,"},"content":{"rendered":"<p align=\"CENTER\"><span style=\"color: #ff0000;\"><span style=\"font-family: Georgia,Times New Roman,Bitstream Charter,Times,serif;\"><span style=\"font-size: xx-large;\">Abril en Portugal <\/span><\/span><\/span><\/p>\n<p align=\"CENTER\"><span style=\"color: #ff0000; font-size: 12pt;\"><span style=\"font-family: Georgia,Times New Roman,Bitstream Charter,Times,serif;\">(Coimbra)<\/span><\/span><\/p>\n<p align=\"CENTER\"><a href=\"http:\/\/www.tunaespana.es\/?attachment_id=32189\" rel=\"attachment wp-att-32189\"><img decoding=\"async\" loading=\"lazy\" class=\"aligncenter size-full wp-image-32189\" src=\"http:\/\/www.tunaespana.es\/wp-content\/uploads\/2017\/06\/TunaEspa\u00f1a-Don-Dudo-DonDudo-Carlos-Espinosa-Celdran-Tuna-Espa\u00f1a-Ronda-La-TunaJuntamento-TunaEspa\u00f1a.jpg\" alt=\"TunaEspa\u00f1a, Don Dudo, DonDudo, Carlos Espinosa Celdran, Tuna Espa\u00f1a, Ronda La Tuna,Juntamento TunaEspa\u00f1a\" width=\"539\" height=\"360\" srcset=\"https:\/\/www.tunaespana.es\/wp-content\/uploads\/2017\/06\/TunaEspa\u00f1a-Don-Dudo-DonDudo-Carlos-Espinosa-Celdran-Tuna-Espa\u00f1a-Ronda-La-TunaJuntamento-TunaEspa\u00f1a.jpg 539w, https:\/\/www.tunaespana.es\/wp-content\/uploads\/2017\/06\/TunaEspa\u00f1a-Don-Dudo-DonDudo-Carlos-Espinosa-Celdran-Tuna-Espa\u00f1a-Ronda-La-TunaJuntamento-TunaEspa\u00f1a-300x200.jpg 300w\" sizes=\"(max-width: 539px) 100vw, 539px\" \/><\/a><\/p>\n<h1 class=\"western\" align=\"CENTER\"><span style=\"color: #ffff00;\"><span style=\"font-size: medium;\">Autor:<\/span><\/span><\/h1>\n<p align=\"CENTER\"><span style=\"color: #0000ff;\">Interpretan: <\/span><span style=\"color: #ff0000;\"><span style=\"font-size: medium;\">Tun<\/span><\/span><span style=\"color: #ffff00;\"><span style=\"font-size: medium;\">aEsp<\/span><\/span><span style=\"color: #ff0000;\"><span style=\"font-size: medium;\">a\u00f1a<\/span><\/span><\/p>\n<p align=\"CENTER\"><span style=\"color: #ff00ff;\"><span style=\"font-family: Georgia,Times New Roman,Bitstream Charter,Times,serif;\"><span style=\"font-size: medium;\">Ritmo: <\/span><\/span><\/span><\/p>\n<p align=\"CENTER\"><span style=\"color: #00ff00;\">Don Dudo (TunaEspa\u00f1a)<\/span><\/p>\n<p align=\"CENTER\"><span style=\"color: #0000ff;\"><span style=\"font-family: Georgia,Times New Roman,Bitstream Charter,Times,serif;\"><span style=\"font-size: small;\">[Tube]https:\/\/www.youtube.com\/watch?v=JDmy_nWnJpc[\/Tube]<\/span><\/span><\/span><\/p>\n<p align=\"CENTER\"><span style=\"color: #cc99ff;\"><span style=\"font-family: Georgia,Times New Roman,Bitstream Charter,Times,serif;\"><span style=\"font-size: medium;\">.<\/span><\/span><\/span><\/p>\n<p style=\"text-align: center;\" align=\"CENTER\"><span style=\"color: #ccffcc;\">Al puerto te lleve, las flores que encontr\u00e9 mas bellas de la primavera,<\/span><br \/>\n<span style=\"color: #ccffcc;\"> divino rendez-vous, que has olvidado tu, muchacha de alma tan..viajera<\/span><\/p>\n<p style=\"text-align: center;\"><span style=\"color: #ccffcc;\">La noche llevara la voz de mi canci\u00f3n, perdida en el azul del tiempo,<\/span><br \/>\n<span style=\"color: #ccffcc;\"> y a caso al escuchar que llora el coraz\u00f3n, saudades de aquel viejo amor.<\/span><br \/>\n<span style=\"color: #ccffcc;\"> Abril en Portugal, tu luna es ideal,ah\u00ed todo es amor y vive el coraz\u00f3n<\/span><br \/>\n<span style=\"color: #ccffcc;\"> canci\u00f3n sentimental, que me hace recordar, aquel abril en Portugal<\/span><\/p>\n<p style=\"text-align: center;\"><span style=\"color: #ccffcc;\">La noche llevara la voz de mi canci\u00f3n, perdida en el azul del tiempo,<\/span><br \/>\n<span style=\"color: #ccffcc;\"> y a caso al escuchar que llora el coraz\u00f3n, saudades de aquel viejo<\/span><\/p>\n<p style=\"text-align: center;\"><span style=\"color: #ccffcc;\">Abril en Portugal, tu luna es ideal,ah\u00ed todo es amor y vive el coraz\u00f3n<\/span><br \/>\n<span style=\"color: #ccffcc;\"> canci\u00f3n sentimental, que me hace recordar, aquel abril en Portugal<\/span><\/p>\n<p align=\"CENTER\"><span style=\"color: #0000ff;\"><span style=\"font-family: Georgia,Times New Roman,Bitstream Charter,Times,serif;\"><span style=\"font-size: small;\">[Tube]https:\/\/www.youtube.com\/watch?v=Huh3xCGmfk8[\/Tube]<\/span><\/span><\/span><\/p>\n<pre><span style=\"color: #cc99ff;\"><a style=\"color: #cc99ff;\">Cm<\/a> CmM7 <a style=\"color: #cc99ff;\">Cm7<\/a> <a style=\"color: #cc99ff;\">Cm6<\/a>   <a style=\"color: #cc99ff;\">Ab<\/a>          <a style=\"color: #cc99ff;\">G7<\/a>\r\nLu si   ta  na,   linda de verdad,\r\n\r\n     <a style=\"color: #cc99ff;\">G9<\/a>  <a style=\"color: #cc99ff;\">G7<\/a>              <a style=\"color: #cc99ff;\">G7+5<\/a> <a style=\"color: #cc99ff;\">C<\/a>\r\ndame un  beso, ser\u00e1 mi felici dad;\r\n\r\n                     <a style=\"color: #cc99ff;\">G7<\/a>\r\nla v\u00ed como una bella flor de amor primaveral,\r\n\r\n                     <a style=\"color: #cc99ff;\">C<\/a>\r\ncerca de mi pas\u00f3,  rob\u00f3 mi coraz\u00f3n,\r\n\r\n                     <a style=\"color: #cc99ff;\">G7<\/a>\r\naquella tarde azul,  bajo el ardiente sol,\r\n\r\n                 <a style=\"color: #cc99ff;\">C<\/a>\r\nde abril en Portugal.\r\n\r\n\r\n\r\n<a style=\"color: #cc99ff;\">Cm<\/a> CmM7 <a style=\"color: #cc99ff;\">Cm7<\/a> <a style=\"color: #cc99ff;\">Cm6<\/a>   <a style=\"color: #cc99ff;\">Ab<\/a>          <a style=\"color: #cc99ff;\">G7<\/a>\r\nLu si   ta  na,   linda de verdad,\r\n\r\n     <a style=\"color: #cc99ff;\">G9<\/a>  <a style=\"color: #cc99ff;\">G7<\/a>              <a style=\"color: #cc99ff;\">G7+5<\/a> <a style=\"color: #cc99ff;\">C<\/a>\r\ndame un  beso, ser\u00e1 mi felici dad;\r\n\r\n                     <a style=\"color: #cc99ff;\">G7<\/a>\r\nla v\u00ed como una bella flor de amor primaveral,\r\n\r\n                     <a style=\"color: #cc99ff;\">C<\/a>\r\ncerca de mi pas\u00f3,  rob\u00f3 mi coraz\u00f3n,\r\n\r\n                     <a style=\"color: #cc99ff;\">G7<\/a>\r\naquella tarde azul,  bajo el ardiente sol,\r\n\r\n                 <a style=\"color: #cc99ff;\">C<\/a>\r\nde abril en Portugal.<\/span>\r\n<\/pre>\n<p align=\"CENTER\"><span style=\"color: #0000ff;\"><span style=\"font-family: Georgia,Times New Roman,Bitstream Charter,Times,serif;\"><span style=\"font-size: small;\">[Tube]https:\/\/www.youtube.com\/watch?v=mpHUbTQmQFw[\/Tube]<\/span><\/span><\/span><\/p>\n<p align=\"CENTER\"><span style=\"color: #ffcc99;\">.<\/span><\/p>\n<pre><span style=\"color: #ffcc99;\"> <a style=\"color: #ffcc99;\">D<\/a>        <a style=\"color: #ffcc99;\">Gm<\/a>           <a style=\"color: #ffcc99;\">A7<\/a>\r\nLusitana, linda de verdad\r\n                             <a style=\"color: #ffcc99;\">D<\/a>    <a style=\"color: #ffcc99;\">A7<\/a>\r\ndame un beso, ser\u00e1 mi felicidad...\r\n\r\n\r\n    <a style=\"color: #ffcc99;\">D<\/a>                  <a style=\"color: #ffcc99;\">A7<\/a>              Entonaci\u00f3n:\r\nLa vi como una bella flor\r\n\r\n<em>de amor primaveral                    ------------------------|6\u00aa<\/em>\r\n<em>               D                     -------------------------|5\u00aa<\/em>\r\n<em>cerca de mi pas\u00f3                    --------------------------|4\u00aa<\/em>\r\n<em>                                   ---------------------------|3\u00aa<\/em>\r\n<em>robo mi coraz\u00f3n                   --------3--2--1--0----------|2\u00aa<\/em>\r\n<em>                A7               -----------------------------|1\u00aa<\/em>\r\naquella tarde azul                        Lu si ta na\r\n\r\nbajo el ardiente sol\r\n                <a style=\"color: #ffcc99;\">D<\/a>\r\nde abril en Portugal.\r\n\r\n\r\n <a style=\"color: #ffcc99;\">Dm<\/a>       <a style=\"color: #ffcc99;\">Gm<\/a>          <a style=\"color: #ffcc99;\">A7<\/a>\r\nLusitana linda de verdad\r\n                            <a style=\"color: #ffcc99;\">D<\/a>\r\ndame un beso ser\u00e1 mi felicidad...\r\n\r\n\r\n\r\n    <a style=\"color: #ffcc99;\">D<\/a>                  <a style=\"color: #ffcc99;\">A7<\/a>\r\nLa vi como una bella flor\r\n\r\nde amor primaveral\r\n               <a style=\"color: #ffcc99;\">D<\/a>\r\ncerca de mi pas\u00f3\r\n\r\nrobo mi coraz\u00f3n\r\n                <a style=\"color: #ffcc99;\">A7<\/a>\r\naquella tarde azul\r\n\r\nbajo el ardiente sol\r\n                <a style=\"color: #ffcc99;\">D<\/a>\r\nde abril en Portugal.\r\n <\/span><\/pre>\n<p align=\"CENTER\"><span style=\"color: #0000ff;\"><span style=\"font-family: Georgia,Times New Roman,Bitstream Charter,Times,serif;\"><span style=\"font-size: small;\">[Tube]https:\/\/www.youtube.com\/watch?v=nhuwlp-ZODg[\/Tube]<\/span><\/span><\/span><\/p>\n<p align=\"CENTER\">.<\/p>\n<p align=\"CENTER\"><span style=\"color: #0000ff;\"><span style=\"font-family: Georgia,Times New Roman,Bitstream Charter,Times,serif;\"><span style=\"font-size: small;\">[Tube]https:\/\/www.youtube.com\/watch?v=CPUezztxcgU[\/Tube]<\/span><\/span><\/span><\/p>\n<p align=\"CENTER\">.<\/p>\n<p align=\"CENTER\"><span style=\"color: #0000ff;\"><span style=\"font-family: Georgia,Times New Roman,Bitstream Charter,Times,serif;\"><span style=\"font-size: small;\">[Tube]https:\/\/www.youtube.com\/watch?v=dQp5bUEwEtc[\/Tube]<\/span><\/span><\/span><\/p>\n<pre><span style=\"color: #ffcc99;\">\u00a0<\/span><\/pre>\n","protected":false},"excerpt":{"rendered":"<p>Abril en Portugal (Coimbra) Autor: Interpretan: TunaEspa\u00f1a Ritmo: Don Dudo (TunaEspa\u00f1a) [Tube]https:\/\/www.youtube.com\/watch?v=JDmy_nWnJpc[\/Tube] . Al puerto te lleve, las flores que encontr\u00e9 mas bellas de la primavera, divino rendez-vous, que has olvidado tu, muchacha de alma tan..viajera La noche llevara la voz de mi canci\u00f3n, perdida en el azul del tiempo, y a caso al escuchar [&hellip;]<\/p>\n","protected":false},"author":2,"featured_media":0,"comment_status":"closed","ping_status":"closed","sticky":false,"template":"","format":"standard","meta":[],"categories":[42,263],"tags":[],"_links":{"self":[{"href":"https:\/\/www.tunaespana.es\/index.php?rest_route=\/wp\/v2\/posts\/32188"}],"collection":[{"href":"https:\/\/www.tunaespana.es\/index.php?rest_route=\/wp\/v2\/posts"}],"about":[{"href":"https:\/\/www.tunaespana.es\/index.php?rest_route=\/wp\/v2\/types\/post"}],"author":[{"embeddable":true,"href":"https:\/\/www.tunaespana.es\/index.php?rest_route=\/wp\/v2\/users\/2"}],"replies":[{"embeddable":true,"href":"https:\/\/www.tunaespana.es\/index.php?rest_route=%2Fwp%2Fv2%2Fcomments&post=32188"}],"version-history":[{"count":4,"href":"https:\/\/www.tunaespana.es\/index.php?rest_route=\/wp\/v2\/posts\/32188\/revisions"}],"predecessor-version":[{"id":32194,"href":"https:\/\/www.tunaespana.es\/index.php?rest_route=\/wp\/v2\/posts\/32188\/revisions\/32194"}],"wp:attachment":[{"href":"https:\/\/www.tunaespana.es\/index.php?rest_route=%2Fwp%2Fv2%2Fmedia&parent=32188"}],"wp:term":[{"taxonomy":"category","embeddable":true,"href":"https:\/\/www.tunaespana.es\/index.php?rest_route=%2Fwp%2Fv2%2Fcategories&post=32188"},{"taxonomy":"post_tag","embeddable":true,"href":"https:\/\/www.tunaespana.es\/index.php?rest_route=%2Fwp%2Fv2%2Ftags&post=32188"}],"curies":[{"name":"wp","href":"https:\/\/api.w.org\/{rel}","templated":true}]}}