{"id":32996,"date":"2018-03-27T18:44:14","date_gmt":"2018-03-27T18:44:14","guid":{"rendered":"http:\/\/www.tunaespana.es\/?p=32996"},"modified":"2018-03-31T11:17:45","modified_gmt":"2018-03-31T11:17:45","slug":"sal-nina-al-balconacorde-guitarra-letra-tabladura-cancionero-tuna","status":"publish","type":"post","link":"https:\/\/www.tunaespana.es\/?p=32996","title":{"rendered":"Sal Ni\u00f1a al Balc\u00f3n,Acorde Guitarra, Letra Tabladura, Cancionero Tuna"},"content":{"rendered":"<p>&nbsp;<\/p>\n<p style=\"text-align: center;\" align=\"CENTER\"><span style=\"color: #ff0000;\"><span style=\"font-family: Georgia, 'Times New Roman', 'Bitstream Charter', Times, serif;\"><span style=\"font-size: xx-large;\">Sal Ni\u00f1a al Balc\u00f3n<\/span><\/span><\/span><\/p>\n<p style=\"text-align: center;\" align=\"CENTER\"><span style=\"color: #000000;\">.<\/span><\/p>\n<p style=\"text-align: center;\" align=\"CENTER\"><span style=\"color: #000000;\">.<a href=\"http:\/\/www.tunaespana.es\/?attachment_id=33003\" rel=\"attachment wp-att-33003\"><img decoding=\"async\" loading=\"lazy\" class=\"aligncenter size-full wp-image-33003\" src=\"http:\/\/www.tunaespana.es\/wp-content\/uploads\/2018\/03\/TunaEspa\u00f1a-Tuna-Espa\u00f1a-Carlos-Espinosa-Celdran-Don-Dudo-DonDudo-premio-TunaEspa\u00f1a-concurso-tuna-mejor-cancion-de-tunaSin-t\u00edtulo-dismi.jpg\" alt=\"TunaEspa\u00f1a-Tuna-Espa\u00f1a-Carlos-Espinosa-Celdran-Don-Dudo-DonDudo-premio-TunaEspa\u00f1a-concurso-tuna-mejor-cancion-de-tunaSin-t\u00edtulo-dismi\" width=\"677\" height=\"482\" srcset=\"https:\/\/www.tunaespana.es\/wp-content\/uploads\/2018\/03\/TunaEspa\u00f1a-Tuna-Espa\u00f1a-Carlos-Espinosa-Celdran-Don-Dudo-DonDudo-premio-TunaEspa\u00f1a-concurso-tuna-mejor-cancion-de-tunaSin-t\u00edtulo-dismi.jpg 677w, https:\/\/www.tunaespana.es\/wp-content\/uploads\/2018\/03\/TunaEspa\u00f1a-Tuna-Espa\u00f1a-Carlos-Espinosa-Celdran-Don-Dudo-DonDudo-premio-TunaEspa\u00f1a-concurso-tuna-mejor-cancion-de-tunaSin-t\u00edtulo-dismi-300x214.jpg 300w\" sizes=\"(max-width: 677px) 100vw, 677px\" \/><\/a><\/span><\/p>\n<p style=\"text-align: center;\" align=\"CENTER\"><span style=\"color: #000000;\">.<\/span><\/p>\n<p align=\"CENTER\"><span style=\"color: #ffff00; font-size: 12pt;\"><strong>Tuna Magisterio Universidad de Murcia\u00a0\u201cPremio TunaEspa\u00f1a\u201d a la mejor canci\u00f3n original de Tuna 2017.<\/strong><\/span><\/p>\n<h1 class=\"western\" align=\"CENTER\"><span style=\"font-size: 12pt;\"><span style=\"color: #ffff00;\">\u00a0 \u00a0 \u00a0 \u00a0 \u00a0 \u00a0 \u00a0 \u00a0 \u00a0 \u00a0 \u00a0 \u00a0Autor M\u00fasica: Jes\u00fas Campoy Olivares \u00abEl Sospe\u00bb\u00a0 \u00a0 \u00a0 \u00a0 \u00a0 \u00a0 \u00a0 \u00a0 \u00a0 \u00a0 \u00a0 \u00a0 \u00a0\u00a0<\/span><span style=\"color: #ffff00;\">\u00a0Autor Letra: Emilio Soler Poveda \u00abEl Corcho\u00bb \u00abBoy\u00bb<\/span><\/span><\/h1>\n<p style=\"text-align: center;\" align=\"CENTER\"><span style=\"color: #000000;\"><span style=\"color: #0000ff; font-size: small;\">.<\/span><\/span><\/p>\n<p align=\"CENTER\"><span style=\"color: #000000;\"><a href=\"http:\/\/www.tunaespana.es\/?attachment_id=33017\" rel=\"attachment wp-att-33017\"><img decoding=\"async\" loading=\"lazy\" class=\"aligncenter size-full wp-image-33017\" src=\"http:\/\/www.tunaespana.es\/wp-content\/uploads\/2018\/03\/Tuna-Magisterio-MurciaTunaEspa\u00f1a-Carlos-Espinosa-Celdran-Don-Dudo-Ni\u00f1a-Definitivo-balcon-definitivo-El-Sospe-El-Boy-El-corcho.jpg\" alt=\"Tuna Magisterio Murcia,TunaEspa\u00f1a, Carlos Espinosa Celdran, Don Dudo, Ni\u00f1a Definitivo, balcon, definitivo, El Sospe, El Boy, El corcho\" width=\"616\" height=\"871\" srcset=\"https:\/\/www.tunaespana.es\/wp-content\/uploads\/2018\/03\/Tuna-Magisterio-MurciaTunaEspa\u00f1a-Carlos-Espinosa-Celdran-Don-Dudo-Ni\u00f1a-Definitivo-balcon-definitivo-El-Sospe-El-Boy-El-corcho.jpg 616w, https:\/\/www.tunaespana.es\/wp-content\/uploads\/2018\/03\/Tuna-Magisterio-MurciaTunaEspa\u00f1a-Carlos-Espinosa-Celdran-Don-Dudo-Ni\u00f1a-Definitivo-balcon-definitivo-El-Sospe-El-Boy-El-corcho-212x300.jpg 212w\" sizes=\"(max-width: 616px) 100vw, 616px\" \/><\/a>.<\/span><\/p>\n<p align=\"CENTER\"><span style=\"color: #000000;\">.<\/span><\/p>\n<p align=\"CENTER\"><span style=\"color: #000000;\">.<\/span><span style=\"color: #0000ff;\"><span style=\"font-family: Georgia, 'Times New Roman', 'Bitstream Charter', Times, serif;\"><span style=\"font-size: small;\">[Tube]https:\/\/www.youtube.com\/watch?v=JJWjkZdafts[\/Tube]<\/span><\/span><\/span><\/p>\n<p align=\"CENTER\"><span style=\"color: #000000;\">.<\/span><\/p>\n<p align=\"CENTER\"><span style=\"color: #0000ff;\"><strong>SAL NI\u00d1A AL BALC\u00d3N <\/strong><\/span><\/p>\n<p align=\"CENTER\"><span style=\"color: #cc99ff;\">Es noche de ronda, ya sale la tuna <\/span><\/p>\n<p align=\"CENTER\"><span style=\"color: #cc99ff;\">llena de alegr\u00eda toda la ciudad <\/span><\/p>\n<p align=\"CENTER\"><span style=\"color: #cc99ff;\">canta serenatas bajo los balcones <\/span><\/p>\n<p align=\"CENTER\"><span style=\"color: #cc99ff;\">donde unos ojos alumbran la calle al mirar. <\/span><\/p>\n<p align=\"CENTER\"><span style=\"color: #cc99ff;\">Despierta si duermes y abre tu ventana <\/span><\/p>\n<p align=\"CENTER\"><span style=\"color: #cc99ff;\">siente el pasodoble que empieza a latir <\/span><\/p>\n<p align=\"CENTER\"><span style=\"color: #cc99ff;\">dibujando acordes desde mi guitarra<\/span><\/p>\n<p align=\"CENTER\"><span style=\"color: #cc99ff;\"> porque esta noche con ellos te vengo a decir<\/span><\/p>\n<p align=\"CENTER\"><span style=\"color: #cc99ff;\"> Sal ni\u00f1a al balc\u00f3n <\/span><\/p>\n<p align=\"CENTER\"><span style=\"color: #cc99ff;\">veras pasar a la tuna <\/span><\/p>\n<p align=\"CENTER\"><span style=\"color: #cc99ff;\">rondando a tu amor<\/span><\/p>\n<p align=\"CENTER\"><span style=\"color: #cc99ff;\"> bajo la luz de la luna<\/span><\/p>\n<p align=\"CENTER\"><span style=\"color: #cc99ff;\"> sal ni\u00f1a al balc\u00f3n <\/span><\/p>\n<p align=\"CENTER\"><span style=\"color: #cc99ff;\">que mi canto nace para ti <\/span><\/p>\n<p align=\"CENTER\"><span style=\"color: #cc99ff;\">vuelan de emoci\u00f3n<\/span><\/p>\n<p align=\"CENTER\"><span style=\"color: #cc99ff;\"> colores de amor <\/span><\/p>\n<p align=\"CENTER\"><span style=\"color: #cc99ff;\">en la capa que ser\u00e1 tu abrigo <\/span><\/p>\n<p align=\"CENTER\"><span style=\"color: #cc99ff;\">mi mejor canci\u00f3n<\/span><\/p>\n<p align=\"CENTER\"><span style=\"color: #cc99ff;\"> te voy a entregar<\/span><\/p>\n<p align=\"CENTER\"><span style=\"color: #cc99ff;\"> y quiero cantarla contigo<\/span><\/p>\n<p align=\"CENTER\"><span style=\"color: #cc99ff;\"> Mi beca reposa sobre los faroles <\/span><\/p>\n<p align=\"CENTER\"><span style=\"color: #cc99ff;\">guardando la historia de la facultad <\/span><\/p>\n<p align=\"CENTER\"><span style=\"color: #cc99ff;\">el jub\u00f3n te\u00f1ido de viejos amores <\/span><\/p>\n<p align=\"CENTER\"><span style=\"color: #cc99ff;\">que cada noche de ronda puedo recordar <\/span><\/p>\n<p align=\"CENTER\"><span style=\"color: #cc99ff;\">Despierta si duermes y abre tu ventana <\/span><\/p>\n<p align=\"CENTER\"><span style=\"color: #cc99ff;\">siente el pasodoble que empieza a latir <\/span><\/p>\n<p align=\"CENTER\"><span style=\"color: #cc99ff;\">dibujando acordes desde mi guitarra<\/span><\/p>\n<p align=\"CENTER\"><span style=\"color: #cc99ff;\"> porque esta noche con ellos te vengo a decir<\/span><\/p>\n<p align=\"CENTER\"><span style=\"color: #000000;\">.<\/span><\/p>\n<p align=\"CENTER\"><span style=\"color: #000000;\">.<a href=\"http:\/\/www.tunaespana.es\/?attachment_id=33007\" rel=\"attachment wp-att-33007\"><img decoding=\"async\" loading=\"lazy\" class=\"aligncenter size-full wp-image-33007\" src=\"http:\/\/www.tunaespana.es\/wp-content\/uploads\/2018\/03\/Tuna-Magisterio-MurciaTunaEspa\u00f1a-Carlos-Espinosa-Celdran-Don-Dudo-El-Sospe2.jpg\" alt=\"Tuna Magisterio Murcia,TunaEspa\u00f1a, Carlos Espinosa Celdran, Don Dudo, El Sospe,2\" width=\"642\" height=\"373\" srcset=\"https:\/\/www.tunaespana.es\/wp-content\/uploads\/2018\/03\/Tuna-Magisterio-MurciaTunaEspa\u00f1a-Carlos-Espinosa-Celdran-Don-Dudo-El-Sospe2.jpg 642w, https:\/\/www.tunaespana.es\/wp-content\/uploads\/2018\/03\/Tuna-Magisterio-MurciaTunaEspa\u00f1a-Carlos-Espinosa-Celdran-Don-Dudo-El-Sospe2-300x174.jpg 300w\" sizes=\"(max-width: 642px) 100vw, 642px\" \/><\/a><\/span><\/p>\n<p align=\"CENTER\"><span style=\"color: #000000;\">.<\/span><\/p>\n","protected":false},"excerpt":{"rendered":"<p>&nbsp; Sal Ni\u00f1a al Balc\u00f3n . . . Tuna Magisterio Universidad de Murcia\u00a0\u201cPremio TunaEspa\u00f1a\u201d a la mejor canci\u00f3n original de Tuna 2017. \u00a0 \u00a0 \u00a0 \u00a0 \u00a0 \u00a0 \u00a0 \u00a0 \u00a0 \u00a0 \u00a0 \u00a0Autor M\u00fasica: Jes\u00fas Campoy Olivares \u00abEl Sospe\u00bb\u00a0 \u00a0 \u00a0 \u00a0 \u00a0 \u00a0 \u00a0 \u00a0 \u00a0 \u00a0 \u00a0 \u00a0 \u00a0\u00a0\u00a0Autor Letra: Emilio Soler [&hellip;]<\/p>\n","protected":false},"author":2,"featured_media":0,"comment_status":"closed","ping_status":"closed","sticky":false,"template":"","format":"standard","meta":[],"categories":[22,263],"tags":[4936,4939,4938,4937],"_links":{"self":[{"href":"https:\/\/www.tunaespana.es\/index.php?rest_route=\/wp\/v2\/posts\/32996"}],"collection":[{"href":"https:\/\/www.tunaespana.es\/index.php?rest_route=\/wp\/v2\/posts"}],"about":[{"href":"https:\/\/www.tunaespana.es\/index.php?rest_route=\/wp\/v2\/types\/post"}],"author":[{"embeddable":true,"href":"https:\/\/www.tunaespana.es\/index.php?rest_route=\/wp\/v2\/users\/2"}],"replies":[{"embeddable":true,"href":"https:\/\/www.tunaespana.es\/index.php?rest_route=%2Fwp%2Fv2%2Fcomments&post=32996"}],"version-history":[{"count":11,"href":"https:\/\/www.tunaespana.es\/index.php?rest_route=\/wp\/v2\/posts\/32996\/revisions"}],"predecessor-version":[{"id":33018,"href":"https:\/\/www.tunaespana.es\/index.php?rest_route=\/wp\/v2\/posts\/32996\/revisions\/33018"}],"wp:attachment":[{"href":"https:\/\/www.tunaespana.es\/index.php?rest_route=%2Fwp%2Fv2%2Fmedia&parent=32996"}],"wp:term":[{"taxonomy":"category","embeddable":true,"href":"https:\/\/www.tunaespana.es\/index.php?rest_route=%2Fwp%2Fv2%2Fcategories&post=32996"},{"taxonomy":"post_tag","embeddable":true,"href":"https:\/\/www.tunaespana.es\/index.php?rest_route=%2Fwp%2Fv2%2Ftags&post=32996"}],"curies":[{"name":"wp","href":"https:\/\/api.w.org\/{rel}","templated":true}]}}