{"id":34752,"date":"2020-12-08T17:15:15","date_gmt":"2020-12-08T17:15:15","guid":{"rendered":"https:\/\/www.tunaespana.es\/?p=34752"},"modified":"2020-12-09T06:42:13","modified_gmt":"2020-12-09T06:42:13","slug":"murcia-en-mi-recuerdo-acorde-guitarra-letra-tabladura-cancionero-tunavillancico","status":"publish","type":"post","link":"https:\/\/www.tunaespana.es\/?p=34752","title":{"rendered":"Murcia en mi recuerdo ,Acorde Guitarra, Letra Tabladura, Cancionero Tuna,Villancico"},"content":{"rendered":"<h1 align=\"CENTER\"><span style=\"color: #ff0000;\">Murcia en mi Recuerdo<\/span><\/h1>\n<h1 align=\"CENTER\"><\/h1>\n<p align=\"CENTER\"><span style=\"color: #0000ff;\">Interpretan:\u00a0<span style=\"color: #ff0000;\"><strong>Tun<span style=\"color: #ffff00;\">aEsp<\/span>a\u00f1a<\/strong> (Don Dudo FA)<\/span><\/span><\/p>\n<p align=\"CENTER\"><span style=\"color: #ff00ff;\">Ritmo: Bolero R\u00edtmico<\/span><\/p>\n<p align=\"CENTER\"><span style=\"color: #00ff00;\">Letra y M\u00fasica de mi muy Querido Amigo \u00abJos\u00e9 Parra Molina\u00bb (\u00abPep\u00edn\u00bb) (\u00abParrita\u00bb). Un Muy Fuerte DonDudoAbrazo.<\/span><span style=\"color: #00ff00;\"> Dios nos lo Bendiga, Muchos, Muchos A\u00f1os.<\/span><\/p>\n<blockquote class=\"embedly-card\" data-card-controls=\"1\" data-card-align=\"center\" data-card-theme=\"light\">\n<h4><a href=\"https:\/\/www.youtube.com\/watch?v=QiogufSSJPg\">TunaEspa\u00f1a &#038; DonDudo &#038; Murcia en mi Recuerdo &#038; Bolero &#038; DonMafaldoMaguila<\/a><\/h4>\n<p>MURCIA no solo est\u00e1 en ESPA\u00d1A, Tambi\u00e9n existe en : al menos 4 lugares por todo el Mundo. BENDITA HISPANIDAD!!!!1. Filipinas Central Luzon Murcia 2. Filipin&#8230;<\/p>\n<\/blockquote>\n<p><script async src=\"\/\/cdn.embedly.com\/widgets\/platform.js\" charset=\"UTF-8\"><\/script><\/p>\n<p align=\"CENTER\"><span style=\"color: #cc99ff;\">Aunque est\u00e9 lejos de ti<\/span><\/p>\n<p align=\"CENTER\"><span style=\"color: #cc99ff;\">es muy f\u00e1cil recordar<\/span><\/p>\n<p align=\"CENTER\"><span style=\"color: #cc99ff;\">la grandeza de mi Murcia<\/span><\/p>\n<p align=\"CENTER\"><span style=\"color: #cc99ff;\">que jam\u00e1s podr\u00e9 olvidar.<\/span><\/p>\n<p align=\"CENTER\"><span style=\"color: #cc99ff;\">El haber nacido en ti<\/span><\/p>\n<p align=\"CENTER\"><span style=\"color: #cc99ff;\">ha sido una bendici\u00f3n<\/span><\/p>\n<p align=\"CENTER\"><span style=\"color: #cc99ff;\">que yo quiero compartir<\/span><\/p>\n<p align=\"CENTER\"><span style=\"color: #cc99ff;\">con Murcia mi coraz\u00f3n.<\/span><\/p>\n<p align=\"CENTER\"><span style=\"color: #cc99ff;\">Alegr\u00eda en primavera<\/span><\/p>\n<p align=\"CENTER\"><span style=\"color: #cc99ff;\">la huerta con su verdor<\/span><\/p>\n<p align=\"CENTER\"><span style=\"color: #cc99ff;\">la luz de la Fuensantica<\/span><\/p>\n<p align=\"CENTER\"><span style=\"color: #cc99ff;\">nos gu\u00eda con su esplendor.<\/span><\/p>\n<p align=\"CENTER\"><span style=\"color: #cc99ff;\">ESTRIBILLO<\/span><\/p>\n<p align=\"CENTER\"><span style=\"color: #cc99ff;\">Murcia<\/span><\/p>\n<p align=\"CENTER\"><span style=\"color: #cc99ff;\">de fuentes y puentes<\/span><\/p>\n<p align=\"CENTER\"><span style=\"color: #cc99ff;\">de flores y rosas<\/span><\/p>\n<p align=\"CENTER\"><span style=\"color: #cc99ff;\">te llevo en mi mente<\/span><\/p>\n<p align=\"CENTER\"><span style=\"color: #cc99ff;\">Murcia<\/span><\/p>\n<p align=\"CENTER\"><span style=\"color: #cc99ff;\">te veo en mis sue\u00f1os<\/span><\/p>\n<p align=\"CENTER\"><span style=\"color: #cc99ff;\">y cuando despierto<\/span><\/p>\n<p align=\"CENTER\"><span style=\"color: #cc99ff;\">es como una bruma<\/span><\/p>\n<p align=\"CENTER\"><span style=\"color: #cc99ff;\">que se lleva el viento<\/span><\/p>\n<p align=\"CENTER\"><span style=\"color: #cc99ff;\">Murcia<\/span><\/p>\n<p align=\"CENTER\"><span style=\"color: #cc99ff;\">t\u00fa eres mi alegr\u00eda<\/span><\/p>\n<p align=\"CENTER\"><span style=\"color: #cc99ff;\">y si yo volviera<\/span><\/p>\n<p align=\"CENTER\"><span style=\"color: #cc99ff;\">y si yo volviera<\/span><\/p>\n<p align=\"CENTER\"><span style=\"color: #cc99ff;\">jam\u00e1s yo me ir\u00eda.<\/span><\/p>\n<p align=\"CENTER\"><span style=\"color: #cc99ff;\">Las costumbres de mi Murcia<\/span><\/p>\n<p align=\"CENTER\"><span style=\"color: #cc99ff;\">que me gusta recordar<\/span><\/p>\n<p align=\"CENTER\"><span style=\"color: #cc99ff;\">de sus pueblos los rincones<\/span><\/p>\n<p align=\"CENTER\"><span style=\"color: #cc99ff;\">y en la costa nuestro mar.<\/span><\/p>\n<p align=\"CENTER\"><span style=\"color: #cc99ff;\">La grandeza de su torre<\/span><\/p>\n<p align=\"CENTER\"><span style=\"color: #cc99ff;\">la barroca catedral<\/span><\/p>\n<p align=\"CENTER\"><span style=\"color: #cc99ff;\">esa plaza de las flores<\/span><\/p>\n<p align=\"CENTER\"><span style=\"color: #cc99ff;\">de una belleza sin par.<\/span><\/p>\n<p align=\"CENTER\"><span style=\"color: #cc99ff;\">El casino en traper\u00eda<\/span><\/p>\n<p align=\"CENTER\"><span style=\"color: #cc99ff;\">cerca el teatro Romea<\/span><\/p>\n<p align=\"CENTER\"><span style=\"color: #cc99ff;\">la impresionante Gran V\u00eda<\/span><\/p>\n<p align=\"CENTER\"><span style=\"color: #cc99ff;\">las angostas callejuelas.<\/span><\/p>\n<p align=\"CENTER\"><span style=\"color: #cc99ff;\">ESTRIBILLO<\/span><\/p>\n<p align=\"CENTER\"><a href=\"https:\/\/www.tunaespana.es\/?attachment_id=34761\" rel=\"attachment wp-att-34761\"><img decoding=\"async\" loading=\"lazy\" class=\"aligncenter size-full wp-image-34761\" src=\"https:\/\/www.tunaespana.es\/wp-content\/uploads\/2020\/12\/Parrita-Don-Dudo-TunaEspa\u00f1a-Murcia-en-mi-recuerdo-reducida.jpg\" alt=\"Parrita, Don Dudo, TunaEspa\u00f1a, Murcia en mi recuerdo -reducida\" width=\"621\" height=\"478\" srcset=\"https:\/\/www.tunaespana.es\/wp-content\/uploads\/2020\/12\/Parrita-Don-Dudo-TunaEspa\u00f1a-Murcia-en-mi-recuerdo-reducida.jpg 621w, https:\/\/www.tunaespana.es\/wp-content\/uploads\/2020\/12\/Parrita-Don-Dudo-TunaEspa\u00f1a-Murcia-en-mi-recuerdo-reducida-300x231.jpg 300w\" sizes=\"(max-width: 621px) 100vw, 621px\" \/><\/a><\/p>\n<p align=\"CENTER\">.<\/p>\n<p align=\"CENTER\"><a href=\"https:\/\/www.tunaespana.es\/?attachment_id=34694\" rel=\"attachment wp-att-34694\"><img decoding=\"async\" loading=\"lazy\" class=\"aligncenter size-full wp-image-34694\" src=\"https:\/\/www.tunaespana.es\/wp-content\/uploads\/2011\/07\/TunaEspa\u00f1a-Carlos-Espinosa-Celdran-Don-Dudo-Virgen-de-las-Angustias-Granada-Juntamento-Universidad.jpg\" alt=\"TunaEspa\u00f1a-Carlos-Espinosa-Celdran-Don-Dudo-Virgen-de-las-Angustias-Granada , Juntamento , Universidad\" width=\"730\" height=\"487\" srcset=\"https:\/\/www.tunaespana.es\/wp-content\/uploads\/2011\/07\/TunaEspa\u00f1a-Carlos-Espinosa-Celdran-Don-Dudo-Virgen-de-las-Angustias-Granada-Juntamento-Universidad.jpg 730w, https:\/\/www.tunaespana.es\/wp-content\/uploads\/2011\/07\/TunaEspa\u00f1a-Carlos-Espinosa-Celdran-Don-Dudo-Virgen-de-las-Angustias-Granada-Juntamento-Universidad-300x200.jpg 300w\" sizes=\"(max-width: 730px) 100vw, 730px\" \/><\/a><\/p>\n<p align=\"CENTER\">.<\/p>\n","protected":false},"excerpt":{"rendered":"<p>Murcia en mi Recuerdo Interpretan:\u00a0TunaEspa\u00f1a (Don Dudo FA) Ritmo: Bolero R\u00edtmico Letra y M\u00fasica de mi muy Querido Amigo \u00abJos\u00e9 Parra Molina\u00bb (\u00abPep\u00edn\u00bb) (\u00abParrita\u00bb). Un Muy Fuerte DonDudoAbrazo. Dios nos lo Bendiga, Muchos, Muchos A\u00f1os. TunaEspa\u00f1a &#038; DonDudo &#038; Murcia en mi Recuerdo &#038; Bolero &#038; DonMafaldoMaguila MURCIA no solo est\u00e1 en ESPA\u00d1A, Tambi\u00e9n existe [&hellip;]<\/p>\n","protected":false},"author":2,"featured_media":0,"comment_status":"closed","ping_status":"closed","sticky":false,"template":"","format":"standard","meta":[],"categories":[274,29,263],"tags":[4950],"_links":{"self":[{"href":"https:\/\/www.tunaespana.es\/index.php?rest_route=\/wp\/v2\/posts\/34752"}],"collection":[{"href":"https:\/\/www.tunaespana.es\/index.php?rest_route=\/wp\/v2\/posts"}],"about":[{"href":"https:\/\/www.tunaespana.es\/index.php?rest_route=\/wp\/v2\/types\/post"}],"author":[{"embeddable":true,"href":"https:\/\/www.tunaespana.es\/index.php?rest_route=\/wp\/v2\/users\/2"}],"replies":[{"embeddable":true,"href":"https:\/\/www.tunaespana.es\/index.php?rest_route=%2Fwp%2Fv2%2Fcomments&post=34752"}],"version-history":[{"count":7,"href":"https:\/\/www.tunaespana.es\/index.php?rest_route=\/wp\/v2\/posts\/34752\/revisions"}],"predecessor-version":[{"id":34763,"href":"https:\/\/www.tunaespana.es\/index.php?rest_route=\/wp\/v2\/posts\/34752\/revisions\/34763"}],"wp:attachment":[{"href":"https:\/\/www.tunaespana.es\/index.php?rest_route=%2Fwp%2Fv2%2Fmedia&parent=34752"}],"wp:term":[{"taxonomy":"category","embeddable":true,"href":"https:\/\/www.tunaespana.es\/index.php?rest_route=%2Fwp%2Fv2%2Fcategories&post=34752"},{"taxonomy":"post_tag","embeddable":true,"href":"https:\/\/www.tunaespana.es\/index.php?rest_route=%2Fwp%2Fv2%2Ftags&post=34752"}],"curies":[{"name":"wp","href":"https:\/\/api.w.org\/{rel}","templated":true}]}}