{"id":3877,"date":"2011-07-27T14:37:46","date_gmt":"2011-07-27T14:37:46","guid":{"rendered":"http:\/\/www.tunaespana.com\/wp\/?p=3877"},"modified":"2015-06-09T18:01:41","modified_gmt":"2015-06-09T18:01:41","slug":"si-vas-a-calatayud-acorde-guitarra-letra-musicatuna","status":"publish","type":"post","link":"https:\/\/www.tunaespana.es\/?p=3877","title":{"rendered":"Si vas a calatayud  ,Acorde Guitarra, Letra Tabladura, Cancionero Tuna"},"content":{"rendered":"<p>&nbsp;<\/p>\n<p>&nbsp;<\/p>\n<p style=\"text-align: center;\"><span style=\"font-size: x-large; color: #ff0000;\">Si vas a calatayud <\/span><\/p>\n<p style=\"text-align: center;\"><span style=\"color: #ff0000;\">\u00abLa Dolores\u00bb<\/span><\/p>\n<p style=\"text-align: center;\"><a href=\"http:\/\/www.tunaespana.es\/wp-content\/uploads\/2011\/07\/TunaEspa\u00f1a-Don-DudoBautizo-Tuna-musica-de-tunaJuntamento-Cancionero-Tuna-Universidad-de-Murcia-00-dism-Ronda-la-tuna.jpg\"><img decoding=\"async\" loading=\"lazy\" class=\"aligncenter size-full wp-image-29666\" src=\"http:\/\/www.tunaespana.es\/wp-content\/uploads\/2011\/07\/TunaEspa\u00f1a-Don-DudoBautizo-Tuna-musica-de-tunaJuntamento-Cancionero-Tuna-Universidad-de-Murcia-00-dism-Ronda-la-tuna.jpg\" alt=\"TunaEspa\u00f1a, Don Dudo,Bautizo Tuna,  musica de tuna,Juntamento, Cancionero Tuna, Universidad de Murcia, 00, dism,  Ronda la tuna\" width=\"648\" height=\"406\" srcset=\"https:\/\/www.tunaespana.es\/wp-content\/uploads\/2011\/07\/TunaEspa\u00f1a-Don-DudoBautizo-Tuna-musica-de-tunaJuntamento-Cancionero-Tuna-Universidad-de-Murcia-00-dism-Ronda-la-tuna.jpg 648w, https:\/\/www.tunaespana.es\/wp-content\/uploads\/2011\/07\/TunaEspa\u00f1a-Don-DudoBautizo-Tuna-musica-de-tunaJuntamento-Cancionero-Tuna-Universidad-de-Murcia-00-dism-Ronda-la-tuna-300x187.jpg 300w\" sizes=\"(max-width: 648px) 100vw, 648px\" \/><\/a><\/p>\n<p style=\"text-align: center;\"><span style=\"font-size: medium; color: #ffff00;\">Autor:\u00a0<strong><tt>S. Valverde \/ R. Zarzoso<\/tt><\/strong><\/span><\/p>\n<p style=\"text-align: center;\"><span style=\"font-size: medium; color: #0000ff;\">Interpretan: Margarita Sanchez,Trio Los Panchos<\/span><\/p>\n<p style=\"text-align: center;\"><span style=\"color: #ff00ff;\">Ritmo: Pasodoble<\/span><\/p>\n<p style=\"text-align: center;\"><span style=\"font-size: medium; color: #00ff00;\">Tuna Espa\u00f1a (Don Dudo) \u00a0 \u00a0 www.TunaEspana.com \u00a0 \u00a0www.TunaEspa\u00f1a.es<\/span><\/p>\n<p style=\"text-align: center;\"><span style=\"font-size: medium; color: #ff00ff;\">Espa\u00f1a<\/span><\/p>\n<p align=\"CENTER\"><span style=\"color: #0000ff;\"><span style=\"font-family: Georgia,Times New Roman,Bitstream Charter,Times,serif;\"><span style=\"font-size: small;\">[Tube]https:\/\/www.youtube.com\/watch?v=mnnxxszs2jI[\/Tube]<\/span><\/span><\/span><\/p>\n<p style=\"text-align: center;\"><span style=\"color: #cc99ff;\">\u00abLa copla surgi\u00f3 de forma an\u00f3nima en Calatayud hacia 1840-1850, lo que \u00aboblig\u00f3\u00bb a Dolores Peinador a trasladarse a Madrid\u00bb Mar\u00eda de los Dolores Peinador Narvi\u00f3n hab\u00eda nacido en Calatayud el 13 de mayo de 1819. Perteneciente a una de las m\u00e1s distinguidas familias bilbilitanas, su madre al morir le hab\u00eda dejado una cuantiosa herencia que el padre, casado en segundas nupcias, se resist\u00eda a entregar.<\/span><\/p>\n<p class=\"p\" style=\"text-align: center;\"><span style=\"color: #cc99ff;\">A esta herencia que pronto habr\u00eda de poseer sumaba Dolores una extraordinaria belleza -\u00abalta, rubia, de ojos azules, que m\u00e1s por el se\u00f1or\u00edo de su porte y su gentileza, atra\u00eda por la sugesti\u00f3n de su mirada\u00bb- que acapar\u00f3 la atenci\u00f3n de muchos pretendientes. Con 20 a\u00f1os reci\u00e9n cumplidos, Dolores se cas\u00f3 en secreto en Zaragoza con Esteban Tovar, un teniente granadino que acababa de dejar el Ej\u00e9rcito para vivir de su ventajoso matrimonio. Comenzaron entonces unos interminables litigios con su padre con los que obtuvieron finalmente la herencia, pero a un alto coste y su desordenada vida matrimonial dilapid\u00f3 pronto los bienes, arrastr\u00e1ndoles casi hasta la miseria.<\/span><\/p>\n<p class=\"p\" style=\"text-align: center;\"><span style=\"color: #cc99ff;\">Su descalabro social y la vida irregular de Dolores y su marido dieron pie a la famosa copla popular de doble sentido,<\/span><\/p>\n<h4 class=\"ladillo\" style=\"text-align: center;\"><span style=\"color: #cc99ff;\">La Dolores de Feli\u00fa y Bret\u00f3n<\/span><\/h4>\n<p class=\"p\" style=\"text-align: center;\"><span style=\"color: #cc99ff;\">La azarosa vida de La Dolores real es muy distinta a la leyenda de la joven hermosa y caritativa que serv\u00eda en la Posada de San Ant\u00f3n de Calatayud, seg\u00fan el romance que estren\u00f3 Jos\u00e9 Feli\u00fa y Codina en Madrid en 1893 y que posteriormente Tom\u00e1s Bret\u00f3n convirti\u00f3 en la zarzuela mundialmente famosa. Seducida por un barbero llamado Melchor, que la rechaza para casarse con una rica heredera, a La Dolores del drama la pretenden un rico mercader (Patricio) y un sargento (Rojas) aunque finalmente es el seminarista L\u00e1zaro, quien enamorado pelea con Melchor y acaba apu\u00f1al\u00e1ndole en el coraz\u00f3n.<\/span><\/p>\n<p>&nbsp;<\/p>\n<p>&nbsp;<\/p>\n<p><span style=\"font-size: large; color: #cc99ff;\"><tt>A\u00a0\u00a0\u00a0\u00a0\u00a0\u00a0\u00a0\u00a0\u00a0\u00a0\u00a0\u00a0\u00a0 E7<\/tt> <\/span><br \/>\n<span style=\"font-size: large; color: #cc99ff;\"><tt>Por que era a<span style=\"text-decoration: underline;\">mi<\/span>ga de hacer fa<span style=\"text-decoration: underline;\">vo<\/span>res,<\/tt> <\/span><br \/>\n<span style=\"font-size: large; color: #cc99ff;\"><tt> A<\/tt> <\/span><br \/>\n<span style=\"font-size: large; color: #cc99ff;\"><tt>porque fue alegre en su juven<span style=\"text-decoration: underline;\">tud<\/span>,<\/tt> <\/span><br \/>\n<span style=\"font-size: large; color: #cc99ff;\"><tt> Am\u00a0\u00a0\u00a0\u00a0\u00a0\u00a0\u00a0\u00a0\u00a0\u00a0\u00a0\u00a0\u00a0\u00a0\u00a0\u00a0 E7<\/tt> <\/span><br \/>\n<span style=\"font-size: large; color: #cc99ff;\"><tt>en\u00a0<span style=\"text-decoration: underline;\">co<\/span>plas se vio la Do<span style=\"text-decoration: underline;\">lo<\/span>res,<\/tt> <\/span><br \/>\n<span style=\"font-size: large; color: #cc99ff;\"><tt> Am<\/tt> <\/span><br \/>\n<span style=\"font-size: large; color: #cc99ff;\"><tt>la flor de Calata<span style=\"text-decoration: underline;\">yud<\/span>.<\/tt> <\/span><br \/>\n<tt><\/tt> <tt><\/tt><\/p>\n<p><span style=\"font-size: large; color: #cc99ff;\"><tt> G7\u00a0\u00a0\u00a0\u00a0\u00a0\u00a0\u00a0\u00a0\u00a0\u00a0\u00a0\u00a0\u00a0\u00a0\u00a0 C<\/tt> <\/span><br \/>\n<span style=\"font-size: large; color: #cc99ff;\"><tt>Y una co<span style=\"text-decoration: underline;\">pli<\/span>lla recorri\u00f3 Es<span style=\"text-decoration: underline;\">pa<\/span>\u00f1a,<\/tt> <\/span><br \/>\n<span style=\"font-size: large; color: #cc99ff;\"><tt> F\u00a0\u00a0\u00a0\u00a0\u00a0\u00a0\u00a0\u00a0\u00a0\u00a0\u00a0\u00a0\u00a0 E<\/tt> <\/span><br \/>\n<span style=\"font-size: large; color: #cc99ff;\"><tt>preg\u00f3n de in<span style=\"text-decoration: underline;\">fa<\/span>mia de una mu<span style=\"text-decoration: underline;\">jer<\/span>.<\/tt> <\/span><br \/>\n<span style=\"font-size: large; color: #cc99ff;\"><tt> E7\u00a0\u00a0\u00a0\u00a0\u00a0\u00a0\u00a0\u00a0\u00a0\u00a0\u00a0\u00a0\u00a0\u00a0\u00a0 Am<\/tt> <\/span><br \/>\n<span style=\"font-size: large; color: #cc99ff;\"><tt>Pero el buen\u00a0<span style=\"text-decoration: underline;\">nom<\/span>bre de aquella\u00a0<span style=\"text-decoration: underline;\">ma<\/span>\u00f1a,<\/tt> <\/span><br \/>\n<span style=\"font-size: large; color: #cc99ff;\"><tt>Dm\u00a0\u00a0\u00a0\u00a0\u00a0\u00a0\u00a0 F\u00a0\u00a0\u00a0\u00a0\u00a0\u00a0\u00a0 E<\/tt> <\/span><br \/>\n<span style=\"font-size: large; color: #cc99ff;\"><tt><span style=\"text-decoration: underline;\">yo<\/span> tengo\u00a0<span style=\"text-decoration: underline;\">que<\/span> defen<span style=\"text-decoration: underline;\">der<\/span>.<\/tt> <\/span><br \/>\n<tt><\/tt> <tt><\/tt><\/p>\n<p><span style=\"font-size: large; color: #cc99ff;\"><em><tt>La Dolores de la copla,<\/tt><\/em> <\/span><br \/>\n<span style=\"font-size: large; color: #cc99ff;\"><em><tt>me dijo un d\u00eda mi padre,\u00a0\u00a0\u00a0\u00a0\u00a0\u00a0<strong>RECITADO<\/strong><\/tt><\/em> <\/span><br \/>\n<span style=\"font-size: large; color: #cc99ff;\"><em><tt>fue alegre, pero fue buena,<\/tt><\/em> <\/span><br \/>\n<span style=\"font-size: large; color: #cc99ff;\"><em><tt>fue mi mujer, fue tu madre.<\/tt><\/em> <\/span><br \/>\n<tt><\/tt> <tt><\/tt><\/p>\n<p><span style=\"font-size: large; color: #cc99ff;\"><tt> E7\u00a0\u00a0\u00a0\u00a0\u00a0\u00a0 A<\/tt> <\/span><br \/>\n<span style=\"font-size: large; color: #cc99ff;\"><tt>Si vas\u00a0<span style=\"text-decoration: underline;\">a<\/span> Calata<span style=\"text-decoration: underline;\">yud<\/span>,<\/tt> <\/span><br \/>\n<span style=\"font-size: large; color: #cc99ff;\"><tt> Bbd\u00a0\u00a0\u00a0\u00a0\u00a0\u00a0\u00a0\u00a0 E7<\/tt> <\/span><br \/>\n<span style=\"font-size: large; color: #cc99ff;\"><tt>si\u00a0<span style=\"text-decoration: underline;\">vas<\/span> a Calata<span style=\"text-decoration: underline;\">yud<\/span>,<\/tt> <\/span><br \/>\n<span style=\"font-size: large; color: #cc99ff;\"><tt> A<\/tt> <\/span><br \/>\n<span style=\"font-size: large; color: #cc99ff;\"><tt>pregunta por la Do<span style=\"text-decoration: underline;\">lo<\/span>res,<\/tt> <\/span><br \/>\n<span style=\"font-size: large; color: #cc99ff;\"><tt> E7<\/tt> <\/span><br \/>\n<span style=\"font-size: large; color: #cc99ff;\"><tt>que una copla la ma<span style=\"text-decoration: underline;\">t\u00f3<\/span>,\u00a0 ( y en ofrenda de mi amor )<\/tt> <\/span><br \/>\n<span style=\"font-size: large; color: #cc99ff;\"><tt> A<\/tt> <\/span><br \/>\n<span style=\"font-size: large; color: #cc99ff;\"><tt>de verg\u00fcenza y sinsa<span style=\"text-decoration: underline;\">bo<\/span>res. ( en su tumba ponle flores )<\/tt> <\/span><br \/>\n<span style=\"font-size: large; color: #cc99ff;\"><tt> E7<\/tt> <\/span><br \/>\n<span style=\"font-size: large; color: #cc99ff;\"><tt>Di que te lo digo\u00a0<span style=\"text-decoration: underline;\">yo<\/span>,\u00a0 ( Ve que te lo pido yo )<\/tt> <\/span><br \/>\n<span style=\"font-size: large; color: #cc99ff;\"><tt> A<\/tt> <\/span><br \/>\n<span style=\"font-size: large; color: #cc99ff;\"><tt>el hijo de la Do<span style=\"text-decoration: underline;\">lo<\/span>res.<\/tt> <\/span><br \/>\n<tt><\/tt> <tt><\/tt><\/p>\n<p><span style=\"font-size: large; color: #cc99ff;\"><tt> A\u00a0\u00a0\u00a0\u00a0\u00a0\u00a0\u00a0\u00a0\u00a0\u00a0\u00a0 E7<\/tt> <\/span><br \/>\n<span style=\"font-size: large; color: #cc99ff;\"><tt>Dice la\u00a0<span style=\"text-decoration: underline;\">gen<\/span>te de mala\u00a0<span style=\"text-decoration: underline;\">len<\/span>gua,<\/tt> <\/span><br \/>\n<span style=\"font-size: large; color: #cc99ff;\"><tt> A<\/tt> <\/span><br \/>\n<span style=\"font-size: large; color: #cc99ff;\"><tt>que por tu calle me ven ron<span style=\"text-decoration: underline;\">dar<\/span>:<\/tt> <\/span><br \/>\n<span style=\"font-size: large; color: #cc99ff;\"><tt> Am\u00a0\u00a0\u00a0\u00a0\u00a0\u00a0\u00a0\u00a0\u00a0\u00a0\u00a0\u00a0\u00a0\u00a0\u00a0\u00a0\u00a0\u00a0 E7<\/tt> <\/span><br \/>\n<span style=\"font-size: large; color: #cc99ff;\"><tt>\u00bfT\u00fa\u00a0<span style=\"text-decoration: underline;\">sa<\/span>bes su madre quien\u00a0<span style=\"text-decoration: underline;\">e<\/span>ra?<\/tt> <\/span><br \/>\n<span style=\"font-size: large; color: #cc99ff;\"><tt> Am<\/tt> <\/span><br \/>\n<span style=\"font-size: large; color: #cc99ff;\"><tt>Dolores la del can<span style=\"text-decoration: underline;\">tar<\/span>.<\/tt> <\/span><br \/>\n<tt><\/tt> <tt><\/tt><\/p>\n<p><span style=\"font-size: large; color: #cc99ff;\"><tt> G7\u00a0\u00a0\u00a0\u00a0\u00a0\u00a0\u00a0\u00a0\u00a0\u00a0\u00a0 C<\/tt> <\/span><br \/>\n<span style=\"font-size: large; color: #cc99ff;\"><tt>Yo la que<span style=\"text-decoration: underline;\">r\u00ed<\/span>a con amor\u00a0<span style=\"text-decoration: underline;\">bue<\/span>no,<\/tt> <\/span><br \/>\n<span style=\"font-size: large; color: #cc99ff;\"><tt> F\u00a0\u00a0\u00a0\u00a0\u00a0\u00a0\u00a0\u00a0\u00a0\u00a0\u00a0\u00a0\u00a0\u00a0\u00a0 E<\/tt> <\/span><br \/>\n<span style=\"font-size: large; color: #cc99ff;\"><tt>mas la ca<span style=\"text-decoration: underline;\">lum<\/span>nia la avergon<span style=\"text-decoration: underline;\">z\u00f3<\/span>.<\/tt> <\/span><br \/>\n<span style=\"font-size: large; color: #cc99ff;\"><tt> E7\u00a0\u00a0\u00a0\u00a0\u00a0\u00a0\u00a0\u00a0\u00a0\u00a0\u00a0\u00a0\u00a0\u00a0\u00a0\u00a0 Am<\/tt> <\/span><br \/>\n<span style=\"font-size: large; color: #cc99ff;\"><tt>Y no\u00a0<span style=\"text-decoration: underline;\">su<\/span>po limpiarse el\u00a0<span style=\"text-decoration: underline;\">cie<\/span>no,<\/tt> <\/span><br \/>\n<span style=\"font-size: large; color: #cc99ff;\"><tt>Dm\u00a0\u00a0\u00a0\u00a0\u00a0\u00a0\u00a0\u00a0 F\u00a0\u00a0\u00a0\u00a0\u00a0\u00a0\u00a0\u00a0\u00a0 E<\/tt> <\/span><br \/>\n<span style=\"font-size: large; color: #cc99ff;\"><tt><span style=\"text-decoration: underline;\">que<\/span> la mal<span style=\"text-decoration: underline;\">dad<\/span> le arro<span style=\"text-decoration: underline;\">j\u00f3<\/span>.<\/tt> <\/span><br \/>\n<tt><\/tt><br \/>\n<tt><\/tt> <tt><\/tt><\/p>\n<p><span style=\"font-size: large; color: #cc99ff;\"><em><tt>Copla que vas dando muerte<\/tt><\/em> <\/span><br \/>\n<span style=\"font-size: large; color: #cc99ff;\"><em><tt>con el alma de maldigo,\u00a0\u00a0\u00a0\u00a0\u00a0\u00a0<strong>RECITADO<\/strong><\/tt><\/em> <\/span><br \/>\n<span style=\"font-size: large; color: #cc99ff;\"><em><tt>fuiste dolor de mi madre,<\/tt><\/em> <\/span><br \/>\n<span style=\"font-size: large; color: #cc99ff;\"><em><tt>pero no podr\u00e1s conmigo<\/tt><\/em> <\/span><br \/>\n<tt><\/tt> <tt><\/tt><\/p>\n<p><span style=\"font-size: large; color: #cc99ff;\"><tt> E7\u00a0\u00a0\u00a0\u00a0\u00a0\u00a0 A<\/tt> <\/span><br \/>\n<span style=\"font-size: large; color: #cc99ff;\"><tt>Si vas\u00a0<span style=\"text-decoration: underline;\">a<\/span> Calata<span style=\"text-decoration: underline;\">yud<\/span>,<\/tt> <\/span><br \/>\n<span style=\"font-size: large; color: #cc99ff;\"><tt> Bbd\u00a0\u00a0\u00a0\u00a0\u00a0\u00a0\u00a0\u00a0 E7<\/tt> <\/span><br \/>\n<span style=\"font-size: large; color: #cc99ff;\"><tt>si\u00a0<span style=\"text-decoration: underline;\">vas<\/span> a Calata<span style=\"text-decoration: underline;\">yud<\/span>,<\/tt> <\/span><br \/>\n<span style=\"font-size: large; color: #cc99ff;\"><tt> A<\/tt> <\/span><br \/>\n<span style=\"font-size: large; color: #cc99ff;\"><tt>pregunta por la Do<span style=\"text-decoration: underline;\">lo<\/span>res,<\/tt> <\/span><br \/>\n<span style=\"font-size: large; color: #cc99ff;\"><tt> E7<\/tt> <\/span><br \/>\n<span style=\"font-size: large; color: #cc99ff;\"><tt>y en ofrenda de mi a<span style=\"text-decoration: underline;\">mor<\/span><\/tt> <\/span><br \/>\n<span style=\"font-size: large; color: #cc99ff;\"><tt> A<\/tt> <\/span><br \/>\n<span style=\"font-size: large; color: #cc99ff;\"><tt>en su tumba ponle\u00a0<span style=\"text-decoration: underline;\">flo<\/span>res<\/tt> <\/span><br \/>\n<span style=\"font-size: large; color: #cc99ff;\"><tt> E7<\/tt> <\/span><br \/>\n<span style=\"font-size: large; color: #cc99ff;\"><tt>Ve que te lo pido\u00a0<span style=\"text-decoration: underline;\">yo<\/span><\/tt> <\/span><br \/>\n<span style=\"font-size: large; color: #cc99ff;\"><tt> A<\/tt> <\/span><br \/>\n<span style=\"font-size: large; color: #cc99ff;\"><tt>el hijo de la Do<span style=\"text-decoration: underline;\">lo<\/span>res.<\/tt><\/span><\/p>\n<p><a href=\"http:\/\/www.tunaespana.es\/wp-content\/uploads\/2015\/05\/TunaEspa\u00f1a-Don-DudoBautizo-Tuna-Don-Chino-Juntamento-Cancionero-Tuna-Universidad-de-Murcia-musica-de-tuna06-disminuido-DonDudo.jpg\"><img decoding=\"async\" loading=\"lazy\" class=\"aligncenter size-full wp-image-29581\" src=\"http:\/\/www.tunaespana.es\/wp-content\/uploads\/2015\/05\/TunaEspa\u00f1a-Don-DudoBautizo-Tuna-Don-Chino-Juntamento-Cancionero-Tuna-Universidad-de-Murcia-musica-de-tuna06-disminuido-DonDudo.jpg\" alt=\"TunaEspa\u00f1a, Don Dudo,Bautizo Tuna, Don Chino, Juntamento, Cancionero Tuna, Universidad de Murcia, musica de tuna,06, disminuido, DonDudo\" width=\"710\" height=\"353\" srcset=\"https:\/\/www.tunaespana.es\/wp-content\/uploads\/2015\/05\/TunaEspa\u00f1a-Don-DudoBautizo-Tuna-Don-Chino-Juntamento-Cancionero-Tuna-Universidad-de-Murcia-musica-de-tuna06-disminuido-DonDudo.jpg 710w, https:\/\/www.tunaespana.es\/wp-content\/uploads\/2015\/05\/TunaEspa\u00f1a-Don-DudoBautizo-Tuna-Don-Chino-Juntamento-Cancionero-Tuna-Universidad-de-Murcia-musica-de-tuna06-disminuido-DonDudo-300x149.jpg 300w\" sizes=\"(max-width: 710px) 100vw, 710px\" \/><\/a><\/p>\n<p>&nbsp;<\/p>\n","protected":false},"excerpt":{"rendered":"<p>&nbsp; &nbsp; Si vas a calatayud \u00abLa Dolores\u00bb Autor:\u00a0S. Valverde \/ R. Zarzoso Interpretan: Margarita Sanchez,Trio Los Panchos Ritmo: Pasodoble Tuna Espa\u00f1a (Don Dudo) \u00a0 \u00a0 www.TunaEspana.com \u00a0 \u00a0www.TunaEspa\u00f1a.es Espa\u00f1a [Tube]https:\/\/www.youtube.com\/watch?v=mnnxxszs2jI[\/Tube] \u00abLa copla surgi\u00f3 de forma an\u00f3nima en Calatayud hacia 1840-1850, lo que \u00aboblig\u00f3\u00bb a Dolores Peinador a trasladarse a Madrid\u00bb Mar\u00eda de los Dolores [&hellip;]<\/p>\n","protected":false},"author":2,"featured_media":0,"comment_status":"closed","ping_status":"closed","sticky":false,"template":"","format":"standard","meta":[],"categories":[244,22,171,263,406],"tags":[2111,856,3271,1581,1475,3223,4419,860,758,723,4865,3224],"_links":{"self":[{"href":"https:\/\/www.tunaespana.es\/index.php?rest_route=\/wp\/v2\/posts\/3877"}],"collection":[{"href":"https:\/\/www.tunaespana.es\/index.php?rest_route=\/wp\/v2\/posts"}],"about":[{"href":"https:\/\/www.tunaespana.es\/index.php?rest_route=\/wp\/v2\/types\/post"}],"author":[{"embeddable":true,"href":"https:\/\/www.tunaespana.es\/index.php?rest_route=\/wp\/v2\/users\/2"}],"replies":[{"embeddable":true,"href":"https:\/\/www.tunaespana.es\/index.php?rest_route=%2Fwp%2Fv2%2Fcomments&post=3877"}],"version-history":[{"count":7,"href":"https:\/\/www.tunaespana.es\/index.php?rest_route=\/wp\/v2\/posts\/3877\/revisions"}],"predecessor-version":[{"id":29668,"href":"https:\/\/www.tunaespana.es\/index.php?rest_route=\/wp\/v2\/posts\/3877\/revisions\/29668"}],"wp:attachment":[{"href":"https:\/\/www.tunaespana.es\/index.php?rest_route=%2Fwp%2Fv2%2Fmedia&parent=3877"}],"wp:term":[{"taxonomy":"category","embeddable":true,"href":"https:\/\/www.tunaespana.es\/index.php?rest_route=%2Fwp%2Fv2%2Fcategories&post=3877"},{"taxonomy":"post_tag","embeddable":true,"href":"https:\/\/www.tunaespana.es\/index.php?rest_route=%2Fwp%2Fv2%2Ftags&post=3877"}],"curies":[{"name":"wp","href":"https:\/\/api.w.org\/{rel}","templated":true}]}}