{"id":3880,"date":"2011-07-27T15:18:50","date_gmt":"2011-07-27T15:18:50","guid":{"rendered":"http:\/\/www.tunaespana.com\/wp\/?p=3880"},"modified":"2015-06-09T18:09:23","modified_gmt":"2015-06-09T18:09:23","slug":"silencio-acorde-guitarra-letra-musicatuna","status":"publish","type":"post","link":"https:\/\/www.tunaespana.es\/?p=3880","title":{"rendered":"Silencio ,Acorde Guitarra, Letra Tabladura, Cancionero Tuna,Bolero"},"content":{"rendered":"<p>&nbsp;<\/p>\n<p style=\"text-align: center;\"><span style=\"font-size: x-large; color: #ff0000;\">Silencio<\/span><\/p>\n<p style=\"text-align: center;\"><span style=\"font-size: x-large; color: #ff0000;\"><br \/>\n<\/span><\/p>\n<p style=\"text-align: center;\"><span style=\"font-size: medium; color: #ffff00;\">Autor: Rafael Hernandez<\/span><\/p>\n<p style=\"text-align: center;\"><span style=\"font-size: medium; color: #00ccff;\">Interpretan: Trio Los Panchos (Jhonny Albino), Trio Avile\u00f1o, Danny Rivera, Javier Solis, Virginia Lopez, Javier Solis, Buena Vista Social Club<\/span><\/p>\n<p style=\"text-align: center;\"><span style=\"font-size: medium; color: #00ff00;\">Tuna Espa\u00f1a (Don Dudo) \u00a0 \u00a0 www.TunaEspana.com \u00a0 \u00a0www.TunaEspa\u00f1a.es<\/span><\/p>\n<p style=\"text-align: center;\"><span style=\"font-size: medium; color: #ffcc00;\">Ritmo: Bolero<\/span><\/p>\n<p style=\"text-align: center;\"><span style=\"font-size: medium; color: #ff00ff;\">Puerto Rico<\/span><\/p>\n<p align=\"CENTER\"><span style=\"color: #0000ff;\"><span style=\"font-family: Georgia,Times New Roman,Bitstream Charter,Times,serif;\"><span style=\"font-size: small;\">[Tube]https:\/\/www.youtube.com\/watch?v=MAxb1zgdCyg[\/Tube]<\/span><\/span><\/span><\/p>\n<p style=\"text-align: center;\"><span style=\"color: #cc99ff;\">Rafael Hern\u00e1ndez (October 24, 1892 December 11, 1965), is considered by many to be the greatest composer of Puerto Rican music. Hern\u00e1ndez (birth name: Rafael Hern\u00e1ndez Mar\u00edn) was born in the town of Aguadilla, Puerto Rico, into a poor family. As a child, he learned the craft of cigar making, from which he made a modest living. He also grew to love music and asked his parents to permit him to become a full-time music student. When he was 12 years old, Hern\u00e1ndez studied music in San Juan, under the guidance of music professors Jose Ruellan Lequenica and Jes\u00fas Figueroa. He learned to play many musical instruments, among them the clarinet, tuba, violin, piano and guitar. However, according to many Puerto Rican music historians, it was when he learned how to write music that his life and the history of Puerto Rican music would change forever. [1] At the age of 14, he played for the Cocolia Orquestra. Hern\u00e1ndez moved to San Juan where he played for the municipal orchestra under the director Manuel Tizol. n 1917, Rafael Hern\u00e1ndez was working as a musician in North Carolina, when the U.S. entered World War I. The Jazz bandleader James Reese Europe recruited brothers Rafael and Jes\u00fas Hern\u00e1ndez, and 16 more Puerto Ricans to join the United States Army&#8217;s Harlem Hell fighters musical band, the Orchestra Europe. He enlisted and was assigned to the U.S. 369th Infantry Regiment (formerly known as the 15th Infantry Regiment, New York National Guard, created in New York City June 2, 1913). The regiment, was nicknamed \u00abThe Harlem Hell Fighters\u00bb by the Germans, served in France. Hernandez toured Europe with the Orchestra Europe. The 369th was awarded French Croix de Guerre for battlefield gallantry by the President of France.<\/span><\/p>\n<p><a href=\"http:\/\/www.tunaespana.es\/wp-content\/uploads\/2011\/07\/Tuna-Espa\u00f1a-Tunas-De-Espa\u00f1a-Cancionero-Tuna-Canciones-de-Tuna-Estudiantinas-Universitarias-04-dism-Don-Dudo-catedral-de-murcia.jpg\"><img decoding=\"async\" loading=\"lazy\" class=\"aligncenter size-full wp-image-20780\" src=\"http:\/\/www.tunaespana.es\/wp-content\/uploads\/2011\/07\/Tuna-Espa\u00f1a-Tunas-De-Espa\u00f1a-Cancionero-Tuna-Canciones-de-Tuna-Estudiantinas-Universitarias-04-dism-Don-Dudo-catedral-de-murcia.jpg\" alt=\"Tuna Espa\u00f1a, Tunas De Espa\u00f1a, Cancionero Tuna, Canciones de Tuna, Estudiantinas Universitarias, 04, dism, Don Dudo, catedral de murcia\" width=\"568\" height=\"373\" srcset=\"https:\/\/www.tunaespana.es\/wp-content\/uploads\/2011\/07\/Tuna-Espa\u00f1a-Tunas-De-Espa\u00f1a-Cancionero-Tuna-Canciones-de-Tuna-Estudiantinas-Universitarias-04-dism-Don-Dudo-catedral-de-murcia.jpg 568w, https:\/\/www.tunaespana.es\/wp-content\/uploads\/2011\/07\/Tuna-Espa\u00f1a-Tunas-De-Espa\u00f1a-Cancionero-Tuna-Canciones-de-Tuna-Estudiantinas-Universitarias-04-dism-Don-Dudo-catedral-de-murcia-300x197.jpg 300w\" sizes=\"(max-width: 568px) 100vw, 568px\" \/><\/a><\/p>\n<p><span style=\"font-size: large; color: #cc99ff;\"><tt> Dm\u00a0\u00a0\u00a0\u00a0 A7\u00a0\u00a0\u00a0\u00a0\u00a0\u00a0 Dm<\/tt> <\/span><br \/>\n<span style=\"font-size: large; color: #cc99ff;\"><tt><span style=\"text-decoration: underline;\">Duer<\/span>men\u00a0<span style=\"text-decoration: underline;\">en<\/span> mi jar<span style=\"text-decoration: underline;\">d\u00edn<\/span>,<\/tt> <\/span><br \/>\n<span style=\"font-size: large; color: #cc99ff;\"><tt> Gm<\/tt> <\/span><br \/>\n<span style=\"font-size: large; color: #cc99ff;\"><tt>las blancas azu<span style=\"text-decoration: underline;\">ce<\/span>nas<\/tt> <\/span><br \/>\n<span style=\"font-size: large; color: #cc99ff;\"><tt> A7\u00a0\u00a0\u00a0\u00a0\u00a0\u00a0\u00a0\u00a0\u00a0\u00a0 Dm<\/tt> <\/span><br \/>\n<span style=\"font-size: large; color: #cc99ff;\"><tt>los\u00a0<span style=\"text-decoration: underline;\">nar<\/span>dos y las\u00a0<span style=\"text-decoration: underline;\">ro<\/span>sas.<\/tt> <\/span><br \/>\n<span style=\"font-size: large; color: #cc99ff;\"><tt> D7\u00a0\u00a0\u00a0\u00a0\u00a0\u00a0\u00a0\u00a0\u00a0 Gm<\/tt> <\/span><br \/>\n<span style=\"font-size: large; color: #cc99ff;\"><tt>Mi alma tan\u00a0<span style=\"text-decoration: underline;\">tris<\/span>te y pesa<span style=\"text-decoration: underline;\">ro<\/span>sa<\/tt> <\/span><br \/>\n<span style=\"font-size: large; color: #cc99ff;\"><tt> Dm\u00a0\u00a0\u00a0\u00a0\u00a0\u00a0\u00a0\u00a0\u00a0\u00a0\u00a0\u00a0\u00a0\u00a0 A7\u00a0\u00a0\u00a0\u00a0\u00a0\u00a0\u00a0\u00a0\u00a0\u00a0\u00a0\u00a0\u00a0 Dm\u00a0 33 32 30 43 42 40<\/tt> <\/span><br \/>\n<span style=\"font-size: large; color: #cc99ff;\"><tt>que a las\u00a0<span style=\"text-decoration: underline;\">flo<\/span>res quiere ocul<span style=\"text-decoration: underline;\">tar<\/span> su amargo do<span style=\"text-decoration: underline;\">lor<\/span>.<\/tt><\/span><\/p>\n<p><span style=\"font-size: large; color: #cc99ff;\"><tt>43 42 40\u00a0\u00a0\u00a0\u00a0\u00a0 C\u00a0\u00a0\u00a0\u00a0\u00a0\u00a0\u00a0\u00a0\u00a0\u00a0\u00a0\u00a0 C7\u00a0\u00a0\u00a0\u00a0 F<\/tt> <\/span><br \/>\n<span style=\"font-size: large; color: #cc99ff;\"><tt> <span style=\"text-decoration: underline;\">Yo<\/span> no\u00a0<span style=\"text-decoration: underline;\">quie<\/span>ro que las\u00a0<span style=\"text-decoration: underline;\">flo<\/span>res\u00a0<span style=\"text-decoration: underline;\">se<\/span>pan<\/tt> <\/span><br \/>\n<span style=\"font-size: large; color: #cc99ff;\"><tt> A7\u00a0\u00a0\u00a0\u00a0\u00a0\u00a0\u00a0\u00a0\u00a0\u00a0\u00a0\u00a0\u00a0\u00a0\u00a0\u00a0\u00a0 Dm<\/tt> <\/span><br \/>\n<span style=\"font-size: large; color: #cc99ff;\"><tt>los tor<span style=\"text-decoration: underline;\">men<\/span>tos que me da la\u00a0<span style=\"text-decoration: underline;\">vi<\/span>da.<\/tt> <\/span><br \/>\n<span style=\"font-size: large; color: #cc99ff;\"><tt>43 42 40\u00a0\u00a0\u00a0 C\u00a0\u00a0\u00a0\u00a0\u00a0\u00a0\u00a0\u00a0\u00a0\u00a0\u00a0\u00a0\u00a0 C7\u00a0\u00a0\u00a0\u00a0\u00a0 F<\/tt> <\/span><br \/>\n<span style=\"font-size: large; color: #cc99ff;\"><tt> <span style=\"text-decoration: underline;\">Si<\/span> su<span style=\"text-decoration: underline;\">pie<\/span>ran lo que es<span style=\"text-decoration: underline;\">toy<\/span> su<span style=\"text-decoration: underline;\">frien<\/span>do<\/tt> <\/span><br \/>\n<span style=\"font-size: large; color: #cc99ff;\"><tt> A#7\u00a0\u00a0\u00a0\u00a0\u00a0 Gm\u00a0\u00a0\u00a0\u00a0\u00a0\u00a0 A7<\/tt> <\/span><br \/>\n<span style=\"font-size: large; color: #cc99ff;\"><tt>de\u00a0<span style=\"text-decoration: underline;\">pe<\/span>na mori<span style=\"text-decoration: underline;\">r\u00ed<\/span>an tam<span style=\"text-decoration: underline;\">bi\u00e9n<\/span>.<\/tt><\/span><\/p>\n<p><span style=\"font-size: large; color: #cc99ff;\"><tt> D\u00a0\u00a0\u00a0\u00a0\u00a0\u00a0\u00a0\u00a0\u00a0\u00a0\u00a0\u00a0\u00a0\u00a0\u00a0\u00a0\u00a0\u00a0\u00a0 Em<\/tt> <\/span><br \/>\n<span style=\"font-size: large; color: #cc99ff;\"><tt>Si<span style=\"text-decoration: underline;\">len<\/span>cio, que est\u00e1n dur<span style=\"text-decoration: underline;\">mien<\/span>do<\/tt> <\/span><br \/>\n<span style=\"font-size: large; color: #cc99ff;\"><tt> A7\u00a0\u00a0\u00a0\u00a0\u00a0\u00a0\u00a0\u00a0\u00a0\u00a0\u00a0\u00a0\u00a0\u00a0 D<\/tt> <\/span><br \/>\n<span style=\"font-size: large; color: #cc99ff;\"><tt>los\u00a0<span style=\"text-decoration: underline;\">nar<\/span>dos y las azu<span style=\"text-decoration: underline;\">ce<\/span>nas.<\/tt> <\/span><br \/>\n<span style=\"font-size: large; color: #cc99ff;\"><tt> F#\u00a0\u00a0\u00a0\u00a0\u00a0\u00a0\u00a0\u00a0\u00a0\u00a0\u00a0\u00a0\u00a0\u00a0\u00a0\u00a0\u00a0 G<\/tt> <\/span><br \/>\n<span style=\"font-size: large; color: #cc99ff;\"><tt>No\u00a0<span style=\"text-decoration: underline;\">quie<\/span>ro que sepan mis\u00a0<span style=\"text-decoration: underline;\">pe<\/span>nas<\/tt> <\/span><br \/>\n<span style=\"font-size: large; color: #cc99ff;\"><tt> D\u00a0 B7\u00a0\u00a0\u00a0\u00a0\u00a0\u00a0\u00a0\u00a0\u00a0\u00a0 Em\u00a0\u00a0 A7\u00a0\u00a0\u00a0\u00a0 D<\/tt> <\/span><br \/>\n<span style=\"font-size: large; color: #cc99ff;\"><tt>por<span style=\"text-decoration: underline;\">que<\/span> <span style=\"text-decoration: underline;\">si<\/span> me ven llo<span style=\"text-decoration: underline;\">ran<\/span>do, mori<span style=\"text-decoration: underline;\">r\u00e1n<\/span>.<\/tt> <\/span><br \/>\n<span style=\"font-size: large; color: #cc99ff;\"><tt>Gm\u00a0\u00a0 D<\/tt> <\/span><br \/>\n<span style=\"font-size: large; color: #cc99ff;\"><tt><span style=\"text-decoration: underline;\">Mo<\/span>ri<span style=\"text-decoration: underline;\">r\u00e1n<\/span><\/tt><\/span><\/p>\n<p>&nbsp;<\/p>\n<p align=\"CENTER\"><span style=\"color: #0000ff;\"><span style=\"font-family: Georgia,Times New Roman,Bitstream Charter,Times,serif;\"><span style=\"font-size: small;\">[Tube]https:\/\/www.youtube.com\/watch?v=JAH7Rk-yxaQ[\/Tube]<\/span><\/span><\/span><\/p>\n<p><span style=\"color: #ff00ff; font-size: medium;\">Tono E<\/span><\/p>\n<pre><span style=\"font-size: large; color: #cc99ff;\">Em     B7         Em                 B7                      Em\r\nDuermen  en mi jard\u00edn las blancas azucenas, los nardos y las rosas,\r\n\r\nE7                        Am                            Em\r\nmi alma, muy triste y pesarosa, a las flores quiere ocultar\r\n\r\n    B7      Em\r\nsu amargo dolor.\r\n\r\n      Am                    Em           B7                   Em\r\nYo no quiero que las flores sepan, los tormentos que me da la vida,\r\n\r\nAm                         Em          Am       F#7     B7\r\nsi supieran lo que estoy sufriendo, de pena morir\u00edan tambi\u00e9n.\r\n\r\n  E       Edim         B7                         E\r\nSilencio, que est\u00e1n durmiendo los nardos y las azucenas,\r\n\r\nG#7                     C#m   A              E      B7        E\r\nno quiero que sepan mis penas,  porque si me ven llorando morir\u00e1n.<\/span><\/pre>\n<p>&nbsp;<\/p>\n<p align=\"CENTER\"><span style=\"color: #0000ff;\"><span style=\"font-family: Georgia,Times New Roman,Bitstream Charter,Times,serif;\"><span style=\"font-size: small;\">[Tube]https:\/\/www.youtube.com\/watch?v=jfF1khbzlZ8[\/Tube]<\/span><\/span><\/span><\/p>\n","protected":false},"excerpt":{"rendered":"<p>&nbsp; Silencio Autor: Rafael Hernandez Interpretan: Trio Los Panchos (Jhonny Albino), Trio Avile\u00f1o, Danny Rivera, Javier Solis, Virginia Lopez, Javier Solis, Buena Vista Social Club Tuna Espa\u00f1a (Don Dudo) \u00a0 \u00a0 www.TunaEspana.com \u00a0 \u00a0www.TunaEspa\u00f1a.es Ritmo: Bolero Puerto Rico [Tube]https:\/\/www.youtube.com\/watch?v=MAxb1zgdCyg[\/Tube] Rafael Hern\u00e1ndez (October 24, 1892 December 11, 1965), is considered by many to be the greatest [&hellip;]<\/p>\n","protected":false},"author":2,"featured_media":0,"comment_status":"closed","ping_status":"closed","sticky":false,"template":"","format":"standard","meta":[],"categories":[274,182,153,242,47,57,22,171,263],"tags":[840,4634,4618,4636,750,1758,929,2649,775,4630],"_links":{"self":[{"href":"https:\/\/www.tunaespana.es\/index.php?rest_route=\/wp\/v2\/posts\/3880"}],"collection":[{"href":"https:\/\/www.tunaespana.es\/index.php?rest_route=\/wp\/v2\/posts"}],"about":[{"href":"https:\/\/www.tunaespana.es\/index.php?rest_route=\/wp\/v2\/types\/post"}],"author":[{"embeddable":true,"href":"https:\/\/www.tunaespana.es\/index.php?rest_route=\/wp\/v2\/users\/2"}],"replies":[{"embeddable":true,"href":"https:\/\/www.tunaespana.es\/index.php?rest_route=%2Fwp%2Fv2%2Fcomments&post=3880"}],"version-history":[{"count":8,"href":"https:\/\/www.tunaespana.es\/index.php?rest_route=\/wp\/v2\/posts\/3880\/revisions"}],"predecessor-version":[{"id":29671,"href":"https:\/\/www.tunaespana.es\/index.php?rest_route=\/wp\/v2\/posts\/3880\/revisions\/29671"}],"wp:attachment":[{"href":"https:\/\/www.tunaespana.es\/index.php?rest_route=%2Fwp%2Fv2%2Fmedia&parent=3880"}],"wp:term":[{"taxonomy":"category","embeddable":true,"href":"https:\/\/www.tunaespana.es\/index.php?rest_route=%2Fwp%2Fv2%2Fcategories&post=3880"},{"taxonomy":"post_tag","embeddable":true,"href":"https:\/\/www.tunaespana.es\/index.php?rest_route=%2Fwp%2Fv2%2Ftags&post=3880"}],"curies":[{"name":"wp","href":"https:\/\/api.w.org\/{rel}","templated":true}]}}