{"id":39217,"date":"2025-02-01T18:25:50","date_gmt":"2025-02-01T17:25:50","guid":{"rendered":"https:\/\/www.tunaespana.es\/?p=39217"},"modified":"2025-02-01T19:14:28","modified_gmt":"2025-02-01T18:14:28","slug":"noche-junto-al-mar","status":"publish","type":"post","link":"https:\/\/www.tunaespana.es\/?p=39217","title":{"rendered":"Noche junto al mar @ @ Bolero @ TunaEspa\u00f1a @ DonDudo @ Carlos I. Espinosa Celdr\u00e1n"},"content":{"rendered":"<h1 style=\"text-align: center;\"><span style=\"color: #ff0000;\">Noche junto al mar<\/span><\/h1>\n<p style=\"text-align: center;\"><strong><span style=\"color: #0000ff;\">Autor de m\u00fasica y letra: Carlos I. Espinosa Celdr\u00e1n \u00abDonDudo\u00bb (fundador de TunaEspa\u00f1a)<\/span><\/strong><\/p>\n<p style=\"text-align: center;\"><strong><span style=\"color: #00ff00;\">Ritmo: Bolero<\/span><\/strong><\/p>\n<p><a href=\"https:\/\/www.tunaespana.es\/?attachment_id=39218\" rel=\"attachment wp-att-39218\"><img decoding=\"async\" loading=\"lazy\" class=\"aligncenter size-full wp-image-39218\" src=\"https:\/\/www.tunaespana.es\/wp-content\/uploads\/944679_867483046682632_9171560379496016924_n.jpg\" alt=\"\" width=\"800\" height=\"534\" srcset=\"https:\/\/www.tunaespana.es\/wp-content\/uploads\/944679_867483046682632_9171560379496016924_n.jpg 800w, https:\/\/www.tunaespana.es\/wp-content\/uploads\/944679_867483046682632_9171560379496016924_n-300x200.jpg 300w, https:\/\/www.tunaespana.es\/wp-content\/uploads\/944679_867483046682632_9171560379496016924_n-768x513.jpg 768w\" sizes=\"(max-width: 800px) 100vw, 800px\" \/><\/a><\/p>\n<p>.<\/p>\n<blockquote class=\"embedly-card\" data-card-controls=\"1\" data-card-align=\"center\" data-card-theme=\"light\">\n<h4><a href=\"https:\/\/www.youtube.com\/watch?v=--lYDUDbFwA\">TunaEspa\u00f1a @ DonDudo @ Noche junto al mar @ Bolero<\/a><\/h4>\n<p>Noche junto al mar Bolero M\u00fasica y Letra de Carlos I. Espinosa Celdr\u00e1n \u00abDonDudo\u00bb Nuestros Raticos, en casa de nuestro DonOliveti con su piano (Pedro Egio). Guitarra DonDudo.<\/p>\n<\/blockquote>\n<p><script async src=\"\/\/cdn.embedly.com\/widgets\/platform.js\" charset=\"UTF-8\"><\/script><\/p>\n<p>.<\/p>\n<p style=\"text-align: center;\"><span style=\"color: #999999;\">AY!! por que me quieres coraz\u00f3n<\/span><\/p>\n<p style=\"text-align: center;\"><span style=\"color: #999999;\">si sabes que pronto t\u00fa y yo, nos daremos el adios.<\/span><\/p>\n<p style=\"text-align: center;\"><span style=\"color: #999999;\">NO!! es mejor no recordar<\/span><\/p>\n<p style=\"text-align: center;\"><span style=\"color: #999999;\">lo que nos hizo enamorar<\/span><\/p>\n<p style=\"text-align: center;\"><span style=\"color: #999999;\">aquella noche, junto al mar.<\/span><\/p>\n<p style=\"text-align: center;\"><span style=\"color: #999999;\">VEN!!! quiero fundirme en un final<\/span><\/p>\n<p style=\"text-align: center;\"><span style=\"color: #999999;\">sentirte m\u00eda, una vez m\u00e1s<\/span><\/p>\n<p style=\"text-align: center;\"><span style=\"color: #999999;\">y ya nunca volverte amar.<\/span><\/p>\n<p style=\"text-align: center;\"><span style=\"color: #999999;\">NO, preguntes, yo te imploro<\/span><\/p>\n<p style=\"text-align: center;\"><span style=\"color: #999999;\">que te quiero, que te adoro<\/span><\/p>\n<p style=\"text-align: center;\"><span style=\"color: #999999;\">y en tus labios, mis caricias llevaras<\/span><\/p>\n<p style=\"text-align: center;\"><span style=\"color: #999999;\">.<\/span><\/p>\n<blockquote class=\"embedly-card\" data-card-controls=\"1\" data-card-align=\"center\" data-card-theme=\"light\">\n<h4><a href=\"https:\/\/www.youtube.com\/watch?v=72b4Rvd7tzs\">DonDudo &#038; Noche Junto al Mar &#038; Bolero &#038; DonMafaldo<\/a><\/h4>\n<p>Autor de m\u00fasica y letra: Carlos I. Espinosa Celdr\u00e1n \u00abDonDudo\u00bb (TunaEspa\u00f1a) Aqu\u00ed una grabaci\u00f3n improvisada de nuestros raticos en casa, con mi muy querido hermanico DonMafaldo (La\u00fad). \u00abTunaEspa\u00f1a\u00bb La F\u00e1brica de Hacer Amigos. Un muy Fuerte DonDudoAbrazo. Dios os Bendiga Bendita Hispanidad!!<\/p>\n<\/blockquote>\n<p><script async src=\"\/\/cdn.embedly.com\/widgets\/platform.js\" charset=\"UTF-8\"><\/script><\/p>\n<p>.<\/p>\n<p><a href=\"https:\/\/www.tunaespana.es\/?attachment_id=39235\" rel=\"attachment wp-att-39235\"><img decoding=\"async\" loading=\"lazy\" class=\"aligncenter size-full wp-image-39235\" src=\"https:\/\/www.tunaespana.es\/wp-content\/uploads\/2.jpg\" alt=\"\" width=\"196\" height=\"473\" srcset=\"https:\/\/www.tunaespana.es\/wp-content\/uploads\/2.jpg 196w, https:\/\/www.tunaespana.es\/wp-content\/uploads\/2-124x300.jpg 124w\" sizes=\"(max-width: 196px) 100vw, 196px\" \/><\/a><\/p>\n<p>.<\/p>\n<p><a href=\"https:\/\/www.tunaespana.es\/?attachment_id=39219\" rel=\"attachment wp-att-39219\"><img decoding=\"async\" loading=\"lazy\" class=\"aligncenter size-full wp-image-39219\" src=\"https:\/\/www.tunaespana.es\/wp-content\/uploads\/TunaEspana-Cancionero-tuna-Tuna-medicina-Murcia-Musica-de-Tuna-Certamen-Tuna-08-dism.jpg\" alt=\"\" width=\"772\" height=\"370\" srcset=\"https:\/\/www.tunaespana.es\/wp-content\/uploads\/TunaEspana-Cancionero-tuna-Tuna-medicina-Murcia-Musica-de-Tuna-Certamen-Tuna-08-dism.jpg 772w, https:\/\/www.tunaespana.es\/wp-content\/uploads\/TunaEspana-Cancionero-tuna-Tuna-medicina-Murcia-Musica-de-Tuna-Certamen-Tuna-08-dism-300x144.jpg 300w, https:\/\/www.tunaespana.es\/wp-content\/uploads\/TunaEspana-Cancionero-tuna-Tuna-medicina-Murcia-Musica-de-Tuna-Certamen-Tuna-08-dism-768x368.jpg 768w\" sizes=\"(max-width: 772px) 100vw, 772px\" \/><\/a><\/p>\n<p>.<\/p>\n<p><a href=\"https:\/\/www.tunaespana.es\/?attachment_id=39223\" rel=\"attachment wp-att-39223\"><img decoding=\"async\" loading=\"lazy\" class=\"aligncenter size-full wp-image-39223\" src=\"https:\/\/www.tunaespana.es\/wp-content\/uploads\/23215618_376323926158341_3998379813783543677_o-1.jpg\" alt=\"\" width=\"2048\" height=\"1365\" srcset=\"https:\/\/www.tunaespana.es\/wp-content\/uploads\/23215618_376323926158341_3998379813783543677_o-1.jpg 2048w, https:\/\/www.tunaespana.es\/wp-content\/uploads\/23215618_376323926158341_3998379813783543677_o-1-300x200.jpg 300w, https:\/\/www.tunaespana.es\/wp-content\/uploads\/23215618_376323926158341_3998379813783543677_o-1-1024x683.jpg 1024w, https:\/\/www.tunaespana.es\/wp-content\/uploads\/23215618_376323926158341_3998379813783543677_o-1-768x512.jpg 768w, https:\/\/www.tunaespana.es\/wp-content\/uploads\/23215618_376323926158341_3998379813783543677_o-1-1536x1024.jpg 1536w\" sizes=\"(max-width: 2048px) 100vw, 2048px\" \/><\/a><\/p>\n<p>.<\/p>\n<p><a href=\"https:\/\/www.tunaespana.es\/?attachment_id=39224\" rel=\"attachment wp-att-39224\"><img decoding=\"async\" loading=\"lazy\" class=\"aligncenter size-full wp-image-39224\" src=\"https:\/\/www.tunaespana.es\/wp-content\/uploads\/Tuna-Espana-Tunas-Universitarias-Tunas-y-estudiantinas-cancionero-tuna-certamen-Internacional-Tuna-buen-tunar-Jose-Fernando-Canciones-de-Tuna-musica-de-tuna-ronda-la-tuna-Serenata-.jpg\" alt=\"\" width=\"519\" height=\"296\" srcset=\"https:\/\/www.tunaespana.es\/wp-content\/uploads\/Tuna-Espana-Tunas-Universitarias-Tunas-y-estudiantinas-cancionero-tuna-certamen-Internacional-Tuna-buen-tunar-Jose-Fernando-Canciones-de-Tuna-musica-de-tuna-ronda-la-tuna-Serenata-.jpg 519w, https:\/\/www.tunaespana.es\/wp-content\/uploads\/Tuna-Espana-Tunas-Universitarias-Tunas-y-estudiantinas-cancionero-tuna-certamen-Internacional-Tuna-buen-tunar-Jose-Fernando-Canciones-de-Tuna-musica-de-tuna-ronda-la-tuna-Serenata--300x171.jpg 300w\" sizes=\"(max-width: 519px) 100vw, 519px\" \/><\/a><\/p>\n<p>.<\/p>\n<p><a href=\"https:\/\/www.tunaespana.es\/?attachment_id=39225\" rel=\"attachment wp-att-39225\"><img decoding=\"async\" loading=\"lazy\" class=\"aligncenter size-full wp-image-39225\" src=\"https:\/\/www.tunaespana.es\/wp-content\/uploads\/438058690_7611770425587160_7745556135133407929_n-1.jpg\" alt=\"\" width=\"608\" height=\"1000\" srcset=\"https:\/\/www.tunaespana.es\/wp-content\/uploads\/438058690_7611770425587160_7745556135133407929_n-1.jpg 608w, https:\/\/www.tunaespana.es\/wp-content\/uploads\/438058690_7611770425587160_7745556135133407929_n-1-182x300.jpg 182w\" sizes=\"(max-width: 608px) 100vw, 608px\" \/><\/a><\/p>\n<p>.<\/p>\n<p><a href=\"https:\/\/www.tunaespana.es\/?attachment_id=39226\" rel=\"attachment wp-att-39226\"><img decoding=\"async\" loading=\"lazy\" class=\"aligncenter size-full wp-image-39226\" src=\"https:\/\/www.tunaespana.es\/wp-content\/uploads\/347611879_2225906297607702_8515655494157559009_n.jpg\" alt=\"\" width=\"2048\" height=\"2029\" srcset=\"https:\/\/www.tunaespana.es\/wp-content\/uploads\/347611879_2225906297607702_8515655494157559009_n.jpg 2048w, https:\/\/www.tunaespana.es\/wp-content\/uploads\/347611879_2225906297607702_8515655494157559009_n-300x297.jpg 300w, https:\/\/www.tunaespana.es\/wp-content\/uploads\/347611879_2225906297607702_8515655494157559009_n-1024x1015.jpg 1024w, https:\/\/www.tunaespana.es\/wp-content\/uploads\/347611879_2225906297607702_8515655494157559009_n-150x150.jpg 150w, https:\/\/www.tunaespana.es\/wp-content\/uploads\/347611879_2225906297607702_8515655494157559009_n-768x761.jpg 768w, https:\/\/www.tunaespana.es\/wp-content\/uploads\/347611879_2225906297607702_8515655494157559009_n-1536x1522.jpg 1536w\" sizes=\"(max-width: 2048px) 100vw, 2048px\" \/><\/a><\/p>\n<p>.<\/p>\n<p><a href=\"https:\/\/www.tunaespana.es\/?attachment_id=39227\" rel=\"attachment wp-att-39227\"><img decoding=\"async\" loading=\"lazy\" class=\"aligncenter size-full wp-image-39227\" src=\"https:\/\/www.tunaespana.es\/wp-content\/uploads\/17973840_284794678644600_7802536795350072361_o-1.jpg\" alt=\"\" width=\"843\" height=\"758\" srcset=\"https:\/\/www.tunaespana.es\/wp-content\/uploads\/17973840_284794678644600_7802536795350072361_o-1.jpg 843w, https:\/\/www.tunaespana.es\/wp-content\/uploads\/17973840_284794678644600_7802536795350072361_o-1-300x270.jpg 300w, https:\/\/www.tunaespana.es\/wp-content\/uploads\/17973840_284794678644600_7802536795350072361_o-1-768x691.jpg 768w\" sizes=\"(max-width: 843px) 100vw, 843px\" \/><\/a><\/p>\n<p>.<\/p>\n<p><a href=\"https:\/\/www.tunaespana.es\/?attachment_id=39228\" rel=\"attachment wp-att-39228\"><img decoding=\"async\" loading=\"lazy\" class=\"aligncenter size-full wp-image-39228\" src=\"https:\/\/www.tunaespana.es\/wp-content\/uploads\/379132300_1820947001696019_2995036542663037293_n.jpg\" alt=\"\" width=\"1280\" height=\"990\" srcset=\"https:\/\/www.tunaespana.es\/wp-content\/uploads\/379132300_1820947001696019_2995036542663037293_n.jpg 1280w, https:\/\/www.tunaespana.es\/wp-content\/uploads\/379132300_1820947001696019_2995036542663037293_n-300x232.jpg 300w, https:\/\/www.tunaespana.es\/wp-content\/uploads\/379132300_1820947001696019_2995036542663037293_n-1024x792.jpg 1024w, https:\/\/www.tunaespana.es\/wp-content\/uploads\/379132300_1820947001696019_2995036542663037293_n-768x594.jpg 768w\" sizes=\"(max-width: 1280px) 100vw, 1280px\" \/><\/a><\/p>\n<p>.<\/p>\n<p><a href=\"https:\/\/www.tunaespana.es\/?attachment_id=39229\" rel=\"attachment wp-att-39229\"><img decoding=\"async\" loading=\"lazy\" class=\"aligncenter size-full wp-image-39229\" src=\"https:\/\/www.tunaespana.es\/wp-content\/uploads\/326452115_1261407374438688_6716637588977266529_n.jpg\" alt=\"\" width=\"555\" height=\"304\" srcset=\"https:\/\/www.tunaespana.es\/wp-content\/uploads\/326452115_1261407374438688_6716637588977266529_n.jpg 555w, https:\/\/www.tunaespana.es\/wp-content\/uploads\/326452115_1261407374438688_6716637588977266529_n-300x164.jpg 300w\" sizes=\"(max-width: 555px) 100vw, 555px\" \/><\/a><\/p>\n<p>.<\/p>\n<p><a href=\"https:\/\/www.tunaespana.es\/?attachment_id=39230\" rel=\"attachment wp-att-39230\"><img decoding=\"async\" loading=\"lazy\" class=\"aligncenter size-full wp-image-39230\" src=\"https:\/\/www.tunaespana.es\/wp-content\/uploads\/336685478_175919691611485_5296285691576980704_n.jpg\" alt=\"\" width=\"683\" height=\"514\" srcset=\"https:\/\/www.tunaespana.es\/wp-content\/uploads\/336685478_175919691611485_5296285691576980704_n.jpg 683w, https:\/\/www.tunaespana.es\/wp-content\/uploads\/336685478_175919691611485_5296285691576980704_n-300x226.jpg 300w\" sizes=\"(max-width: 683px) 100vw, 683px\" \/><\/a><\/p>\n<p>.<\/p>\n<p><a href=\"https:\/\/www.tunaespana.es\/?attachment_id=39231\" rel=\"attachment wp-att-39231\"><img decoding=\"async\" loading=\"lazy\" class=\"aligncenter size-full wp-image-39231\" src=\"https:\/\/www.tunaespana.es\/wp-content\/uploads\/299022708_2001743386690662_3877689779957844006_n-1.jpg\" alt=\"\" width=\"672\" height=\"447\" srcset=\"https:\/\/www.tunaespana.es\/wp-content\/uploads\/299022708_2001743386690662_3877689779957844006_n-1.jpg 672w, https:\/\/www.tunaespana.es\/wp-content\/uploads\/299022708_2001743386690662_3877689779957844006_n-1-300x200.jpg 300w\" sizes=\"(max-width: 672px) 100vw, 672px\" \/><\/a><\/p>\n<p>.<\/p>\n<p><a href=\"https:\/\/www.tunaespana.es\/?attachment_id=39232\" rel=\"attachment wp-att-39232\"><img decoding=\"async\" loading=\"lazy\" class=\"aligncenter size-full wp-image-39232\" src=\"https:\/\/www.tunaespana.es\/wp-content\/uploads\/316278120_1633381847119203_1879389284499417569_n.jpg\" alt=\"\" width=\"719\" height=\"797\" srcset=\"https:\/\/www.tunaespana.es\/wp-content\/uploads\/316278120_1633381847119203_1879389284499417569_n.jpg 719w, https:\/\/www.tunaespana.es\/wp-content\/uploads\/316278120_1633381847119203_1879389284499417569_n-271x300.jpg 271w\" sizes=\"(max-width: 719px) 100vw, 719px\" \/><\/a><\/p>\n<p>.<\/p>\n<p><a href=\"https:\/\/www.tunaespana.es\/?attachment_id=39233\" rel=\"attachment wp-att-39233\"><img decoding=\"async\" loading=\"lazy\" class=\"aligncenter size-full wp-image-39233\" src=\"https:\/\/www.tunaespana.es\/wp-content\/uploads\/Don-Dudo-Rafael-basurto-lara-Los-Panchos-TunaEspana-Tunos.com_-1-1.jpg\" alt=\"\" width=\"261\" height=\"300\" \/><\/a><\/p>\n<p>.<\/p>\n<p><a href=\"https:\/\/www.tunaespana.es\/?attachment_id=39234\" rel=\"attachment wp-att-39234\"><img decoding=\"async\" loading=\"lazy\" class=\"aligncenter size-full wp-image-39234\" src=\"https:\/\/www.tunaespana.es\/wp-content\/uploads\/TunaEspana-Catedral-De-Murcia-virgen-de-la-fuensanta.jpg\" alt=\"\" width=\"429\" height=\"640\" srcset=\"https:\/\/www.tunaespana.es\/wp-content\/uploads\/TunaEspana-Catedral-De-Murcia-virgen-de-la-fuensanta.jpg 429w, https:\/\/www.tunaespana.es\/wp-content\/uploads\/TunaEspana-Catedral-De-Murcia-virgen-de-la-fuensanta-201x300.jpg 201w\" sizes=\"(max-width: 429px) 100vw, 429px\" \/><\/a><\/p>\n<p>.<\/p>\n<p><a href=\"https:\/\/www.tunaespana.es\/?attachment_id=39236\" rel=\"attachment wp-att-39236\"><img decoding=\"async\" loading=\"lazy\" class=\"aligncenter size-full wp-image-39236\" src=\"https:\/\/www.tunaespana.es\/wp-content\/uploads\/Tuna-Espana-Tunas-Universitarias-Tunas-y-estudiantinas-cancionero-tuna-certamen-internacional-Tuna-Don-Dudo-Musica-de-Tuna-Buen-Tunar-Canciones-de-Tuna-Ronda-La-Tuna-serenataTuna-M.jpg\" alt=\"\" width=\"603\" height=\"270\" srcset=\"https:\/\/www.tunaespana.es\/wp-content\/uploads\/Tuna-Espana-Tunas-Universitarias-Tunas-y-estudiantinas-cancionero-tuna-certamen-internacional-Tuna-Don-Dudo-Musica-de-Tuna-Buen-Tunar-Canciones-de-Tuna-Ronda-La-Tuna-serenataTuna-M.jpg 603w, https:\/\/www.tunaespana.es\/wp-content\/uploads\/Tuna-Espana-Tunas-Universitarias-Tunas-y-estudiantinas-cancionero-tuna-certamen-internacional-Tuna-Don-Dudo-Musica-de-Tuna-Buen-Tunar-Canciones-de-Tuna-Ronda-La-Tuna-serenataTuna-M-300x134.jpg 300w\" sizes=\"(max-width: 603px) 100vw, 603px\" \/><\/a><\/p>\n<p>.<\/p>\n<p><a href=\"https:\/\/www.tunaespana.es\/?attachment_id=39237\" rel=\"attachment wp-att-39237\"><img decoding=\"async\" loading=\"lazy\" class=\"aligncenter size-full wp-image-39237\" src=\"https:\/\/www.tunaespana.es\/wp-content\/uploads\/Tuna-Espana-Tunas-Universitarias-Tunas-y-estudiantinas-cancionero-tuna-certamen-Internacional-Tuna-Costa-Calida-buen-tunar-Don-Dudo-Don-Brillantes-musica-tuna-carnaval-cadizmurga-d.jpg\" alt=\"\" width=\"323\" height=\"469\" srcset=\"https:\/\/www.tunaespana.es\/wp-content\/uploads\/Tuna-Espana-Tunas-Universitarias-Tunas-y-estudiantinas-cancionero-tuna-certamen-Internacional-Tuna-Costa-Calida-buen-tunar-Don-Dudo-Don-Brillantes-musica-tuna-carnaval-cadizmurga-d.jpg 323w, https:\/\/www.tunaespana.es\/wp-content\/uploads\/Tuna-Espana-Tunas-Universitarias-Tunas-y-estudiantinas-cancionero-tuna-certamen-Internacional-Tuna-Costa-Calida-buen-tunar-Don-Dudo-Don-Brillantes-musica-tuna-carnaval-cadizmurga-d-207x300.jpg 207w\" sizes=\"(max-width: 323px) 100vw, 323px\" \/><\/a><\/p>\n<p>.<\/p>\n<p><a href=\"https:\/\/www.tunaespana.es\/?attachment_id=39238\" rel=\"attachment wp-att-39238\"><img decoding=\"async\" loading=\"lazy\" class=\"aligncenter size-full wp-image-39238\" src=\"https:\/\/www.tunaespana.es\/wp-content\/uploads\/298406073_1998409880357346_5611892279720658747_n.jpg\" alt=\"\" width=\"875\" height=\"542\" srcset=\"https:\/\/www.tunaespana.es\/wp-content\/uploads\/298406073_1998409880357346_5611892279720658747_n.jpg 875w, https:\/\/www.tunaespana.es\/wp-content\/uploads\/298406073_1998409880357346_5611892279720658747_n-300x186.jpg 300w, https:\/\/www.tunaespana.es\/wp-content\/uploads\/298406073_1998409880357346_5611892279720658747_n-768x476.jpg 768w\" sizes=\"(max-width: 875px) 100vw, 875px\" \/><\/a><\/p>\n<p>.<\/p>\n<p><a href=\"https:\/\/www.tunaespana.es\/?attachment_id=39240\" rel=\"attachment wp-att-39240\"><img decoding=\"async\" loading=\"lazy\" class=\"aligncenter size-full wp-image-39240\" src=\"https:\/\/www.tunaespana.es\/wp-content\/uploads\/442440060_7707500066014195_3038839375550274155_n.jpg\" alt=\"\" width=\"1104\" height=\"1320\" srcset=\"https:\/\/www.tunaespana.es\/wp-content\/uploads\/442440060_7707500066014195_3038839375550274155_n.jpg 1104w, https:\/\/www.tunaespana.es\/wp-content\/uploads\/442440060_7707500066014195_3038839375550274155_n-251x300.jpg 251w, https:\/\/www.tunaespana.es\/wp-content\/uploads\/442440060_7707500066014195_3038839375550274155_n-856x1024.jpg 856w, https:\/\/www.tunaespana.es\/wp-content\/uploads\/442440060_7707500066014195_3038839375550274155_n-768x918.jpg 768w\" sizes=\"(max-width: 1104px) 100vw, 1104px\" \/><\/a><\/p>\n<p>&nbsp;<\/p>\n<p>.<\/p>\n<p><a href=\"https:\/\/www.tunaespana.es\/?attachment_id=39241\" rel=\"attachment wp-att-39241\"><img decoding=\"async\" loading=\"lazy\" class=\"aligncenter size-full wp-image-39241\" src=\"https:\/\/www.tunaespana.es\/wp-content\/uploads\/CArlos-ESpinosa-CEldran-DonDudo-TUnaESpana-2.jpg\" alt=\"\" width=\"432\" height=\"576\" srcset=\"https:\/\/www.tunaespana.es\/wp-content\/uploads\/CArlos-ESpinosa-CEldran-DonDudo-TUnaESpana-2.jpg 432w, https:\/\/www.tunaespana.es\/wp-content\/uploads\/CArlos-ESpinosa-CEldran-DonDudo-TUnaESpana-2-225x300.jpg 225w\" sizes=\"(max-width: 432px) 100vw, 432px\" \/><\/a><\/p>\n<p>.<\/p>\n<p><a href=\"https:\/\/www.tunaespana.es\/?attachment_id=39242\" rel=\"attachment wp-att-39242\"><img decoding=\"async\" loading=\"lazy\" class=\"aligncenter size-full wp-image-39242\" src=\"https:\/\/www.tunaespana.es\/wp-content\/uploads\/TunaEspana-Tuna-Espana-Certamen-Tuna-Cancionero-tuna-Real-Casino-Murcia-Don-Dudo-Don-Santi.jpg\" alt=\"\" width=\"675\" height=\"408\" srcset=\"https:\/\/www.tunaespana.es\/wp-content\/uploads\/TunaEspana-Tuna-Espana-Certamen-Tuna-Cancionero-tuna-Real-Casino-Murcia-Don-Dudo-Don-Santi.jpg 675w, https:\/\/www.tunaespana.es\/wp-content\/uploads\/TunaEspana-Tuna-Espana-Certamen-Tuna-Cancionero-tuna-Real-Casino-Murcia-Don-Dudo-Don-Santi-300x181.jpg 300w\" sizes=\"(max-width: 675px) 100vw, 675px\" \/><\/a><\/p>\n<p>.<\/p>\n<p><a href=\"https:\/\/www.tunaespana.es\/?attachment_id=39245\" rel=\"attachment wp-att-39245\"><img decoding=\"async\" loading=\"lazy\" class=\"aligncenter size-full wp-image-39245\" src=\"https:\/\/www.tunaespana.es\/wp-content\/uploads\/TunaEspana-Don-Dudo-Carlos-Espinosa-Celdran-Juntamento.jpg\" alt=\"\" width=\"663\" height=\"270\" srcset=\"https:\/\/www.tunaespana.es\/wp-content\/uploads\/TunaEspana-Don-Dudo-Carlos-Espinosa-Celdran-Juntamento.jpg 663w, https:\/\/www.tunaespana.es\/wp-content\/uploads\/TunaEspana-Don-Dudo-Carlos-Espinosa-Celdran-Juntamento-300x122.jpg 300w\" sizes=\"(max-width: 663px) 100vw, 663px\" \/><\/a><\/p>\n<p>.<\/p>\n<p><a href=\"https:\/\/www.tunaespana.es\/?attachment_id=39243\" rel=\"attachment wp-att-39243\"><img decoding=\"async\" loading=\"lazy\" class=\"aligncenter size-full wp-image-39243\" src=\"https:\/\/www.tunaespana.es\/wp-content\/uploads\/42999698_1904712272958471_8435699004980854784_n-1.jpg\" alt=\"\" width=\"720\" height=\"554\" srcset=\"https:\/\/www.tunaespana.es\/wp-content\/uploads\/42999698_1904712272958471_8435699004980854784_n-1.jpg 720w, https:\/\/www.tunaespana.es\/wp-content\/uploads\/42999698_1904712272958471_8435699004980854784_n-1-300x231.jpg 300w\" sizes=\"(max-width: 720px) 100vw, 720px\" \/><\/a><\/p>\n<p>.<\/p>\n<p>&nbsp;<\/p>\n","protected":false},"excerpt":{"rendered":"<p>Noche junto al mar Autor de m\u00fasica y letra: Carlos I. Espinosa Celdr\u00e1n \u00abDonDudo\u00bb (fundador de TunaEspa\u00f1a) Ritmo: Bolero . TunaEspa\u00f1a @ DonDudo @ Noche junto al mar @ Bolero Noche junto al mar Bolero M\u00fasica y Letra de Carlos I. Espinosa Celdr\u00e1n \u00abDonDudo\u00bb Nuestros Raticos, en casa de nuestro DonOliveti con su piano (Pedro [&hellip;]<\/p>\n","protected":false},"author":2,"featured_media":0,"comment_status":"closed","ping_status":"closed","sticky":false,"template":"","format":"standard","meta":[],"categories":[274,4905,4947,4908,28,263],"tags":[],"_links":{"self":[{"href":"https:\/\/www.tunaespana.es\/index.php?rest_route=\/wp\/v2\/posts\/39217"}],"collection":[{"href":"https:\/\/www.tunaespana.es\/index.php?rest_route=\/wp\/v2\/posts"}],"about":[{"href":"https:\/\/www.tunaespana.es\/index.php?rest_route=\/wp\/v2\/types\/post"}],"author":[{"embeddable":true,"href":"https:\/\/www.tunaespana.es\/index.php?rest_route=\/wp\/v2\/users\/2"}],"replies":[{"embeddable":true,"href":"https:\/\/www.tunaespana.es\/index.php?rest_route=%2Fwp%2Fv2%2Fcomments&post=39217"}],"version-history":[{"count":5,"href":"https:\/\/www.tunaespana.es\/index.php?rest_route=\/wp\/v2\/posts\/39217\/revisions"}],"predecessor-version":[{"id":39246,"href":"https:\/\/www.tunaespana.es\/index.php?rest_route=\/wp\/v2\/posts\/39217\/revisions\/39246"}],"wp:attachment":[{"href":"https:\/\/www.tunaespana.es\/index.php?rest_route=%2Fwp%2Fv2%2Fmedia&parent=39217"}],"wp:term":[{"taxonomy":"category","embeddable":true,"href":"https:\/\/www.tunaespana.es\/index.php?rest_route=%2Fwp%2Fv2%2Fcategories&post=39217"},{"taxonomy":"post_tag","embeddable":true,"href":"https:\/\/www.tunaespana.es\/index.php?rest_route=%2Fwp%2Fv2%2Ftags&post=39217"}],"curies":[{"name":"wp","href":"https:\/\/api.w.org\/{rel}","templated":true}]}}