{"id":3931,"date":"2011-07-27T17:10:32","date_gmt":"2011-07-27T17:10:32","guid":{"rendered":"http:\/\/www.tunaespana.com\/wp\/?p=3931"},"modified":"2015-07-26T16:10:00","modified_gmt":"2015-07-26T16:10:00","slug":"yo-vendo-unos-ojos-negros-acorde-guitarra-letra-musicatuna","status":"publish","type":"post","link":"https:\/\/www.tunaespana.es\/?p=3931","title":{"rendered":"Yo vendo unos ojos negros,Acorde Guitarra, Letra Tabladura, Cancionero Tuna"},"content":{"rendered":"<p>&nbsp;<\/p>\n<p>&nbsp;<\/p>\n<p style=\"text-align: center;\"><span style=\"font-size: x-large; color: #ff0000;\">Yo vendo unos ojos negros <\/span><\/p>\n<p style=\"text-align: center;\"><a href=\"http:\/\/www.tunaespana.es\/wp-content\/uploads\/2011\/07\/TunaEspa\u00f1a-Don-DudoBautizo-Tuna-musica-de-tunaJuntamento-Cancionero-Tuna-Universidad-de-Murcia-00-dism-pasacalles-Tuna.jpg\"><img decoding=\"async\" loading=\"lazy\" class=\"aligncenter size-full wp-image-29740\" src=\"http:\/\/www.tunaespana.es\/wp-content\/uploads\/2011\/07\/TunaEspa\u00f1a-Don-DudoBautizo-Tuna-musica-de-tunaJuntamento-Cancionero-Tuna-Universidad-de-Murcia-00-dism-pasacalles-Tuna.jpg\" alt=\"TunaEspa\u00f1a, Don Dudo,Bautizo Tuna,  musica de tuna,Juntamento, Cancionero Tuna, Universidad de Murcia, 00, dism,  pasacalles Tuna\" width=\"648\" height=\"406\" srcset=\"https:\/\/www.tunaespana.es\/wp-content\/uploads\/2011\/07\/TunaEspa\u00f1a-Don-DudoBautizo-Tuna-musica-de-tunaJuntamento-Cancionero-Tuna-Universidad-de-Murcia-00-dism-pasacalles-Tuna.jpg 648w, https:\/\/www.tunaespana.es\/wp-content\/uploads\/2011\/07\/TunaEspa\u00f1a-Don-DudoBautizo-Tuna-musica-de-tunaJuntamento-Cancionero-Tuna-Universidad-de-Murcia-00-dism-pasacalles-Tuna-300x187.jpg 300w\" sizes=\"(max-width: 648px) 100vw, 648px\" \/><\/a><\/p>\n<p style=\"text-align: center;\"><span style=\"font-size: medium; color: #ffff00;\">Es una de las canciones chilenas m\u00e1s tradicionales , de autor An\u00f3nimo (Popular)<br \/>\n<\/span><\/p>\n<p style=\"text-align: center;\"><span style=\"color: #ffff99;\">Hay motivos para creer que el autor es Pablo Ara Lucena, que la habr\u00eda registrado en Sociedad Chilena del Derecho De Autor (SCD). Tambi\u00e9n cabe la posibilidad de que \u00abYo vendo unos ojos negros\u00bb sea una tonada tradicional popular recopilada por Ara Lucena.<\/span><\/p>\n<p style=\"text-align: center;\"><span style=\"font-size: medium; color: #0000ff;\">Interpretan:\u00a0Nat King Cole, Trio Siboney, Lucho Gatica, Los Huasos Quincheros<br \/>\n<\/span><\/p>\n<p style=\"text-align: center;\"><span style=\"font-size: medium; color: #00ff00;\">Tuna Espa\u00f1a (Don Dudo) \u00a0 \u00a0 www.TunaEspana.com \u00a0 \u00a0www.TunaEspa\u00f1a.es<\/span><\/p>\n<p style=\"text-align: center;\"><span style=\"font-size: medium; color: #ffcc00;\">Ritmo:Tonada Chilena, Cueca Chilena <span style=\"font-size: 10pt;\">(La tonada chilena se acompa\u00f1a igual que la cueca, la diferencia es que no se baila, solamente se escucha.). La versi\u00f3n de los Chalchaleros\u00a0 en 1954, la cantan casi por completo en tiempo de zamba, y el estribillo del final en tiempo de cueca.<\/span><br \/>\n<\/span><\/p>\n<p align=\"CENTER\"><span style=\"color: #0000ff;\"><span style=\"font-family: Georgia,Times New Roman,Bitstream Charter,Times,serif;\"><span style=\"font-size: small;\">[Tube]https:\/\/www.youtube.com\/watch?v=pIEe_TTgbCw[\/Tube]<\/span><\/span><\/span><\/p>\n<p>&nbsp;<\/p>\n<p><span style=\"font-size: large; color: #cc99ff;\"><tt>D<\/tt> <\/span><br \/>\n<span style=\"font-size: large; color: #cc99ff;\"><tt>Yo\u00a0<span style=\"text-decoration: underline;\">ven<\/span>do unos ojos negros,<\/tt> <\/span><br \/>\n<span style=\"font-size: large; color: #cc99ff;\"><tt> Ebd\u00a0\u00a0\u00a0 A7<\/tt> <\/span><br \/>\n<span style=\"font-size: large; color: #cc99ff;\"><tt>\u00bfqui\u00e9n me los quie<span style=\"text-decoration: underline;\">re<\/span> com<span style=\"text-decoration: underline;\">prar<\/span>?,<\/tt> <\/span><br \/>\n<span style=\"font-size: large; color: #cc99ff;\"><tt> Em\u00a0\u00a0\u00a0\u00a0\u00a0\u00a0\u00a0\u00a0\u00a0\u00a0\u00a0\u00a0 E7<\/tt> <\/span><br \/>\n<span style=\"font-size: large; color: #cc99ff;\"><tt>los\u00a0<span style=\"text-decoration: underline;\">ven<\/span>do por hechi<span style=\"text-decoration: underline;\">ce<\/span>ros,<\/tt> <\/span><br \/>\n<span style=\"font-size: large; color: #cc99ff;\"><tt> Em\u00a0\u00a0\u00a0\u00a0\u00a0\u00a0\u00a0\u00a0\u00a0 A7\u00a0\u00a0\u00a0 D<\/tt> <\/span><br \/>\n<span style=\"font-size: large; color: #cc99ff;\"><tt>por<span style=\"text-decoration: underline;\">que<\/span> me han pa<span style=\"text-decoration: underline;\">ga<\/span>do\u00a0<span style=\"text-decoration: underline;\">mal<\/span>.<\/tt> <\/span><br \/>\n<tt><\/tt> <tt><\/tt><\/p>\n<p><span style=\"font-size: large; color: #cc99ff;\"><tt> D<\/tt> <\/span><br \/>\n<span style=\"font-size: large; color: #cc99ff;\"><tt>O<span style=\"text-decoration: underline;\">jos<\/span> negros traicioneros,<\/tt> <\/span><br \/>\n<span style=\"font-size: large; color: #cc99ff;\"><tt> Ebd\u00a0\u00a0 A7<\/tt> <\/span><br \/>\n<span style=\"font-size: large; color: #cc99ff;\"><tt>\u00bfpor qu\u00e9 mi mi<span style=\"text-decoration: underline;\">r\u00e1<\/span>is a<span style=\"text-decoration: underline;\">s\u00ed<\/span>?<\/tt> <\/span><br \/>\n<span style=\"font-size: large; color: #cc99ff;\"><tt> Em\u00a0\u00a0\u00a0\u00a0\u00a0\u00a0\u00a0\u00a0\u00a0\u00a0 E7<\/tt> <\/span><br \/>\n<span style=\"font-size: large; color: #cc99ff;\"><tt>tan\u00a0<span style=\"text-decoration: underline;\">a<\/span>legres para\u00a0<span style=\"text-decoration: underline;\">o<\/span>tros,<\/tt> <\/span><br \/>\n<span style=\"font-size: large; color: #cc99ff;\"><tt> Em\u00a0\u00a0\u00a0\u00a0\u00a0\u00a0\u00a0\u00a0\u00a0 A7\u00a0\u00a0\u00a0 D<\/tt> <\/span><br \/>\n<span style=\"font-size: large; color: #cc99ff;\"><tt>y\u00a0<span style=\"text-decoration: underline;\">tan<\/span> tristes\u00a0<span style=\"text-decoration: underline;\">pa<\/span>ra\u00a0<span style=\"text-decoration: underline;\">mi<\/span>.<\/tt> <\/span><br \/>\n<tt><\/tt> <tt><\/tt><\/p>\n<p><span style=\"font-size: large; color: #cc99ff;\"><tt> D\u00a0\u00a0\u00a0\u00a0\u00a0\u00a0\u00a0 A7<\/tt> <\/span><br \/>\n<span style=\"font-size: large; color: #cc99ff;\"><tt><span style=\"text-decoration: underline;\">M\u00e1s<\/span> te qui<span style=\"text-decoration: underline;\">sie<\/span>ra,<\/tt> <\/span><br \/>\n<span style=\"font-size: large; color: #cc99ff;\"><tt> G\u00a0\u00a0 A7\u00a0 G\u00a0 D<\/tt> <\/span><br \/>\n<span style=\"font-size: large; color: #cc99ff;\"><tt><span style=\"text-decoration: underline;\">m\u00e1s<\/span> <span style=\"text-decoration: underline;\">te a<\/span>m<span style=\"text-decoration: underline;\">o<\/span> <span style=\"text-decoration: underline;\">yo<\/span>,<\/tt> <\/span><br \/>\n<span style=\"font-size: large; color: #cc99ff;\"><tt> Ebd\u00a0\u00a0\u00a0\u00a0\u00a0\u00a0\u00a0 A7<\/tt> <\/span><br \/>\n<span style=\"font-size: large; color: #cc99ff;\"><tt>que todas las\u00a0<span style=\"text-decoration: underline;\">no<\/span>ches las\u00a0<span style=\"text-decoration: underline;\">pa<\/span>so,<\/tt> <\/span><br \/>\n<span style=\"font-size: large; color: #cc99ff;\"><tt> Em\u00a0\u00a0\u00a0 A7\u00a0\u00a0\u00a0\u00a0\u00a0\u00a0 D<\/tt> <\/span><br \/>\n<span style=\"font-size: large; color: #cc99ff;\"><tt>suspi<span style=\"text-decoration: underline;\">ran<\/span>do\u00a0<span style=\"text-decoration: underline;\">por<\/span> tu a<span style=\"text-decoration: underline;\">mor<\/span>.<\/tt> <\/span><br \/>\n<tt><\/tt> <tt><\/tt><\/p>\n<p><span style=\"font-size: large; color: #cc99ff;\"><tt> D<\/tt> <\/span><br \/>\n<span style=\"font-size: large; color: #cc99ff;\"><tt>Ca<span style=\"text-decoration: underline;\">da<\/span> vez que tengo penas,<\/tt> <\/span><br \/>\n<span style=\"font-size: large; color: #cc99ff;\"><tt> Ebd\u00a0\u00a0\u00a0\u00a0 A7<\/tt> <\/span><br \/>\n<span style=\"font-size: large; color: #cc99ff;\"><tt>me voy a la ori<span style=\"text-decoration: underline;\">lla<\/span> del\u00a0<span style=\"text-decoration: underline;\">mar<\/span>,<\/tt> <\/span><br \/>\n<span style=\"font-size: large; color: #cc99ff;\"><tt> Em\u00a0\u00a0\u00a0\u00a0\u00a0\u00a0\u00a0\u00a0\u00a0\u00a0\u00a0\u00a0\u00a0\u00a0 E7<\/tt> <\/span><br \/>\n<span style=\"font-size: large; color: #cc99ff;\"><tt>a\u00a0<span style=\"text-decoration: underline;\">pre<\/span>guntarle a las\u00a0<span style=\"text-decoration: underline;\">o<\/span>las,<\/tt> <\/span><br \/>\n<span style=\"font-size: large; color: #cc99ff;\"><tt> Em\u00a0\u00a0\u00a0\u00a0\u00a0\u00a0\u00a0\u00a0\u00a0 A7\u00a0\u00a0\u00a0\u00a0 D<\/tt> <\/span><br \/>\n<span style=\"font-size: large; color: #cc99ff;\"><tt>si han\u00a0<span style=\"text-decoration: underline;\">vis<\/span>to a mi a<span style=\"text-decoration: underline;\">mor<\/span> pa<span style=\"text-decoration: underline;\">sar<\/span>.<\/tt> <\/span><br \/>\n<tt><\/tt> <tt><\/tt><\/p>\n<p><span style=\"font-size: large; color: #cc99ff;\"><tt> D<\/tt> <\/span><br \/>\n<span style=\"font-size: large; color: #cc99ff;\"><tt>Los\u00a0<span style=\"text-decoration: underline;\">o<\/span>jos de mi morena,<\/tt> <\/span><br \/>\n<span style=\"font-size: large; color: #cc99ff;\"><tt> Ebd\u00a0\u00a0\u00a0\u00a0 A7<\/tt> <\/span><br \/>\n<span style=\"font-size: large; color: #cc99ff;\"><tt>tan negros co<span style=\"text-decoration: underline;\">mo el<\/span> car<span style=\"text-decoration: underline;\">b\u00f3n<\/span>,<\/tt> <\/span><br \/>\n<span style=\"font-size: large; color: #cc99ff;\"><tt> Em\u00a0\u00a0\u00a0\u00a0\u00a0\u00a0\u00a0\u00a0\u00a0\u00a0\u00a0\u00a0\u00a0 E7<\/tt> <\/span><br \/>\n<span style=\"font-size: large; color: #cc99ff;\"><tt>me\u00a0<span style=\"text-decoration: underline;\">tie<\/span>nen como en ca<span style=\"text-decoration: underline;\">de<\/span>na,<\/tt> <\/span><br \/>\n<span style=\"font-size: large; color: #cc99ff;\"><tt> Em\u00a0\u00a0\u00a0\u00a0\u00a0 A7\u00a0\u00a0 D<\/tt> <\/span><br \/>\n<span style=\"font-size: large; color: #cc99ff;\"><tt>a<span style=\"text-decoration: underline;\">ta<\/span>do mi\u00a0<span style=\"text-decoration: underline;\">co<\/span>ra<span style=\"text-decoration: underline;\">z\u00f3n<\/span>.<\/tt> <\/span><br \/>\n<tt><\/tt><\/p>\n<p>&nbsp;<\/p>\n<p align=\"CENTER\"><span style=\"color: #0000ff;\"><span style=\"font-family: Georgia,Times New Roman,Bitstream Charter,Times,serif;\"><span style=\"font-size: small;\">[Tube]https:\/\/www.youtube.com\/watch?v=H_3xPx2h-h0[\/Tube]<\/span><\/span><\/span><\/p>\n<p align=\"CENTER\"><span style=\"color: #0000ff;\"><span style=\"font-family: Georgia,Times New Roman,Bitstream Charter,Times,serif;\"><span style=\"font-size: small;\">[Tube]https:\/\/www.youtube.com\/watch?v=fYuJi0T1otU[\/Tube]<\/span><\/span><\/span><\/p>\n<p align=\"CENTER\"><span style=\"color: #0000ff;\"><span style=\"font-family: Georgia,Times New Roman,Bitstream Charter,Times,serif;\"><span style=\"font-size: small;\">[Tube]https:\/\/www.youtube.com\/watch?v=U6bOt7iIyBQ [\/Tube]<\/span><\/span><\/span><\/p>\n<p align=\"CENTER\"><a href=\"http:\/\/www.tunaespana.es\/wp-content\/uploads\/2011\/07\/TunaEspa\u00f1a-Cancionero-tuna-musica-Tuna-Don-Dudo-Don-Morse-Don-Torero-ronda-la-tuna-Pasacalles-de-Tuna-Serenata-de-Tuna01-dism.jpg\"><img decoding=\"async\" loading=\"lazy\" class=\"aligncenter size-full wp-image-29965\" src=\"http:\/\/www.tunaespana.es\/wp-content\/uploads\/2011\/07\/TunaEspa\u00f1a-Cancionero-tuna-musica-Tuna-Don-Dudo-Don-Morse-Don-Torero-ronda-la-tuna-Pasacalles-de-Tuna-Serenata-de-Tuna01-dism.jpg\" alt=\"TunaEspa\u00f1a, Cancionero tuna, musica Tuna, Don Dudo, Don Morse, Don Torero, ronda la tuna , Pasacalles de Tuna, Serenata de Tuna,01, dism\" width=\"678\" height=\"289\" srcset=\"https:\/\/www.tunaespana.es\/wp-content\/uploads\/2011\/07\/TunaEspa\u00f1a-Cancionero-tuna-musica-Tuna-Don-Dudo-Don-Morse-Don-Torero-ronda-la-tuna-Pasacalles-de-Tuna-Serenata-de-Tuna01-dism.jpg 678w, https:\/\/www.tunaespana.es\/wp-content\/uploads\/2011\/07\/TunaEspa\u00f1a-Cancionero-tuna-musica-Tuna-Don-Dudo-Don-Morse-Don-Torero-ronda-la-tuna-Pasacalles-de-Tuna-Serenata-de-Tuna01-dism-300x127.jpg 300w\" sizes=\"(max-width: 678px) 100vw, 678px\" \/><\/a><\/p>\n<p align=\"CENTER\"><span style=\"font-size: medium;\"><strong><span style=\"color: #ffcc99;\"><span style=\"font-family: Georgia,Times New Roman,Bitstream Charter,Times,serif;\">Le dijo el Mosquito, a la Rana \u201cMas vale Morir en el Vino, Que Vivir en el Agua\u201d, Salud\u00a1\u00a1, <\/span><\/span><\/strong><\/span><\/p>\n<p align=\"CENTER\"><strong><span style=\"color: #ffcc99;\">Va por ustedes\u00a1\u00a1\u00a1<\/span><\/strong><\/p>\n<p align=\"CENTER\"><span style=\"color: #0000ff;\"><span style=\"font-family: Georgia,Times New Roman,Bitstream Charter,Times,serif;\"><span style=\"font-size: small;\">[Tube]https:\/\/www.youtube.com\/watch?v=Z5D7rQ4hlVE[\/Tube]<\/span><\/span><\/span><\/p>\n<p align=\"CENTER\"><span style=\"color: #0000ff;\"><span style=\"font-family: Georgia,Times New Roman,Bitstream Charter,Times,serif;\"><span style=\"font-size: small;\">[Tube]https:\/\/www.youtube.com\/watch?v=U-E4n-6f_xM[\/Tube]<\/span><\/span><\/span><\/p>\n<p align=\"CENTER\"><span style=\"color: #0000ff;\"><span style=\"font-family: Georgia,Times New Roman,Bitstream Charter,Times,serif;\"><span style=\"font-size: small;\">\u00a0[Tube]https:\/\/www.youtube.com\/watch?v=m_ZMiq29318[\/Tube]<\/span><\/span><\/span><\/p>\n","protected":false},"excerpt":{"rendered":"<p>&nbsp; &nbsp; Yo vendo unos ojos negros Es una de las canciones chilenas m\u00e1s tradicionales , de autor An\u00f3nimo (Popular) Hay motivos para creer que el autor es Pablo Ara Lucena, que la habr\u00eda registrado en Sociedad Chilena del Derecho De Autor (SCD). Tambi\u00e9n cabe la posibilidad de que \u00abYo vendo unos ojos negros\u00bb sea [&hellip;]<\/p>\n","protected":false},"author":2,"featured_media":0,"comment_status":"closed","ping_status":"closed","sticky":false,"template":"","format":"standard","meta":[],"categories":[251,209,238,412,263,16],"tags":[2111,856,3271,1581,1475,3223,4474,4743,4646,860,931,4753,723,4865,3224],"_links":{"self":[{"href":"https:\/\/www.tunaespana.es\/index.php?rest_route=\/wp\/v2\/posts\/3931"}],"collection":[{"href":"https:\/\/www.tunaespana.es\/index.php?rest_route=\/wp\/v2\/posts"}],"about":[{"href":"https:\/\/www.tunaespana.es\/index.php?rest_route=\/wp\/v2\/types\/post"}],"author":[{"embeddable":true,"href":"https:\/\/www.tunaespana.es\/index.php?rest_route=\/wp\/v2\/users\/2"}],"replies":[{"embeddable":true,"href":"https:\/\/www.tunaespana.es\/index.php?rest_route=%2Fwp%2Fv2%2Fcomments&post=3931"}],"version-history":[{"count":9,"href":"https:\/\/www.tunaespana.es\/index.php?rest_route=\/wp\/v2\/posts\/3931\/revisions"}],"predecessor-version":[{"id":29967,"href":"https:\/\/www.tunaespana.es\/index.php?rest_route=\/wp\/v2\/posts\/3931\/revisions\/29967"}],"wp:attachment":[{"href":"https:\/\/www.tunaespana.es\/index.php?rest_route=%2Fwp%2Fv2%2Fmedia&parent=3931"}],"wp:term":[{"taxonomy":"category","embeddable":true,"href":"https:\/\/www.tunaespana.es\/index.php?rest_route=%2Fwp%2Fv2%2Fcategories&post=3931"},{"taxonomy":"post_tag","embeddable":true,"href":"https:\/\/www.tunaespana.es\/index.php?rest_route=%2Fwp%2Fv2%2Ftags&post=3931"}],"curies":[{"name":"wp","href":"https:\/\/api.w.org\/{rel}","templated":true}]}}