{"id":3984,"date":"2011-07-28T10:15:31","date_gmt":"2011-07-28T10:15:31","guid":{"rendered":"http:\/\/www.tunaespana.com\/wp\/?p=3984"},"modified":"2014-05-11T19:10:54","modified_gmt":"2014-05-11T19:10:54","slug":"cuando-sale-la-luna-acorde-guitarra-letra-musicatuna-tab","status":"publish","type":"post","link":"https:\/\/www.tunaespana.es\/?p=3984","title":{"rendered":"Cuando sale la luna  ,Acorde Guitarra, Letra Tabladura, Cancionero Tuna,"},"content":{"rendered":"<p>&nbsp;<\/p>\n<p style=\"text-align: center;\"><span style=\"font-size: x-large; color: #ff0000;\">Cuando sale la luna <\/span><\/p>\n<p style=\"text-align: center;\"><a href=\"http:\/\/www.tunaespana.es\/wp-content\/uploads\/2011\/07\/00-TunaEspa\u00f1a-radiopita-Don-Dudo-Don-Chulin-Canciones-de-Tuna-Musica-de-Tuna-Ronda-La-Tuna-Cancionero-de-Tuna-Certamen-Tuna.jpg\"><img decoding=\"async\" loading=\"lazy\" class=\"aligncenter size-full wp-image-25468\" alt=\"00 TunaEspa\u00f1a radiopita, Don Dudo, Don Chulin, Canciones de Tuna, Musica de Tuna, Ronda La Tuna, Cancionero de Tuna, Certamen Tuna\" src=\"http:\/\/www.tunaespana.es\/wp-content\/uploads\/2011\/07\/00-TunaEspa\u00f1a-radiopita-Don-Dudo-Don-Chulin-Canciones-de-Tuna-Musica-de-Tuna-Ronda-La-Tuna-Cancionero-de-Tuna-Certamen-Tuna.jpg\" width=\"519\" height=\"292\" srcset=\"https:\/\/www.tunaespana.es\/wp-content\/uploads\/2011\/07\/00-TunaEspa\u00f1a-radiopita-Don-Dudo-Don-Chulin-Canciones-de-Tuna-Musica-de-Tuna-Ronda-La-Tuna-Cancionero-de-Tuna-Certamen-Tuna.jpg 519w, https:\/\/www.tunaespana.es\/wp-content\/uploads\/2011\/07\/00-TunaEspa\u00f1a-radiopita-Don-Dudo-Don-Chulin-Canciones-de-Tuna-Musica-de-Tuna-Ronda-La-Tuna-Cancionero-de-Tuna-Certamen-Tuna-300x168.jpg 300w\" sizes=\"(max-width: 519px) 100vw, 519px\" \/><\/a><\/p>\n<p style=\"text-align: center;\"><span style=\"color: #ffff00;\">Autor:\u00a0Jose Alfredo Jimenez<\/span><\/p>\n<p style=\"text-align: center;\"><span style=\"font-size: medium; color: #0000ff;\">Interpretan: \u00a0\u00a0Pedro Infante, Placido Domingo, Guadalupe Pineda, Pedro Vargas,Tania Libertad, Maria Dolores Pradera<br \/>\n<\/span><\/p>\n<p style=\"text-align: center;\"><span style=\"font-size: medium; color: #00ccff;\">Gloria Lasso lo interpreta en un ritmo Bolero Mambo.<\/span><\/p>\n<p align=\"CENTER\"><span style=\"color: #00ff00;\">Don Dudo (TunaEspa\u00f1a)<\/span><\/p>\n<p align=\"CENTER\"><span style=\"color: #0000ff;\"><span style=\"font-family: Georgia,Times New Roman,Bitstream Charter,Times,serif;\"><span style=\"font-size: small;\">[Tube]http:\/\/www.youtube.com\/watch?v=d13_Pu7Zo9I[\/Tube]<\/span><\/span><\/span><\/p>\n<p style=\"text-align: center;\"><span style=\"font-size: medium; color: #00ff00;\">\u00a0<\/span><\/p>\n<p style=\"text-align: center;\"><span style=\"font-size: medium; color: #ff00ff;\">Mejico<\/span><\/p>\n<p>&nbsp;<\/p>\n<p>&nbsp;<\/p>\n<pre><span style=\"font-size: large; color: #cc99ff;\">(A)\r\nEm                 B7                        Em\r\nDeja que salga la luna, deja que se meta el sol,\r\n                     D              C               B7\r\ndeja que empiece la noche pa\u00b4 que empiece nuestro amor\r\nEm                B7                        Em\r\nde que la estrellitas me llenen de inspiraci\u00f3n\r\n                 D         C          B7\r\npara decirte cositas muy bonitas coraz\u00f3n.\r\n(B)\r\nAm\r\nYo s\u00e9 que no hay en el mundo\r\n                     Em\r\namor como el que me das\r\n                    D\r\ny s\u00e9 que noche con noche\r\n       C            B7\r\nva creciendo m\u00e1s y m\u00e1s\r\n  Em                D\r\ny s\u00e9 que noche con noche\r\n       C            B7\r\nva creciendo m\u00e1s y m\u00e1s.\r\n\r\n(A)\r\nCuando estoy entre tus brazos siempre me pregunto yo\r\ncu\u00e1nto me deb\u00eda el destino que contigo me pag\u00f3\r\npor eso es que ya mi vida toda te la entrego a ti\r\nt\u00fa que me diste en un beso lo que nunca te ped\u00ed.\r\n(B)\r\nYo s\u00e9 que no hay en el mundo\r\namor como el que me das\r\ny s\u00e9 que noche con noche\r\nva creciendo m\u00e1s y m\u00e1s\r\ny s\u00e9 que noche con noche\r\nva creciendo m\u00e1s y m\u00e1s\r\n                     Em B7-Em\r\nDeja que salga la luna\r\n<\/span><\/pre>\n<pre><\/pre>\n<p align=\"CENTER\"><span style=\"color: #0000ff;\"><span style=\"font-family: Georgia,Times New Roman,Bitstream Charter,Times,serif;\"><span style=\"font-size: small;\">[Tube]http:\/\/www.youtube.com\/watch?v=nunWr9yzS30[\/Tube]<\/span><\/span><\/span><\/p>\n<pre><span style=\"font-size: 28px;\"><strong><span style=\"color: #ff00ff;\">Tono La<\/span><\/strong><\/span><\/pre>\n<pre><span style=\"color: #ff00ff;\">Intro  [<a><span style=\"color: #ff00ff;\">Am<\/span><\/a>  <a><span style=\"color: #ff00ff;\">E<\/span><\/a>  (2)  <a><span style=\"color: #ff00ff;\">Am<\/span><\/a>  <a><span style=\"color: #ff00ff;\">C<\/span><\/a>  <a><span style=\"color: #ff00ff;\">G<\/span><\/a>  <a><span style=\"color: #ff00ff;\">C<\/span><\/a>  <a><span style=\"color: #ff00ff;\">G<\/span><\/a>  <a><span style=\"color: #ff00ff;\">F<\/span><\/a>  <a><span style=\"color: #ff00ff;\">E<\/span><\/a>]   (2)   <a><span style=\"color: #ff00ff;\">Am<\/span><\/a>  <a><span style=\"color: #ff00ff;\">E<\/span><\/a>  <a><span style=\"color: #ff00ff;\">Am<\/span><\/a>\r\n\r\n<a><span style=\"color: #ff00ff;\">Am<\/span><\/a>                  <a><span style=\"color: #ff00ff;\">E<\/span><\/a>\r\nDeja que salga la luna,\r\n                     <a><span style=\"color: #ff00ff;\">Am<\/span><\/a>\r\ndeja que se meta el sol,\r\n                     <a><span style=\"color: #ff00ff;\">G<\/span><\/a>\r\ndeja que caiga la noche,\r\n           <a><span style=\"color: #ff00ff;\">F<\/span><\/a>             <a><span style=\"color: #ff00ff;\">E<\/span><\/a>\r\npa que empiece, nuestro amor.\r\n\r\nDeja que las estrellitas,\r\nme llenen de inspiraci\u00f3n,\r\npara decirte cositas,\r\nmuy bonitas, coraz\u00f3n.\r\n\r\nCORO\r\n<a><span style=\"color: #ff00ff;\">Dm<\/span><\/a>\r\nYo s\u00e9 que no hay en el mundo,\r\n                    <a><span style=\"color: #ff00ff;\">Am<\/span><\/a>\r\namor como el que me das,\r\n                    <a><span style=\"color: #ff00ff;\">G<\/span><\/a>             <a><span style=\"color: #ff00ff;\">F<\/span><\/a>            <a><span style=\"color: #ff00ff;\">E<\/span><\/a>\r\ny s\u00e9 que noche con noche, va creciendo, m\u00e1s y m\u00e1s,\r\n  <a><span style=\"color: #ff00ff;\">Am<\/span><\/a>                <a><span style=\"color: #ff00ff;\">G<\/span><\/a>                <a><span style=\"color: #ff00ff;\">F<\/span><\/a>           <a><span style=\"color: #ff00ff;\">E<\/span><\/a>\r\ny s\u00e9 que noche con nochee!, va creciendoo!, m\u00e1s y m\u00e1s.\r\n\r\nIntro (1 vez)\r\n\r\nCuando estoy entre tus brazos,\r\nsiempre me pregunto yo,\r\ncu\u00e1nto me deb\u00eda el destino,\r\nque contigo, me pag\u00f3.\r\n\r\nPor eso es que ya mi vida,\r\ntoda te la entrego a ti,\r\nt\u00fa que me diste en un beso,\r\nlo que nunca, te ped\u00ed.\r\n\r\nCORO\r\n                        <a><span style=\"color: #ff00ff;\">Am<\/span><\/a>  <a><span style=\"color: #ff00ff;\">E<\/span><\/a>  <a><span style=\"color: #ff00ff;\">Am<\/span><\/a>   <a><span style=\"color: #ff00ff;\">E<\/span><\/a> <a><span style=\"color: #ff00ff;\">Am<\/span><\/a>\r\nDeja, que salga, la luna!<\/span><\/pre>\n<p>&nbsp;<\/p>\n","protected":false},"excerpt":{"rendered":"<p>&nbsp; Cuando sale la luna Autor:\u00a0Jose Alfredo Jimenez Interpretan: \u00a0\u00a0Pedro Infante, Placido Domingo, Guadalupe Pineda, Pedro Vargas,Tania Libertad, Maria Dolores Pradera Gloria Lasso lo interpreta en un ritmo Bolero Mambo. Don Dudo (TunaEspa\u00f1a) [Tube]http:\/\/www.youtube.com\/watch?v=d13_Pu7Zo9I[\/Tube] \u00a0 Mejico &nbsp; &nbsp; (A) Em B7 Em Deja que salga la luna, deja que se meta el sol, D C [&hellip;]<\/p>\n","protected":false},"author":2,"featured_media":0,"comment_status":"closed","ping_status":"closed","sticky":false,"template":"","format":"standard","meta":[],"categories":[39,242,151,142,263],"tags":[1335,4731,4676,4616,4613,4663,4754],"_links":{"self":[{"href":"https:\/\/www.tunaespana.es\/index.php?rest_route=\/wp\/v2\/posts\/3984"}],"collection":[{"href":"https:\/\/www.tunaespana.es\/index.php?rest_route=\/wp\/v2\/posts"}],"about":[{"href":"https:\/\/www.tunaespana.es\/index.php?rest_route=\/wp\/v2\/types\/post"}],"author":[{"embeddable":true,"href":"https:\/\/www.tunaespana.es\/index.php?rest_route=\/wp\/v2\/users\/2"}],"replies":[{"embeddable":true,"href":"https:\/\/www.tunaespana.es\/index.php?rest_route=%2Fwp%2Fv2%2Fcomments&post=3984"}],"version-history":[{"count":8,"href":"https:\/\/www.tunaespana.es\/index.php?rest_route=\/wp\/v2\/posts\/3984\/revisions"}],"predecessor-version":[{"id":25470,"href":"https:\/\/www.tunaespana.es\/index.php?rest_route=\/wp\/v2\/posts\/3984\/revisions\/25470"}],"wp:attachment":[{"href":"https:\/\/www.tunaespana.es\/index.php?rest_route=%2Fwp%2Fv2%2Fmedia&parent=3984"}],"wp:term":[{"taxonomy":"category","embeddable":true,"href":"https:\/\/www.tunaespana.es\/index.php?rest_route=%2Fwp%2Fv2%2Fcategories&post=3984"},{"taxonomy":"post_tag","embeddable":true,"href":"https:\/\/www.tunaespana.es\/index.php?rest_route=%2Fwp%2Fv2%2Ftags&post=3984"}],"curies":[{"name":"wp","href":"https:\/\/api.w.org\/{rel}","templated":true}]}}