{"id":4205,"date":"2011-07-29T11:17:47","date_gmt":"2011-07-29T11:17:47","guid":{"rendered":"http:\/\/www.tunaespana.com\/wp\/?p=4205"},"modified":"2014-05-26T16:18:27","modified_gmt":"2014-05-26T16:18:27","slug":"un-mundo-raro-acorde-guitarra-letra-musicatuna-tab","status":"publish","type":"post","link":"https:\/\/www.tunaespana.es\/?p=4205","title":{"rendered":"Un mundo raro,Acorde Guitarra, Letra Tabladura, Cancionero Tuna,"},"content":{"rendered":"<p>&nbsp;<\/p>\n<p style=\"text-align: center;\"><span style=\"font-size: x-large; color: #ff0000;\">Un mundo raro <\/span><\/p>\n<p style=\"text-align: center;\"><a href=\"http:\/\/www.tunaespana.es\/wp-content\/uploads\/2011\/07\/Tuna-Espa\u00f1a-El-Rocio-cristobal-colonCancionero-Tuna-Huelva.jpg\"><img decoding=\"async\" loading=\"lazy\" class=\"aligncenter size-full wp-image-25913\" src=\"http:\/\/www.tunaespana.es\/wp-content\/uploads\/2011\/07\/Tuna-Espa\u00f1a-El-Rocio-cristobal-colonCancionero-Tuna-Huelva.jpg\" alt=\"Tuna Espa\u00f1a, El Rocio, cristobal colon,Cancionero Tuna, Huelva\" width=\"350\" height=\"564\" srcset=\"https:\/\/www.tunaespana.es\/wp-content\/uploads\/2011\/07\/Tuna-Espa\u00f1a-El-Rocio-cristobal-colonCancionero-Tuna-Huelva.jpg 350w, https:\/\/www.tunaespana.es\/wp-content\/uploads\/2011\/07\/Tuna-Espa\u00f1a-El-Rocio-cristobal-colonCancionero-Tuna-Huelva-186x300.jpg 186w\" sizes=\"(max-width: 350px) 100vw, 350px\" \/><\/a><\/p>\n<p style=\"text-align: center;\"><span style=\"font-size: medium; color: #ffff00;\">Autor:\u00a0Jos\u00e9 Alfredo Jim\u00e9nez<\/span><\/p>\n<p style=\"text-align: center;\"><span style=\"font-size: medium; color: #0000ff;\">Interpretan: \u00a0\u00a0Pedro Infante, Alfredo Sadel, Pedro Vargas, Vicente Fernandez, Olimpo Cardenas, Trio Taicuri, <span style=\"font-size: medium;\">Jos\u00e9 Alfredo Jim\u00e9nez<\/span><br \/>\n<\/span><\/p>\n<p style=\"line-height: 0.5cm; widows: 2; orphans: 2;\" align=\"CENTER\"><span style=\"color: #00ff00;\">Don Dudo (TunaEspa\u00f1a)<\/span><\/p>\n<p style=\"margin-bottom: 0cm; font-style: normal; font-weight: normal; line-height: 0.5cm; widows: 2; orphans: 2;\" align=\"CENTER\"><span style=\"color: #0000ff;\"><span style=\"font-family: Georgia,Times New Roman,Bitstream Charter,Times,serif;\"><span style=\"font-size: small;\">[Tube]http:\/\/www.youtube.com\/watch?v=Dgck4MizJZo[\/Tube]<\/span><\/span><\/span><\/p>\n<p style=\"text-align: center;\"><span style=\"font-size: medium; color: #00ff00;\">\u00a0<\/span><\/p>\n<p style=\"text-align: center;\"><span style=\"font-size: medium; color: #ffcc00;\">Ritmo: Bolero<\/span><\/p>\n<p style=\"text-align: center;\"><span style=\"font-size: medium; color: #ff00ff;\">Mejico<\/span><\/p>\n<p>&nbsp;<\/p>\n<pre><span style=\"font-size: large; color: #cc99ff;\">                     E   B7      E\r\nCuando te hablen de amor y de ilusiones, y te ofrezcan un sol\r\n\r\nEdim         B7\r\ny un cielo entero,\r\n\r\n                     A        B7\r\nsi te acuerdas de m\u00ed no me menciones, porque vas a sentir\r\n\r\n         E\r\namor del bueno;\r\n\r\n     B7        E   B7      E                  E7         A\r\ny si quieren saber de tu pasado, es preciso decir una mentira,\r\n\r\n                  Am              E            Edim     F#m\r\ndi que vienes de all\u00e1 de un mundo raro, que no sabes llorar,\r\n\r\n         B7          F#m        B7         E\r\nque no entiendes de amor, y que nunca has amado.\r\n\r\n        Edim       F#7                                      B7\r\nPor que yo a donde voy, hablar\u00e9 de tu amor, como un sue\u00f1o dorado,\r\n\r\n      Edim        F#7                  A                     B7\r\ny olvidando el rencor, no dir\u00e9 que tu adi\u00f3s, me volvi\u00f3 desgraciado.\r\n\r\n               E   B7      E                  E7          A\r\nY si quieren saber de mi pasado, es preciso decir otra mentira,\r\n\r\n               Am              E            Edim     F#m\r\nle dir\u00e9 que llegu\u00e9 de un mundo raro, que no s\u00e9 del dolor,\r\n\r\n         B7        F#m        B7          E\r\nque triunf\u00e9 en el amor, y que nunca he llorado.\r\n\r\n<span style=\"color: #0000ff;\"><span style=\"font-family: Georgia,Times New Roman,Bitstream Charter,Times,serif;\"><span style=\"font-size: small;\">[Tube]http:\/\/www.youtube.com\/watch?v=NISgLuOpPu8[\/Tube]<\/span><\/span><\/span>\r\n<\/span><\/pre>\n<p>&nbsp;<\/p>\n","protected":false},"excerpt":{"rendered":"<p>&nbsp; Un mundo raro Autor:\u00a0Jos\u00e9 Alfredo Jim\u00e9nez Interpretan: \u00a0\u00a0Pedro Infante, Alfredo Sadel, Pedro Vargas, Vicente Fernandez, Olimpo Cardenas, Trio Taicuri, Jos\u00e9 Alfredo Jim\u00e9nez Don Dudo (TunaEspa\u00f1a) [Tube]http:\/\/www.youtube.com\/watch?v=Dgck4MizJZo[\/Tube] \u00a0 Ritmo: Bolero Mejico &nbsp; E B7 E Cuando te hablen de amor y de ilusiones, y te ofrezcan un sol Edim B7 y un cielo entero, A [&hellip;]<\/p>\n","protected":false},"author":2,"featured_media":0,"comment_status":"closed","ping_status":"closed","sticky":false,"template":"","format":"standard","meta":[],"categories":[274,242,151,263,20],"tags":[4643,4731,4653,4616,4613,4023,4801],"_links":{"self":[{"href":"https:\/\/www.tunaespana.es\/index.php?rest_route=\/wp\/v2\/posts\/4205"}],"collection":[{"href":"https:\/\/www.tunaespana.es\/index.php?rest_route=\/wp\/v2\/posts"}],"about":[{"href":"https:\/\/www.tunaespana.es\/index.php?rest_route=\/wp\/v2\/types\/post"}],"author":[{"embeddable":true,"href":"https:\/\/www.tunaespana.es\/index.php?rest_route=\/wp\/v2\/users\/2"}],"replies":[{"embeddable":true,"href":"https:\/\/www.tunaespana.es\/index.php?rest_route=%2Fwp%2Fv2%2Fcomments&post=4205"}],"version-history":[{"count":6,"href":"https:\/\/www.tunaespana.es\/index.php?rest_route=\/wp\/v2\/posts\/4205\/revisions"}],"predecessor-version":[{"id":25914,"href":"https:\/\/www.tunaespana.es\/index.php?rest_route=\/wp\/v2\/posts\/4205\/revisions\/25914"}],"wp:attachment":[{"href":"https:\/\/www.tunaespana.es\/index.php?rest_route=%2Fwp%2Fv2%2Fmedia&parent=4205"}],"wp:term":[{"taxonomy":"category","embeddable":true,"href":"https:\/\/www.tunaespana.es\/index.php?rest_route=%2Fwp%2Fv2%2Fcategories&post=4205"},{"taxonomy":"post_tag","embeddable":true,"href":"https:\/\/www.tunaespana.es\/index.php?rest_route=%2Fwp%2Fv2%2Ftags&post=4205"}],"curies":[{"name":"wp","href":"https:\/\/api.w.org\/{rel}","templated":true}]}}