{"id":4273,"date":"2011-07-29T17:07:27","date_gmt":"2011-07-29T17:07:27","guid":{"rendered":"http:\/\/www.tunaespana.com\/wp\/?p=4273"},"modified":"2023-08-19T12:57:25","modified_gmt":"2023-08-19T10:57:25","slug":"campanitas-de-cristal-acorde-guitarra-letra-musicatuna-tab","status":"publish","type":"post","link":"https:\/\/www.tunaespana.es\/?p=4273","title":{"rendered":"Campanitas de cristal ,Acorde Guitarra, Letra Tabladura, Cancionero Tuna,Bolero"},"content":{"rendered":"<p style=\"text-align: center;\"><span style=\"font-size: x-large; color: #ff0000;\"><strong>Campanitas de cristal<\/strong><span style=\"font-size: x-small;\">; 1925<\/span><\/span><\/p>\n<p align=\"CENTER\"><span style=\"color: #0000ff;\"><span style=\"font-family: Georgia,Times New Roman,Bitstream Charter,Times,serif;\"><span style=\"font-size: medium;\">[Tube]http:\/\/www.youtube.com\/watch?v=HrFSNVsexsg&amp;feature=related[\/Tube]<\/span><\/span><\/span><\/p>\n<p style=\"text-align: center;\"><span style=\"font-size: medium; color: #ffff00;\">Autor:\u00a0Rafel Hern\u00e1ndez<\/span><\/p>\n<p style=\"text-align: center;\"><span style=\"font-size: medium; color: #0000ff;\">Interpretan: \u00a0\u00a0Hermanos Mart\u00ednez gil, To\u00f1a La Negra, Trio Avile\u00f1o, Olga Guillot, Felipe Pirela, Tito Rodriguez, Hermanas Aguila, Libertad Lamarque<\/span><\/p>\n<p style=\"text-align: center;\"><span style=\"font-size: medium; color: #00ff00;\">Tuna Espa\u00f1a (Don Dudo) \u00a0 \u00a0 www.TunaEspana.com \u00a0 \u00a0www.TunaEspa\u00f1a.es<\/span><\/p>\n<p style=\"text-align: center;\"><span style=\"font-size: medium; color: #ffcc00;\">Bolero Ritmico<\/span><\/p>\n<p style=\"text-align: center;\"><span style=\"font-size: medium; color: #ff00ff;\">Puerto Rico<\/span><\/p>\n<p style=\"text-align: center;\">\n<p style=\"text-align: center;\"><span style=\"font-size: medium; color: #0000ff;\"><span style=\"font-size: x-small; color: #cc99ff;\">El extraordinario compositor <span style=\"color: #ff00ff;\">Puertorrique\u00f1o<\/span>, Rafael Hern\u00e1ndez , con m\u00e1s de dos mil composiciones,\u00a0naci\u00f3 en <span style=\"color: #ff00ff;\">1891 <\/span>en el <span style=\"color: #ff00ff;\">barrio del Tamarindo de Aguadilla<\/span>. Sus padres fueron Miguel \u00c1ngel Rosa y Mar\u00eda Hern\u00e1ndez.<\/span><\/span><\/p>\n<p style=\"text-align: center;\"><span style=\"font-size: medium; color: #0000ff;\"><span style=\"font-size: x-small; color: #cc99ff;\">\u00a0<\/span><\/span><\/p>\n<p style=\"text-align: center;\"><span style=\"font-size: medium; color: #ff0000;\">Curiosidades de su m\u00fasica <\/span><\/p>\n<p style=\"text-align: center;\"><span style=\"font-size: medium; color: #0000ff;\"><span style=\"font-size: x-small;\"><span style=\"color: #cc99ff;\">* En el a\u00f1o <span style=\"color: #ffcc00;\">1976, la Torre del Big Ben<\/span> de la ciudad de Londres proyect\u00f3 en su carill\u00f3n la melod\u00eda de <span style=\"color: #ffcc00;\">Campanitas de cristal<\/span>.<\/span><\/span><\/span><\/p>\n<p style=\"text-align: center;\"><span style=\"font-size: medium; color: #0000ff;\"><span style=\"font-size: x-small;\"><span style=\"color: #cc99ff;\">* Le solicitaron al compositor mexicano<span style=\"color: #ffcc00;\"> Agust\u00edn Lara <\/span>que ofreciera la descripci\u00f3n de un bolero, a lo que \u00e9l respondi\u00f3: \u00abSi quieren saber lo que es un bolero escuchen <span style=\"color: #ffcc00;\">Campanitas de cristal<\/span>\u00bb, tema escrito por Rafael Hern\u00e1ndez.<br \/>\n<\/span><\/span><\/span><\/p>\n<p style=\"text-align: center;\"><span style=\"font-size: medium; color: #0000ff;\"><span style=\"font-size: x-small;\"><span style=\"color: #cc99ff;\"> * La canci\u00f3n <span style=\"color: #ccffcc;\">El cumbanchero<\/span> ha sido grabada en m\u00e1s de medio mill\u00f3n de ocasiones.<\/span><\/span><\/span><\/p>\n<p style=\"text-align: center;\"><span style=\"font-size: medium; color: #0000ff;\"><span style=\"font-size: x-small;\"><span style=\"color: #cc99ff;\"> * Rafael Hern\u00e1ndez compuso el tema <span style=\"color: #00ffff;\">Linda Quisqueya<\/span>, considerado como el <span style=\"color: #00ffff;\">segundo himno de la Rep\u00fablica Dominicana<\/span>.<\/span><\/span><\/span><\/p>\n<p style=\"text-align: center;\"><span style=\"font-size: medium; color: #0000ff;\"><span style=\"font-size: x-small;\"><span style=\"color: #cc99ff;\"> * La canci\u00f3n <span style=\"color: #ffcc99;\">Playita aguadillana,<\/span> escrita por Rafael Hern\u00e1ndez, fue adoptada como el <span style=\"color: #ffcc99;\">himno regional del pueblo de Aguadilla<\/span> en resoluci\u00f3n aprobada por la Asamblea Municipal de ese pueblo.<\/span><\/span><\/span><\/p>\n<p style=\"text-align: center;\"><span style=\"color: #cc99ff; font-size: x-small;\">* Durante una recepci\u00f3n en honor a Puerto Rico realizada en la Casa Blanca, el fallecido presidente <span style=\"color: #00ff00;\">John F. Kennedy<\/span> saludo a Rafael dici\u00e9ndole \u00abque tal, <span style=\"color: #00ff00;\">Mr. Cumbanchero<\/span>.\u00bb<\/span><\/p>\n<p style=\"text-align: center;\"><span style=\"font-size: medium; color: #0000ff;\"><span style=\"font-size: x-small;\"><span style=\"color: #cc99ff;\"> * La canci\u00f3n <span style=\"color: #ff00ff;\">Lamento Borincano<\/span>, al culminar nombra al gran poeta puertorrique\u00f1o Jos\u00e9 Gautier Ben\u00edtez diciendo, \u00abBorinquen la tierra del eden, la que al cantar el gran Gautier llamo la perla de los mares\u00bb. Artistas que han interpretado esta canci\u00f3n han cantado Goti\u00e9 en vez de Gautier, pues as\u00ed se pronuncia ese apellido en <span style=\"color: #ff00ff;\">franc\u00e9s<\/span>. <\/span><\/span><\/span><\/p>\n<p style=\"text-align: center;\"><span style=\"font-size: medium; color: #0000ff;\"><span style=\"font-size: x-small;\"><span style=\"color: #cc99ff;\">* La canci\u00f3n <span style=\"color: #99ccff;\">Preciosa<\/span> en uno de sus versos dice \u00abno importa el tirano te trate con negra maldad\u00bb\u00bb refiri\u00e9ndose a los Estados Unidos. El gobernador de Puerto Rico, don Luis Mu\u00f1oz Mar\u00edn censur\u00f3 la canci\u00f3n y quienes la interpretaban ten\u00edan que cantar \u00abel destino\u00bb en vez de \u00ab<span style=\"color: #99ccff;\">el Tirano<\/span>\u00bb.<\/span><\/span><br \/>\n<\/span><\/p>\n<p>&nbsp;<\/p>\n<p><span style=\"font-size: medium; color: #ff00ff;\">\u00a0<\/span><\/p>\n<p>&nbsp;<\/p>\n<pre><span style=\"font-size: medium; color: #cc99ff;\">Dm                             A7                 Dm\r\nCuando la brisa de invierno se cuela, por mi ventanita,\r\n\r\n        A7         Dm                                A7\r\noigo sonar, oigo sonar, como si un \u00e1ngel con mano de seda\r\n\r\n            Dm              C    Bb          A7\r\nen mis campanitas tocara un madrigal un madrigal.\r\n\r\nD               A7             Em               A7\r\nTil\u00edn, til\u00edn, til\u00edn, oye que bonito es el til\u00edn,\r\n\r\n            D\r\nde mis campanitas de cristal.\r\n\r\n                A7                Em           E7              A7\r\nTil\u00edn, til\u00edn, til\u00e1n, campanas que ta\u00f1en para m\u00ed  tan dulce canci\u00f3n,\r\n\r\nD             A7             Em                A7\r\nreir, reir, reir, lindas campanitas de cristal   que alegran mis\r\n\r\nD\r\nhoras de dolor.\r\n\r\n         D7     G   Gm           D   Bm        Em      A7           D\r\nSonar, sonar, sonar,   s\u00f3lo para m\u00ed, s\u00f3lo para m\u00ed campanitas de cristal.<\/span><\/pre>\n<p><a href=\"http:\/\/www.tunaespana.es\/wp-content\/uploads\/2011\/07\/Tuna-Espa\u00f1a-Tunas-Universitarias-Tunas-y-estudiantinas-cancionero-tuna-certamen-Internacional-Tuna-Costa-Calida-buen-tunar-Viena.jpg\"><img decoding=\"async\" loading=\"lazy\" class=\"aligncenter size-full wp-image-23948\" src=\"http:\/\/www.tunaespana.es\/wp-content\/uploads\/2011\/07\/Tuna-Espa\u00f1a-Tunas-Universitarias-Tunas-y-estudiantinas-cancionero-tuna-certamen-Internacional-Tuna-Costa-Calida-buen-tunar-Viena.jpg\" alt=\"Tuna Espa\u00f1a , Tunas Universitarias, Tunas y estudiantinas, cancionero tuna, certamen Internacional Tuna Costa Calida, buen tunar, Viena\" width=\"487\" height=\"370\" srcset=\"https:\/\/www.tunaespana.es\/wp-content\/uploads\/2011\/07\/Tuna-Espa\u00f1a-Tunas-Universitarias-Tunas-y-estudiantinas-cancionero-tuna-certamen-Internacional-Tuna-Costa-Calida-buen-tunar-Viena.jpg 487w, https:\/\/www.tunaespana.es\/wp-content\/uploads\/2011\/07\/Tuna-Espa\u00f1a-Tunas-Universitarias-Tunas-y-estudiantinas-cancionero-tuna-certamen-Internacional-Tuna-Costa-Calida-buen-tunar-Viena-300x227.jpg 300w\" sizes=\"(max-width: 487px) 100vw, 487px\" \/><\/a><\/p>\n","protected":false},"excerpt":{"rendered":"<p>Campanitas de cristal; 1925 [Tube]http:\/\/www.youtube.com\/watch?v=HrFSNVsexsg&amp;feature=related[\/Tube] Autor:\u00a0Rafel Hern\u00e1ndez Interpretan: \u00a0\u00a0Hermanos Mart\u00ednez gil, To\u00f1a La Negra, Trio Avile\u00f1o, Olga Guillot, Felipe Pirela, Tito Rodriguez, Hermanas Aguila, Libertad Lamarque Tuna Espa\u00f1a (Don Dudo) \u00a0 \u00a0 www.TunaEspana.com \u00a0 \u00a0www.TunaEspa\u00f1a.es Bolero Ritmico Puerto Rico El extraordinario compositor Puertorrique\u00f1o, Rafael Hern\u00e1ndez , con m\u00e1s de dos mil composiciones,\u00a0naci\u00f3 en 1891 en [&hellip;]<\/p>\n","protected":false},"author":2,"featured_media":0,"comment_status":"closed","ping_status":"closed","sticky":false,"template":"","format":"standard","meta":[],"categories":[274,39,685,242,263],"tags":[729,742,743,731,4680,724,721,722,4693,739,728,4644,726,727,4854,730,4724,4883,777,725,757,4649,744,733,735,734,752,4604,768,776,732,737,738,753,754,4698,774,775,723,747,748,745,746,736,741],"_links":{"self":[{"href":"https:\/\/www.tunaespana.es\/index.php?rest_route=\/wp\/v2\/posts\/4273"}],"collection":[{"href":"https:\/\/www.tunaespana.es\/index.php?rest_route=\/wp\/v2\/posts"}],"about":[{"href":"https:\/\/www.tunaespana.es\/index.php?rest_route=\/wp\/v2\/types\/post"}],"author":[{"embeddable":true,"href":"https:\/\/www.tunaespana.es\/index.php?rest_route=\/wp\/v2\/users\/2"}],"replies":[{"embeddable":true,"href":"https:\/\/www.tunaespana.es\/index.php?rest_route=%2Fwp%2Fv2%2Fcomments&post=4273"}],"version-history":[{"count":7,"href":"https:\/\/www.tunaespana.es\/index.php?rest_route=\/wp\/v2\/posts\/4273\/revisions"}],"predecessor-version":[{"id":38184,"href":"https:\/\/www.tunaespana.es\/index.php?rest_route=\/wp\/v2\/posts\/4273\/revisions\/38184"}],"wp:attachment":[{"href":"https:\/\/www.tunaespana.es\/index.php?rest_route=%2Fwp%2Fv2%2Fmedia&parent=4273"}],"wp:term":[{"taxonomy":"category","embeddable":true,"href":"https:\/\/www.tunaespana.es\/index.php?rest_route=%2Fwp%2Fv2%2Fcategories&post=4273"},{"taxonomy":"post_tag","embeddable":true,"href":"https:\/\/www.tunaespana.es\/index.php?rest_route=%2Fwp%2Fv2%2Ftags&post=4273"}],"curies":[{"name":"wp","href":"https:\/\/api.w.org\/{rel}","templated":true}]}}