{"id":4376,"date":"2011-07-30T09:23:06","date_gmt":"2011-07-30T09:23:06","guid":{"rendered":"http:\/\/www.tunaespana.com\/wp\/?p=4376"},"modified":"2023-08-28T11:04:26","modified_gmt":"2023-08-28T09:04:26","slug":"bamba-la-acorde-guitarra-letra-musicatuna-tab","status":"publish","type":"post","link":"https:\/\/www.tunaespana.es\/?p=4376","title":{"rendered":"La Bamba,Acorde Guitarra, Letra Tabladura, Cancionero Tuna, Popular"},"content":{"rendered":"<p>&nbsp;<\/p>\n<p style=\"text-align: center;\"><span style=\"font-size: x-large; color: #ff0000;\">La Bamba <\/span><\/p>\n<p align=\"CENTER\"><a href=\"http:\/\/www.tunaespana.es\/wp-content\/uploads\/2015\/07\/TunaEspa\u00f1a-Cancionero-tuna-musica-Tuna-Don-Dudo-Don-Morse-Don-Torero-ronda-la-tuna-Pasacalles-de-Tuna-Tuna-universitaria-Tuna-Espa\u00f1a-01-dism.jpg\"><img decoding=\"async\" loading=\"lazy\" class=\"aligncenter size-full wp-image-29972\" src=\"http:\/\/www.tunaespana.es\/wp-content\/uploads\/2015\/07\/TunaEspa\u00f1a-Cancionero-tuna-musica-Tuna-Don-Dudo-Don-Morse-Don-Torero-ronda-la-tuna-Pasacalles-de-Tuna-Tuna-universitaria-Tuna-Espa\u00f1a-01-dism.jpg\" alt=\"TunaEspa\u00f1a, Cancionero tuna, musica Tuna, Don Dudo, Don Morse, Don Torero, ronda la tuna , Pasacalles de Tuna, Tuna universitaria, Tuna Espa\u00f1a ,01, dism\" width=\"678\" height=\"289\" srcset=\"https:\/\/www.tunaespana.es\/wp-content\/uploads\/2015\/07\/TunaEspa\u00f1a-Cancionero-tuna-musica-Tuna-Don-Dudo-Don-Morse-Don-Torero-ronda-la-tuna-Pasacalles-de-Tuna-Tuna-universitaria-Tuna-Espa\u00f1a-01-dism.jpg 678w, https:\/\/www.tunaespana.es\/wp-content\/uploads\/2015\/07\/TunaEspa\u00f1a-Cancionero-tuna-musica-Tuna-Don-Dudo-Don-Morse-Don-Torero-ronda-la-tuna-Pasacalles-de-Tuna-Tuna-universitaria-Tuna-Espa\u00f1a-01-dism-300x127.jpg 300w\" sizes=\"(max-width: 678px) 100vw, 678px\" \/><\/a><span style=\"font-size: 8pt;\"><strong><span style=\"color: #ffcc99;\"><span style=\"font-family: Georgia,Times New Roman,Bitstream Charter,Times,serif;\">Le dijo el Mosquito, a la Rana \u201cMas vale Morir en el Vino, Que Vivir en el Agua\u201d, Salud\u00a1\u00a1, <\/span><\/span><\/strong><\/span><\/p>\n<p align=\"CENTER\"><span style=\"font-size: 8pt;\"><strong><span style=\"color: #ffcc99;\">Va por ustedes\u00a1\u00a1\u00a1<\/span><\/strong><\/span><\/p>\n<p style=\"text-align: center;\"><span style=\"font-size: medium; color: #ffff00;\">Popular<\/span><\/p>\n<p style=\"text-align: center;\"><span style=\"font-size: medium; color: #0000ff;\">Interpretan: Trio Los Panchos, Ritchie Valens&#8217; (Richard Valenzuela), Luis Alberto del Parana (Los Paraguayos)<\/span><\/p>\n<p style=\"text-align: center;\"><span style=\"font-size: medium; color: #00ff00;\">Tuna Espa\u00f1a (Don Dudo) ,\u00a0 www.TunaEspa\u00f1a.es<\/span><\/p>\n<p style=\"text-align: center;\"><span style=\"font-size: medium; color: #ff00ff;\">Ritmo Son Jarocho <span style=\"color: #00ccff;\">(pueblo Jarocho,natural de Veracruz)<\/span><\/span><\/p>\n<p align=\"CENTER\"><span style=\"color: #0000ff;\"><span style=\"font-family: Georgia,Times New Roman,Bitstream Charter,Times,serif;\"><span style=\"font-size: small;\">[Tube]https:\/\/www.youtube.com\/watch?v=EwYeQ_9_nxE[\/Tube]<\/span><\/span><\/span><\/p>\n<p style=\"text-align: center;\"><span style=\"color: #cc99ff; font-size: small;\">\u00abLa bamba\u00bb se trata de una canci\u00f3n tradicional Mejicana, creada en los \u00faltimos a\u00f1os del siglo <span style=\"color: #ff00ff;\">XVII<\/span> de autor Anonimo<\/span><span style=\"color: #cc99ff; font-size: small;\">. Inicialmente, la canci\u00f3n satirizaba los esfuerzos tard\u00edos e in\u00fatiles realizados por el \u00a0<span style=\"color: #ff00ff;\">Virrey de Espa\u00f1a en Mejico<\/span><\/span><span style=\"color: #cc99ff; font-size: small;\"> para defender a los ciudadanos del puerto de <span style=\"color: #ff6600;\">Veracruz<\/span><\/span><span style=\"color: #cc99ff; font-size: small;\"> de los piratas. Asimismo, su nombre alude tambi\u00e9n a un <span style=\"color: #ffcc00;\">baile de origen espa\u00f1ol<\/span> denominado<span style=\"color: #ffcc00;\"> \u00abbamaba\u00bb<\/span>, que era popular en esa \u00e9poca.<\/span><\/p>\n<p style=\"text-align: center;\"><span style=\"font-size: medium; color: #0000ff;\"><span style=\"font-size: small;\"><span style=\"color: #cc99ff;\">Pertenece al g\u00e9nero musical denominado <span style=\"color: #00ffff;\">Son Jarocho<\/span> y es reconocida como un <span style=\"color: #ffcc99;\">himno popular del estado de \u00a0Veracruz.<\/span> La versi\u00f3n m\u00e1s difundida comercialmente fue popularizada por artistas de <span style=\"color: #ccffcc;\">Rock and roll<\/span><\/span><span style=\"color: #ccffcc;\"> en los a\u00f1os 1950<\/span><span style=\"color: #cc99ff;\">, destac\u00e1ndose la interpretaci\u00f3n de<span style=\"color: #00ccff;\"> Ritchie Valens&#8217;<\/span> (Richard Valenzuela c<span style=\"color: #ccffcc;\"><span style=\"color: #cc99ff;\">antante de Origen Mejicano Nacido en EEUU)<\/span><\/span><\/span><span style=\"color: #cc99ff;\">. Como danza tradicional, \u00abLa Bamba\u00bb se inscribe dentro del contexto de las llamadas <span style=\"color: #00ccff;\">\u00abDanzas de pareja\u00bb<\/span>, siendo normalmente bailada por un hombre y una mujer, aunque en algunas comunidades la bailan dos o m\u00e1s parejas.<\/span><\/span><br \/>\n<\/span><\/p>\n<p>&nbsp;<\/p>\n<pre><span style=\"font-size: medium; color: #cc99ff;\">Intro: C, F, G\r\n\r\n                C      F G\r\nPara cantar la bamba,\r\n                C\r\nPara cantar la bamba\r\n    F   G                C    F G\r\nse necesita un poca de gracia\r\n             C         F    G\r\nun poca de gracia y otra cosita\r\n                C    F G\r\nay! arriba y arriba,\r\n       C        F     G\r\nay! arriba y arriba ir\u00e9,\r\n               C    F G\r\nyo no soy marinero\r\n               C\r\nyo no soy marinero,\r\n     F    G            C\r\npor t\u00ed ser\u00e9, por t\u00ed ser\u00e9\r\n     F    G\r\npor t\u00ed ser\u00e9.\r\n\r\nHoy les traigo la Bamba\r\nHoy les traigo la bamba\r\nde sentimiento, melod\u00eda que naciera\r\nmelod\u00eda que naciera en el sotavento\r\nay! arriba y arriba,\r\nay! arriba y arriba ir\u00e9,\r\nyo no soy marinero\r\nyo no soy marinero,\r\npor t\u00ed ser\u00e9, por t\u00ed ser\u00e9\r\npor t\u00ed ser\u00e9.\r\n\r\nEs la Bamba se\u00f1ores\r\nEs la Bamba se\u00f1ores\r\nla melod\u00eda que nos pone en el alma\r\nque nos pone en el alma\r\nluz y alegr\u00eda,\r\nAy! arriba y arriba,\r\nay! arriba y arriba van,\r\nyo no soy marinero\r\nyo no soy marinero,\r\nsoy capit\u00e1n, soy capit\u00e1n,\r\nsoy capit\u00e1n.\r\n\r\nAy! te pido caramba,\r\nay! te pido caramba de coraz\u00f3n\r\nque se acabe la bamba,\r\nque se acabe la bamba\r\ny venga otro son,\r\nay! arriba y arriba,\r\nay! arriba y arriba ir\u00e9,\r\nyo no soy marinero\r\nyo no soy marinero,\r\npor t\u00ed ser\u00e9, por t\u00ed ser\u00e9\r\npor t\u00ed ser\u00e9.\r\n\r\n      C\r\nBamba.\r\n<\/span><\/pre>\n<pre><span style=\"font-size: medium; color: #cc99ff;\"><em>\"Para subir al cielo, para subir al cielo<\/em><em>se necesita una escalera\u00a0<\/em><\/span><\/pre>\n<pre><span style=\"font-size: medium; color: #cc99ff;\"><em>grande\"<\/em>.<em>una escalera grande y otra chiquita\"<\/em>.<em>Ay, arriba y arriba,\u00a0<\/em><\/span><\/pre>\n<pre><span style=\"font-size: medium; color: #cc99ff;\"><em>Y arriba y arriba<\/em><em>Por ti ser\u00e9, por ti ser\u00e9, por ti ser\u00e9<\/em>\r\n<\/span><\/pre>\n<pre><\/pre>\n<pre><span style=\"font-size: medium; color: #cc99ff;\"><em>Bamba<\/em><\/span><\/pre>\n<pre><\/pre>\n<pre><span style=\"font-size: medium; color: #cc99ff;\"><em><em>\"En mi casa me dicen, en mi casa me dicen<\/em><em>el inocente,<\/em><\/em><\/span><\/pre>\n<pre><span style=\"font-size: medium; color: #cc99ff;\"><em><em> porque tengo muchacha\"<\/em>.<em>porque tengo muchacha de quince a veinte\"<\/em><\/em><\/span><\/pre>\n<pre><span style=\"font-size: medium; color: #cc99ff;\"><em>.<em>Ay, arriba y arriba, ay arriba y arriba<\/em><em>Arriba ir\u00e9, por ti ser\u00e9,\u00a0<\/em><\/em><\/span><\/pre>\n<pre><span style=\"font-size: medium; color: #cc99ff;\"><em><em>por ti ser\u00e9\r\n<\/em><\/em><\/span><\/pre>\n<p align=\"CENTER\"><span style=\"color: #0000ff;\"><span style=\"font-family: Georgia,Times New Roman,Bitstream Charter,Times,serif;\"><span style=\"font-size: small;\">[Tube]https:\/\/www.youtube.com\/watch?v=jHq9TqqfrWM[\/Tube]<\/span><\/span><\/span><\/p>\n<p align=\"CENTER\"><span style=\"color: #000000;\">.<\/span><\/p>\n<p align=\"CENTER\"><a href=\"http:\/\/www.tunaespana.es\/wp-content\/uploads\/2012\/07\/03TunaEspa\u00f1a-Carlos-Espinosa-Celdran-Conxuro-Queimada-dism.jpg\"><img decoding=\"async\" loading=\"lazy\" class=\"aligncenter size-full wp-image-30396\" src=\"http:\/\/www.tunaespana.es\/wp-content\/uploads\/2012\/07\/03TunaEspa\u00f1a-Carlos-Espinosa-Celdran-Conxuro-Queimada-dism.jpg\" alt=\"03,TunaEspa\u00f1a, Carlos Espinosa Celdran, Conxuro Queimada, dism\" width=\"666\" height=\"357\" srcset=\"https:\/\/www.tunaespana.es\/wp-content\/uploads\/2012\/07\/03TunaEspa\u00f1a-Carlos-Espinosa-Celdran-Conxuro-Queimada-dism.jpg 666w, https:\/\/www.tunaespana.es\/wp-content\/uploads\/2012\/07\/03TunaEspa\u00f1a-Carlos-Espinosa-Celdran-Conxuro-Queimada-dism-300x160.jpg 300w\" sizes=\"(max-width: 666px) 100vw, 666px\" \/><\/a><\/p>\n","protected":false},"excerpt":{"rendered":"<p>&nbsp; La Bamba Le dijo el Mosquito, a la Rana \u201cMas vale Morir en el Vino, Que Vivir en el Agua\u201d, Salud\u00a1\u00a1, Va por ustedes\u00a1\u00a1\u00a1 Popular Interpretan: Trio Los Panchos, Ritchie Valens&#8217; (Richard Valenzuela), Luis Alberto del Parana (Los Paraguayos) Tuna Espa\u00f1a (Don Dudo) ,\u00a0 www.TunaEspa\u00f1a.es Ritmo Son Jarocho (pueblo Jarocho,natural de Veracruz) [Tube]https:\/\/www.youtube.com\/watch?v=EwYeQ_9_nxE[\/Tube] \u00abLa [&hellip;]<\/p>\n","protected":false},"author":2,"featured_media":0,"comment_status":"closed","ping_status":"closed","sticky":false,"template":"","format":"standard","meta":[],"categories":[30,242,263],"tags":[4849,3914],"_links":{"self":[{"href":"https:\/\/www.tunaespana.es\/index.php?rest_route=\/wp\/v2\/posts\/4376"}],"collection":[{"href":"https:\/\/www.tunaespana.es\/index.php?rest_route=\/wp\/v2\/posts"}],"about":[{"href":"https:\/\/www.tunaespana.es\/index.php?rest_route=\/wp\/v2\/types\/post"}],"author":[{"embeddable":true,"href":"https:\/\/www.tunaespana.es\/index.php?rest_route=\/wp\/v2\/users\/2"}],"replies":[{"embeddable":true,"href":"https:\/\/www.tunaespana.es\/index.php?rest_route=%2Fwp%2Fv2%2Fcomments&post=4376"}],"version-history":[{"count":12,"href":"https:\/\/www.tunaespana.es\/index.php?rest_route=\/wp\/v2\/posts\/4376\/revisions"}],"predecessor-version":[{"id":38453,"href":"https:\/\/www.tunaespana.es\/index.php?rest_route=\/wp\/v2\/posts\/4376\/revisions\/38453"}],"wp:attachment":[{"href":"https:\/\/www.tunaespana.es\/index.php?rest_route=%2Fwp%2Fv2%2Fmedia&parent=4376"}],"wp:term":[{"taxonomy":"category","embeddable":true,"href":"https:\/\/www.tunaespana.es\/index.php?rest_route=%2Fwp%2Fv2%2Fcategories&post=4376"},{"taxonomy":"post_tag","embeddable":true,"href":"https:\/\/www.tunaespana.es\/index.php?rest_route=%2Fwp%2Fv2%2Ftags&post=4376"}],"curies":[{"name":"wp","href":"https:\/\/api.w.org\/{rel}","templated":true}]}}