{"id":4427,"date":"2011-07-30T11:48:42","date_gmt":"2011-07-30T11:48:42","guid":{"rendered":"http:\/\/www.tunaespana.com\/wp\/?p=4427"},"modified":"2013-08-26T10:16:36","modified_gmt":"2013-08-26T10:16:36","slug":"gran-canaria-acorde-guitarra-letra-musicatuna-tab","status":"publish","type":"post","link":"https:\/\/www.tunaespana.es\/?p=4427","title":{"rendered":"Gran Canaria (Acorde guitarra) (Letra Tablatura) cancionero Tuna"},"content":{"rendered":"<p>&nbsp;<\/p>\n<p style=\"text-align: center;\"><span style=\"font-size: x-large; color: #ff0000;\">Gran Canaria <\/span><\/p>\n<p style=\"text-align: center;\"><span style=\"font-size: medium; color: #0000ff;\">Interpretan: Los Gofiones<\/span><\/p>\n<p style=\"text-align: center;\"><span style=\"font-size: medium; color: #00ff00;\">Tuna Espa\u00f1a (Don Dudo) \u00a0 \u00a0 www.TunaEspana.com \u00a0 \u00a0www.TunaEspa\u00f1a.es<\/span><\/p>\n<p style=\"text-align: center;\"><span style=\"font-size: medium; color: #ff00ff;\">Espa\u00f1a<\/span><\/p>\n<p style=\"text-align: center;\"><span style=\"color: #3366ff;\">Enlace Youtube: <a href=\"http:\/\/www.youtube.com\/watch?v=qjGlzUHht5w\"><span style=\"color: #3366ff;\">Pinche aqui para escuchar la cancion<\/span><\/a><\/span><\/p>\n<p style=\"text-align: center;\"><a href=\"http:\/\/www.tunaespana.es\/wp-content\/uploads\/2013\/08\/TunaEspa\u00f1a-Don-Maguila-Don-Chiqui-Mafaldo-Don-Pegao-Tunas-Universitarias.jpg\"><img decoding=\"async\" loading=\"lazy\" class=\"aligncenter size-full wp-image-19123\" alt=\"TunaEspa\u00f1a, Don Maguila, Don Chiqui, Mafaldo, Don Pegao, Tunas Universitarias\" src=\"http:\/\/www.tunaespana.es\/wp-content\/uploads\/2013\/08\/TunaEspa\u00f1a-Don-Maguila-Don-Chiqui-Mafaldo-Don-Pegao-Tunas-Universitarias.jpg\" width=\"646\" height=\"432\" srcset=\"https:\/\/www.tunaespana.es\/wp-content\/uploads\/2013\/08\/TunaEspa\u00f1a-Don-Maguila-Don-Chiqui-Mafaldo-Don-Pegao-Tunas-Universitarias.jpg 646w, https:\/\/www.tunaespana.es\/wp-content\/uploads\/2013\/08\/TunaEspa\u00f1a-Don-Maguila-Don-Chiqui-Mafaldo-Don-Pegao-Tunas-Universitarias-300x200.jpg 300w\" sizes=\"(max-width: 646px) 100vw, 646px\" \/><\/a><\/p>\n<p style=\"text-align: center;\">.<\/p>\n<p>&nbsp;<\/p>\n<pre><span style=\"font-size: large; color: #cc99ff;\">Bm          A        G   F#\r\nTe llevo en el coraz\u00f3n\r\nBm     A      G F#\r\nTe amo con el alma\r\nG        A           Bm\r\nVivir en ti es mi raz\u00f3n\r\nEm      C#m7b5   F#7 Bm\r\n\u00a1Ay mi Gran    Cana ria!\r\nEm        A          G   F#\r\n\r\nEn los poros de mi piel,\r\nBm          A    G  F#\r\nDentro, en las entra\u00f1as,\r\nG       A        Bm\r\nEres mi raz\u00f3n de ser\r\nEm      C#m7b5   F#7 Bm\r\n\u00a1Ay mi Gran    Cana ria!\r\n\r\nD                 A    F#\r\nFormas parte del total\r\nBm   A      G   F#\r\nDe siete esmeraldas,\r\nEm        A      Bm\r\nEn ti me quiero quedar\r\nEm      C#m7b5   F#7 Bm C7\r\n\u00a1Ay mi Gran    Cana ria!\r\n\r\nD       Em               A    F#\r\nY si tu ausencia est\u00e1 en m\u00ed,\r\nBm       A     G F#\r\nMis ojos se empa\u00f1an\r\nEm          F#m       G\r\nCuando me acuerdo de ti\r\nEm  C#m7b5   F#7  G\r\n\u00a1Ay mi Gran Cana ria!\r\n\r\nG                 D\r\nUna roca, un coraz\u00f3n\r\n        D7            G\r\nCon el fuego de la  lava,\r\n       Em      A         Bm  Bm7\/A\r\nY el Atl\u00e1ntico pone canci\u00f3n\r\n            F#m       G\r\nCuando va a besar tu playa,\r\n              A    Bm\r\nMar, sangre y roca pasi\u00f3n,\r\n        G\r\nMi querida Gran Canaria\r\n\r\nM\u00fasica\r\n\r\nBm          A        G   F#\r\nTe llevo en el coraz\u00f3n\r\nBm     A      G F#\r\nTe amo con el alma\r\nG        A           Bm\r\nVivir en ti es mi raz\u00f3n\r\nEm      C#m7b5   F#7 Bm\r\n\u00a1Ay mi Gran    Cana ria!\r\n\r\nD                 A    F#\r\nFormas parte del total\r\nBm   A      G   F#\r\nDe siete esmeraldas,\r\nEm        A      Bm\r\nEn ti me quiero quedar\r\nEm      C#m7b5   F#7 Bm C7\r\n\u00a1Ay mi Gran    Cana ria!\r\n\r\nD       Em               A    F#\r\nY si tu ausencia est\u00e1 en m\u00ed,\r\nBm       A     G F#\r\nMis ojos se empa\u00f1an\r\nEm          F#m       G\r\nCuando me acuerdo de ti\r\nEm  C#m7b5   F#7  G\r\n\u00a1Ay mi Gran Cana ria!\r\nEm  C#m7b5   F#7  Bm\r\n\u00a1Ay mi Gran Cana ria!<\/span><\/pre>\n<p>&nbsp;<\/p>\n","protected":false},"excerpt":{"rendered":"<p>&nbsp; Gran Canaria Interpretan: Los Gofiones Tuna Espa\u00f1a (Don Dudo) \u00a0 \u00a0 www.TunaEspana.com \u00a0 \u00a0www.TunaEspa\u00f1a.es Espa\u00f1a Enlace Youtube: Pinche aqui para escuchar la cancion . &nbsp; Bm A G F# Te llevo en el coraz\u00f3n Bm A G F# Te amo con el alma G A Bm Vivir en ti es mi raz\u00f3n Em C#m7b5 [&hellip;]<\/p>\n","protected":false},"author":2,"featured_media":0,"comment_status":"closed","ping_status":"closed","sticky":false,"template":"","format":"standard","meta":[],"categories":[244,35,263],"tags":[1966,4789],"_links":{"self":[{"href":"https:\/\/www.tunaespana.es\/index.php?rest_route=\/wp\/v2\/posts\/4427"}],"collection":[{"href":"https:\/\/www.tunaespana.es\/index.php?rest_route=\/wp\/v2\/posts"}],"about":[{"href":"https:\/\/www.tunaespana.es\/index.php?rest_route=\/wp\/v2\/types\/post"}],"author":[{"embeddable":true,"href":"https:\/\/www.tunaespana.es\/index.php?rest_route=\/wp\/v2\/users\/2"}],"replies":[{"embeddable":true,"href":"https:\/\/www.tunaespana.es\/index.php?rest_route=%2Fwp%2Fv2%2Fcomments&post=4427"}],"version-history":[{"count":5,"href":"https:\/\/www.tunaespana.es\/index.php?rest_route=\/wp\/v2\/posts\/4427\/revisions"}],"predecessor-version":[{"id":19138,"href":"https:\/\/www.tunaespana.es\/index.php?rest_route=\/wp\/v2\/posts\/4427\/revisions\/19138"}],"wp:attachment":[{"href":"https:\/\/www.tunaespana.es\/index.php?rest_route=%2Fwp%2Fv2%2Fmedia&parent=4427"}],"wp:term":[{"taxonomy":"category","embeddable":true,"href":"https:\/\/www.tunaespana.es\/index.php?rest_route=%2Fwp%2Fv2%2Fcategories&post=4427"},{"taxonomy":"post_tag","embeddable":true,"href":"https:\/\/www.tunaespana.es\/index.php?rest_route=%2Fwp%2Fv2%2Ftags&post=4427"}],"curies":[{"name":"wp","href":"https:\/\/api.w.org\/{rel}","templated":true}]}}