{"id":4461,"date":"2011-07-30T17:59:36","date_gmt":"2011-07-30T17:59:36","guid":{"rendered":"http:\/\/www.tunaespana.com\/wp\/?p=4461"},"modified":"2011-10-24T16:19:09","modified_gmt":"2011-10-24T16:19:09","slug":"sabelo-bien-acorde-guitarra-letra-musicatuna-tab","status":"publish","type":"post","link":"https:\/\/www.tunaespana.es\/?p=4461","title":{"rendered":"Sabelo bien (Acorde guitarra)  (Letra Musica)Tuna (Tab)"},"content":{"rendered":"<p>&nbsp;<\/p>\n<p><span style=\"font-size: x-large; color: #ff0000;\">Sabelo bien <\/span><\/p>\n<p><span style=\"font-size: medium; color: #ffff00;\">Autor:\u00a0Salaman Acu\u00f1a \/ Rey Hierrezuelo<\/span><\/p>\n<p><span style=\"font-size: medium; color: #0000ff;\">Interpretan: Los Tecolines<\/span><\/p>\n<p><span style=\"font-size: medium; color: #00ff00;\">Tuna Espa\u00f1a (Don Dudo) \u00a0 \u00a0 www.TunaEspana.com \u00a0 \u00a0www.TunaEspa\u00f1a.es<\/span><\/p>\n<p><span style=\"font-size: medium; color: #ffcc00;\">Ritmo: Bolero<\/span><\/p>\n<p>&nbsp;<\/p>\n<p>&nbsp;<\/p>\n<pre><span style=\"font-size: large; color: #cc99ff;\">        Am  Dm\r\nS\u00e1belo bien\r\n                    Am\r\nque al jard\u00edn de mi alma\r\n       E7      Am\r\ntu le diste calor\r\n\r\n        A7\r\nS\u00e1belo bien que sin ti\r\n                Dm\r\npereciera el latir\r\n A7      Dm\r\ndel coraz\u00f3n\r\n\r\n        Am\r\nS\u00e1belo bien\r\n                  B7\r\nque si miras hay dicha\r\nE7          A\r\ny si besas hay miel\r\n\r\n         A\r\nS\u00e1belo bien\r\n\r\nque tus caricias y tus besos\r\n        E7\r\nme dan celos\r\n\r\n        Bm\r\nS\u00e1belo bien\r\n                      E7\r\nque tu orgullo y vanidades\r\n         A\r\nme dan miedo\r\n\r\n        C#7\r\nS\u00e1belo bien\r\n                        F#m\r\nque como a nadie te he querido\r\n        B7\r\nS\u00e1belo bien\r\n                         E7\r\nque como a nadie te he adorado\r\n\r\n            A\r\nSi tus tristezas tu dolor\r\n                 E7\r\ny malestares te fatigan\r\n            Bm\r\nY si has podido descansar\r\n            E7       A\r\nentre mis brazos vida m\u00eda\r\n        F#7\r\nS\u00e1belo bien\r\n\r\nque ya no tengo que temer\r\n             Bm\r\nque t\u00fa me olvides\r\n        E7        A      B7\r\nYo te quiero con locura\r\n E7      A\r\ns\u00e1belo bien\r\n        A7        A      B7\r\nYo te quiero con locura\r\n E7      A\r\ns\u00e1belo bien<\/span><\/pre>\n<p>&nbsp;<\/p>\n","protected":false},"excerpt":{"rendered":"<p>&nbsp; Sabelo bien Autor:\u00a0Salaman Acu\u00f1a \/ Rey Hierrezuelo Interpretan: Los Tecolines Tuna Espa\u00f1a (Don Dudo) \u00a0 \u00a0 www.TunaEspana.com \u00a0 \u00a0www.TunaEspa\u00f1a.es Ritmo: Bolero &nbsp; &nbsp; Am Dm S\u00e1belo bien Am que al jard\u00edn de mi alma E7 Am tu le diste calor A7 S\u00e1belo bien que sin ti Dm pereciera el latir A7 Dm del coraz\u00f3n [&hellip;]<\/p>\n","protected":false},"author":2,"featured_media":0,"comment_status":"closed","ping_status":"closed","sticky":false,"template":"","format":"standard","meta":[],"categories":[274,22,263],"tags":[],"_links":{"self":[{"href":"https:\/\/www.tunaespana.es\/index.php?rest_route=\/wp\/v2\/posts\/4461"}],"collection":[{"href":"https:\/\/www.tunaespana.es\/index.php?rest_route=\/wp\/v2\/posts"}],"about":[{"href":"https:\/\/www.tunaespana.es\/index.php?rest_route=\/wp\/v2\/types\/post"}],"author":[{"embeddable":true,"href":"https:\/\/www.tunaespana.es\/index.php?rest_route=\/wp\/v2\/users\/2"}],"replies":[{"embeddable":true,"href":"https:\/\/www.tunaespana.es\/index.php?rest_route=%2Fwp%2Fv2%2Fcomments&post=4461"}],"version-history":[{"count":2,"href":"https:\/\/www.tunaespana.es\/index.php?rest_route=\/wp\/v2\/posts\/4461\/revisions"}],"predecessor-version":[{"id":9414,"href":"https:\/\/www.tunaespana.es\/index.php?rest_route=\/wp\/v2\/posts\/4461\/revisions\/9414"}],"wp:attachment":[{"href":"https:\/\/www.tunaespana.es\/index.php?rest_route=%2Fwp%2Fv2%2Fmedia&parent=4461"}],"wp:term":[{"taxonomy":"category","embeddable":true,"href":"https:\/\/www.tunaespana.es\/index.php?rest_route=%2Fwp%2Fv2%2Fcategories&post=4461"},{"taxonomy":"post_tag","embeddable":true,"href":"https:\/\/www.tunaespana.es\/index.php?rest_route=%2Fwp%2Fv2%2Ftags&post=4461"}],"curies":[{"name":"wp","href":"https:\/\/api.w.org\/{rel}","templated":true}]}}