{"id":4463,"date":"2011-07-30T18:04:53","date_gmt":"2011-07-30T18:04:53","guid":{"rendered":"http:\/\/www.tunaespana.com\/wp\/?p=4463"},"modified":"2014-03-31T10:20:16","modified_gmt":"2014-03-31T10:20:16","slug":"madrigal-un-acorde-guitarra-letra-musicatuna-tab","status":"publish","type":"post","link":"https:\/\/www.tunaespana.es\/?p=4463","title":{"rendered":"Madrigal,De Ventura Romero , ,Acorde Guitarra, Letra Tabladura, Cancionero Tuna, Bolero"},"content":{"rendered":"<pre><\/pre>\n<h1 align=\"CENTER\"><span style=\"color: #000000;\"><span style=\"font-family: Georgia,Times New Roman,Bitstream Charter,Times,serif;\"><span style=\"font-size: xx-small;\">.<\/span><\/span><\/span><\/h1>\n<h1 align=\"CENTER\"><span style=\"color: #ff3366;\"> <span style=\"font-family: Georgia,Times New Roman,Bitstream Charter,Times,serif;\"><span style=\"font-size: xx-large;\"><span style=\"color: #ff0000;\">Madrigal <\/span><\/span><\/span><\/span><\/h1>\n<h1 align=\"CENTER\"><span style=\"color: #ffff00;\"><span style=\"font-family: Georgia,Times New Roman,Bitstream Charter,Times,serif;\"><span style=\"font-size: medium;\">Autor: Ventura Romero<\/span><\/span><\/span><\/h1>\n<p align=\"CENTER\"><span style=\"color: #0000ff;\">Interpretan: TunaEspa\u00f1a, Los Tecolines, Luis Perez Meza, Guadalupe Pineda,Los Tres Ases<br \/>\n<\/span><\/p>\n<p align=\"CENTER\"><span style=\"color: #00ff00;\">TunaEspa\u00f1a (Don Dudo) www.TunaEspa\u00f1a.es <\/span><\/p>\n<p align=\"CENTER\"><span style=\"color: #ff00ff;\"><span style=\"font-family: Georgia,Times New Roman,Bitstream Charter,Times,serif;\"><span style=\"font-size: medium;\">Ritmo:Bolero<\/span><\/span><\/span><\/p>\n<p align=\"CENTER\"><span style=\"color: #0000ff;\"><span style=\"font-family: Georgia,Times New Roman,Bitstream Charter,Times,serif;\"><span style=\"font-size: medium;\">\u00a0<\/span><\/span><\/span><span style=\"font-size: medium; color: #ffcc00;\"> Enlace Youtube: <a href=\"http:\/\/www.youtube.com\/watch?feature=player_embedded&amp;v=h5vhqcNUEpQ\">Pinche aqui para escuchar el bolero . <\/a><\/span><\/p>\n<p align=\"CENTER\"><span style=\"font-size: medium; color: #ffcc00;\"><a href=\"http:\/\/www.tunaespana.es\/wp-content\/uploads\/2011\/06\/TunaEspa\u00f1a-Tunas-Espa\u00f1olas-Tunas-Universitarias-Universidad-Don-Musikito-Don-Perdi.jpg\"><img decoding=\"async\" loading=\"lazy\" class=\"aligncenter size-full wp-image-19290\" alt=\"TunaEspa\u00f1a, Tunas Espa\u00f1olas, Tunas Universitarias, Universidad, Don Musikito, Don Perdi,\" src=\"http:\/\/www.tunaespana.es\/wp-content\/uploads\/2011\/06\/TunaEspa\u00f1a-Tunas-Espa\u00f1olas-Tunas-Universitarias-Universidad-Don-Musikito-Don-Perdi.jpg\" width=\"585\" height=\"334\" srcset=\"https:\/\/www.tunaespana.es\/wp-content\/uploads\/2011\/06\/TunaEspa\u00f1a-Tunas-Espa\u00f1olas-Tunas-Universitarias-Universidad-Don-Musikito-Don-Perdi.jpg 585w, https:\/\/www.tunaespana.es\/wp-content\/uploads\/2011\/06\/TunaEspa\u00f1a-Tunas-Espa\u00f1olas-Tunas-Universitarias-Universidad-Don-Musikito-Don-Perdi-300x171.jpg 300w\" sizes=\"(max-width: 585px) 100vw, 585px\" \/><\/a> <\/span> <span style=\"font-size: 14px; color: #cc99ff;\"> E E7 A C#7 F#m B7<\/span><\/p>\n<pre><span style=\"font-size: 14px; color: #cc99ff;\">Qu\u00e9 bonito es el sol de ma\u00f1ana,  al regreso de la capital,\r\n\r\n        E        Edim    E         E7      A           Am          E\r\nay, qu\u00e9 linda se ve mi Susana, cuando va corriendo por entre el trigal;\r\n\r\n              E7          A     C#7     F#m                   B7\r\nya se ve la barranca y el puente,  y mi perro me viene a encontrar,\r\n\r\n    E       Edim     E          E7         A         Am        E\r\nel arado se queda pendiente, porque ya los bueyes no quieren jalar.\r\n\r\n       F#7            B             E          Edim       E\r\nLa humareda de mi jacalito, ya se extiende por todo el trigal,\r\n\r\n       A        Am        E                   F#7                 B7\r\ny a lo lejos se ve el arroyito, que todas las tardes me suele arrullar;\r\n\r\n       F#7            B             E          Edim       E\r\nLa humareda de mi jacalito, ya se extiende por todo el trigal,\r\n\r\n       A        Am        E         E7        A         Am     B7 E\r\ny a lo lejos se ve el arroyito, que todas las tardes me suele arrullar.<\/span><\/pre>\n<pre><span style=\"font-size: 14px;\">\u00a0<\/span><\/pre>\n<p align=\"CENTER\"><span style=\"color: #0000ff; font-size: 12px;\"><span style=\"font-family: Georgia,Times New Roman,Bitstream Charter,Times,serif;\">\u00a0<\/span><\/span><\/p>\n<pre><\/pre>\n<pre><span style=\"font-size: 14px;\">\u00a0<\/span><\/pre>\n<pre><span style=\"font-size: 14px; color: #ff00ff;\">OTRO TONO<\/span><\/pre>\n<p>&nbsp;<\/p>\n<p>&nbsp;<\/p>\n","protected":false},"excerpt":{"rendered":"<p>. Madrigal Autor: Ventura Romero Interpretan: TunaEspa\u00f1a, Los Tecolines, Luis Perez Meza, Guadalupe Pineda,Los Tres Ases TunaEspa\u00f1a (Don Dudo) www.TunaEspa\u00f1a.es Ritmo:Bolero \u00a0 Enlace Youtube: Pinche aqui para escuchar el bolero . E E7 A C#7 F#m B7 Qu\u00e9 bonito es el sol de ma\u00f1ana, al regreso de la capital, E Edim E E7 A Am [&hellip;]<\/p>\n","protected":false},"author":2,"featured_media":0,"comment_status":"closed","ping_status":"closed","sticky":false,"template":"","format":"standard","meta":[],"categories":[274,29,263],"tags":[1335,4885,763,2101,2103,2104,2102],"_links":{"self":[{"href":"https:\/\/www.tunaespana.es\/index.php?rest_route=\/wp\/v2\/posts\/4463"}],"collection":[{"href":"https:\/\/www.tunaespana.es\/index.php?rest_route=\/wp\/v2\/posts"}],"about":[{"href":"https:\/\/www.tunaespana.es\/index.php?rest_route=\/wp\/v2\/types\/post"}],"author":[{"embeddable":true,"href":"https:\/\/www.tunaespana.es\/index.php?rest_route=\/wp\/v2\/users\/2"}],"replies":[{"embeddable":true,"href":"https:\/\/www.tunaespana.es\/index.php?rest_route=%2Fwp%2Fv2%2Fcomments&post=4463"}],"version-history":[{"count":11,"href":"https:\/\/www.tunaespana.es\/index.php?rest_route=\/wp\/v2\/posts\/4463\/revisions"}],"predecessor-version":[{"id":24756,"href":"https:\/\/www.tunaespana.es\/index.php?rest_route=\/wp\/v2\/posts\/4463\/revisions\/24756"}],"wp:attachment":[{"href":"https:\/\/www.tunaespana.es\/index.php?rest_route=%2Fwp%2Fv2%2Fmedia&parent=4463"}],"wp:term":[{"taxonomy":"category","embeddable":true,"href":"https:\/\/www.tunaespana.es\/index.php?rest_route=%2Fwp%2Fv2%2Fcategories&post=4463"},{"taxonomy":"post_tag","embeddable":true,"href":"https:\/\/www.tunaespana.es\/index.php?rest_route=%2Fwp%2Fv2%2Ftags&post=4463"}],"curies":[{"name":"wp","href":"https:\/\/api.w.org\/{rel}","templated":true}]}}