{"id":4546,"date":"2011-07-31T06:31:37","date_gmt":"2011-07-31T06:31:37","guid":{"rendered":"http:\/\/www.tunaespana.com\/wp\/?p=4546"},"modified":"2013-08-26T16:39:43","modified_gmt":"2013-08-26T16:39:43","slug":"ay-carino-acorde-guitarra-letra-musicatuna-tab","status":"publish","type":"post","link":"https:\/\/www.tunaespana.es\/?p=4546","title":{"rendered":"Ay Cari\u00f1o (Acorde guitarra) (Letra Tablatura) cancionero Tuna (Bolero)"},"content":{"rendered":"<p>&nbsp;<\/p>\n<p>&nbsp;<\/p>\n<p style=\"text-align: center;\"><span style=\"font-size: x-large; color: #ff0000;\">Ay Cari\u00f1o<\/span><\/p>\n<p style=\"text-align: center;\"><span style=\"font-size: x-large; color: #ff0000;\"><br \/>\n<\/span><\/p>\n<p style=\"text-align: center;\"><span style=\"color: #ffff00; font-size: small;\">Autor:\u00a0Federico Baena<\/span><\/p>\n<p style=\"text-align: center;\"><span style=\"color: #0000ff; font-size: small;\">Interpretan: Trio Los Duendes, Marco Antonio Mu\u00f1iz, To\u00f1a La Negra, Trio Los Antares, Javier Solis, Cuco Sanchez, Los Galantes, Cuarteto Ruffino, Trio Los Soberanos<\/span><\/p>\n<p style=\"text-align: center;\"><span style=\"color: #00ff00; font-size: small;\">Tuna Espa\u00f1a (Don Dudo) \u00a0 \u00a0 www.TunaEspana.com \u00a0 \u00a0www.TunaEspa\u00f1a.es<\/span><\/p>\n<p style=\"text-align: center;\"><span style=\"color: #ffcc00; font-size: small;\">Ritmo: Bolero<\/span><\/p>\n<p style=\"text-align: center;\"><span style=\"color: #0000ff; font-size: small;\">Enlace Youtube:\u00a0<a href=\"http:\/\/www.youtube.com\/watch?v=gjrorMhuh9I\">pinche aqui para escuchar la canci\u00f3n<\/a><\/span><\/p>\n<p style=\"text-align: center;\"><span style=\"font-size: medium; color: #0000ff;\">.<br \/>\n<\/span><\/p>\n<p style=\"text-align: center;\"><a href=\"http:\/\/www.tunaespana.es\/wp-content\/uploads\/2011\/07\/TunaEspa\u00f1a-Tunas-Espa\u00f1olas-Tunas-Universitarias-Universidad-Don-Antonio-De-Bejar.jpg\"><img decoding=\"async\" loading=\"lazy\" class=\"aligncenter size-full wp-image-19172\" alt=\"TunaEspa\u00f1a, Tunas Espa\u00f1olas, Tunas Universitarias, Universidad, Don Antonio De Bejar\" src=\"http:\/\/www.tunaespana.es\/wp-content\/uploads\/2011\/07\/TunaEspa\u00f1a-Tunas-Espa\u00f1olas-Tunas-Universitarias-Universidad-Don-Antonio-De-Bejar.jpg\" width=\"475\" height=\"544\" srcset=\"https:\/\/www.tunaespana.es\/wp-content\/uploads\/2011\/07\/TunaEspa\u00f1a-Tunas-Espa\u00f1olas-Tunas-Universitarias-Universidad-Don-Antonio-De-Bejar.jpg 475w, https:\/\/www.tunaespana.es\/wp-content\/uploads\/2011\/07\/TunaEspa\u00f1a-Tunas-Espa\u00f1olas-Tunas-Universitarias-Universidad-Don-Antonio-De-Bejar-261x300.jpg 261w\" sizes=\"(max-width: 475px) 100vw, 475px\" \/><\/a><\/p>\n<p>&nbsp;<\/p>\n<p style=\"text-align: left;\"><span style=\"color: #cc99ff;\">Dm\u00a0\u00a0D7\u00a0\u00a0\u00a0\u00a0\u00a0\u00a0F#m<\/span><br \/>\n<span style=\"color: #cc99ff;\">Ay\u00a0cari\u00f1o,\u00a0Ay\u00a0cari\u00f1o<\/span><br \/>\n<span style=\"color: #cc99ff;\"> C7<\/span><br \/>\n<span style=\"color: #cc99ff;\">Si\u00a0vieras\u00a0com\u00f3\u00a0estoy\u00a0desesperado<\/span><br \/>\n<span style=\"color: #cc99ff;\"> F<\/span><br \/>\n<span style=\"color: #cc99ff;\">Por\u00a0tu\u00a0ausencia<\/span><br \/>\n<span style=\"color: #cc99ff;\"> F#m\u00a0\u00a0\u00a0\u00a0\u00a0\u00a0\u00a0\u00a0\u00a0\u00a0\u00a0\u00a0\u00a0\u00a0\u00a0\u00a0\u00a0\u00a0\u00a0\u00a0\u00a0\u00a0\u00a0\u00a0\u00a0\u00a0\u00a0\u00a0A7<\/span><br \/>\n<span style=\"color: #cc99ff;\">So\u00f1ando\u00a0a\u00a0cada\u00a0instante\u00a0con\u00a0la\u00a0luz<\/span><br \/>\n<span style=\"color: #cc99ff;\"> Dm<\/span><br \/>\n<span style=\"color: #cc99ff;\">De\u00a0tu\u00a0presencia<\/span><br \/>\n<span style=\"color: #cc99ff;\"> E7<\/span><br \/>\n<span style=\"color: #cc99ff;\">Llam\u00e1ndote\u00a0en\u00a0mis\u00a0noches<\/span><br \/>\n<span style=\"color: #cc99ff;\"> A#M\u00a0\u00a0\u00a0\u00a0\u00a0\u00a0\u00a0\u00a0\u00a0A7<\/span><br \/>\n<span style=\"color: #cc99ff;\">Y\u00a0llorando\u00a0\u00a0\u00a0como\u00a0un\u00a0ni\u00f1o.<\/span><\/p>\n<p><span style=\"color: #cc99ff;\"> Dm\u00a0\u00a0D7\u00a0\u00a0\u00a0\u00a0\u00a0\u00a0A7<\/span><br \/>\n<span style=\"color: #cc99ff;\">Ay\u00a0cari\u00f1o,\u00a0Ay\u00a0cari\u00f1o<\/span><br \/>\n<span style=\"color: #cc99ff;\"> C7<\/span><br \/>\n<span style=\"color: #cc99ff;\">T\u00fa\u00a0sabes\u00a0que\u00a0mi\u00a0culpa\u00a0es\u00a0adorarte<\/span><br \/>\n<span style=\"color: #cc99ff;\"> F<\/span><br \/>\n<span style=\"color: #cc99ff;\">Como\u00a0un\u00a0necio<\/span><br \/>\n<span style=\"color: #cc99ff;\"> F#m<\/span><br \/>\n<span style=\"color: #cc99ff;\">Si\u00a0es\u00a0cierto\u00a0como\u00a0dicen<em> <\/em><\/span><br \/>\n<span style=\"color: #cc99ff;\"> A7\u00a0\u00a0\u00a0\u00a0\u00a0\u00a0\u00a0\u00a0\u00a0\u00a0\u00a0\u00a0\u00a0\u00a0Dm<\/span><br \/>\n<span style=\"color: #cc99ff;\">Que\u00a0el\u00a0pecado\u00a0tiene\u00a0un\u00a0precio<\/span><br \/>\n<span style=\"color: #cc99ff;\"> D#\u00a0\u00a0\u00a0\u00a0\u00a0\u00a0\u00a0\u00a0\u00a0\u00a0\u00a0\u00a0\u00a0A7<\/span><br \/>\n<span style=\"color: #cc99ff;\">Qu\u00e9\u00a0caro\u00a0estoy\u00a0pagando\u00a0por\u00a0quererte<\/span><br \/>\n<span style=\"color: #cc99ff;\"> Dm<\/span><br \/>\n<span style=\"color: #cc99ff;\">Ay\u00a0cari\u00f1o.<\/span><\/p>\n<p><span style=\"color: #cc99ff;\"> Dm\u00a0\u00a0D7\u00a0\u00a0\u00a0\u00a0\u00a0\u00a0A7<\/span><br \/>\n<span style=\"color: #cc99ff;\">Ay\u00a0cari\u00f1o,\u00a0Ay\u00a0cari\u00f1o<\/span><br \/>\n<span style=\"color: #cc99ff;\"> C7<\/span><br \/>\n<span style=\"color: #cc99ff;\">T\u00fa\u00a0sabes\u00a0que\u00a0mi\u00a0culpa\u00a0es\u00a0adorarte<\/span><br \/>\n<span style=\"color: #cc99ff;\"> F<\/span><br \/>\n<span style=\"color: #cc99ff;\">Como\u00a0un\u00a0necio<\/span><br \/>\n<span style=\"color: #cc99ff;\"> F#m<\/span><br \/>\n<span style=\"color: #cc99ff;\">Si\u00a0es\u00a0cierto\u00a0como\u00a0dicen<\/span><br \/>\n<span style=\"color: #cc99ff;\"> A7\u00a0\u00a0\u00a0\u00a0\u00a0\u00a0\u00a0\u00a0\u00a0\u00a0\u00a0\u00a0\u00a0\u00a0Dm<\/span><br \/>\n<span style=\"color: #cc99ff;\">Que\u00a0el\u00a0pecado\u00a0tiene\u00a0un\u00a0precio<\/span><br \/>\n<span style=\"color: #cc99ff;\"> D#\u00a0\u00a0\u00a0\u00a0\u00a0\u00a0\u00a0\u00a0\u00a0\u00a0\u00a0\u00a0\u00a0A7<\/span><br \/>\n<span style=\"color: #cc99ff;\">Qu\u00e9\u00a0caro\u00a0estoy\u00a0pagando\u00a0por\u00a0quererte<\/span><br \/>\n<span style=\"color: #cc99ff;\"> Dm<\/span><br \/>\n<span style=\"color: #cc99ff;\">Ay\u00a0cari\u00f1o.<\/span><\/p>\n<pre><\/pre>\n","protected":false},"excerpt":{"rendered":"<p>&nbsp; &nbsp; Ay Cari\u00f1o Autor:\u00a0Federico Baena Interpretan: Trio Los Duendes, Marco Antonio Mu\u00f1iz, To\u00f1a La Negra, Trio Los Antares, Javier Solis, Cuco Sanchez, Los Galantes, Cuarteto Ruffino, Trio Los Soberanos Tuna Espa\u00f1a (Don Dudo) \u00a0 \u00a0 www.TunaEspana.com \u00a0 \u00a0www.TunaEspa\u00f1a.es Ritmo: Bolero Enlace Youtube:\u00a0pinche aqui para escuchar la canci\u00f3n . &nbsp; Dm\u00a0\u00a0D7\u00a0\u00a0\u00a0\u00a0\u00a0\u00a0F#m Ay\u00a0cari\u00f1o,\u00a0Ay\u00a0cari\u00f1o C7 Si\u00a0vieras\u00a0com\u00f3\u00a0estoy\u00a0desesperado F [&hellip;]<\/p>\n","protected":false},"author":2,"featured_media":0,"comment_status":"closed","ping_status":"closed","sticky":false,"template":"","format":"standard","meta":[],"categories":[42,274,382,263],"tags":[1987,4728,1988,4618,1986,4620,774,1660,4736,832],"_links":{"self":[{"href":"https:\/\/www.tunaespana.es\/index.php?rest_route=\/wp\/v2\/posts\/4546"}],"collection":[{"href":"https:\/\/www.tunaespana.es\/index.php?rest_route=\/wp\/v2\/posts"}],"about":[{"href":"https:\/\/www.tunaespana.es\/index.php?rest_route=\/wp\/v2\/types\/post"}],"author":[{"embeddable":true,"href":"https:\/\/www.tunaespana.es\/index.php?rest_route=\/wp\/v2\/users\/2"}],"replies":[{"embeddable":true,"href":"https:\/\/www.tunaespana.es\/index.php?rest_route=%2Fwp%2Fv2%2Fcomments&post=4546"}],"version-history":[{"count":6,"href":"https:\/\/www.tunaespana.es\/index.php?rest_route=\/wp\/v2\/posts\/4546\/revisions"}],"predecessor-version":[{"id":13016,"href":"https:\/\/www.tunaespana.es\/index.php?rest_route=\/wp\/v2\/posts\/4546\/revisions\/13016"}],"wp:attachment":[{"href":"https:\/\/www.tunaespana.es\/index.php?rest_route=%2Fwp%2Fv2%2Fmedia&parent=4546"}],"wp:term":[{"taxonomy":"category","embeddable":true,"href":"https:\/\/www.tunaespana.es\/index.php?rest_route=%2Fwp%2Fv2%2Fcategories&post=4546"},{"taxonomy":"post_tag","embeddable":true,"href":"https:\/\/www.tunaespana.es\/index.php?rest_route=%2Fwp%2Fv2%2Ftags&post=4546"}],"curies":[{"name":"wp","href":"https:\/\/api.w.org\/{rel}","templated":true}]}}