{"id":4581,"date":"2011-07-31T07:45:47","date_gmt":"2011-07-31T07:45:47","guid":{"rendered":"http:\/\/www.tunaespana.com\/wp\/?p=4581"},"modified":"2013-07-19T10:28:16","modified_gmt":"2013-07-19T10:28:16","slug":"te-vengo-a-decir-adios-acorde-guitarra-letra-musicatuna-tab","status":"publish","type":"post","link":"https:\/\/www.tunaespana.es\/?p=4581","title":{"rendered":"Te vengo a decir adios (Acorde guitarra) (Letra Tablatura) cancionero Tuna, bolero"},"content":{"rendered":"<p>&nbsp;<\/p>\n<p style=\"text-align: center;\"><span style=\"font-size: x-large; color: #ff0000;\">Te vengo a decir adios<\/span><\/p>\n<p style=\"text-align: center;\"><span style=\"font-size: medium; color: #ffff00;\">Autor:\u00a0Alberto Dom\u00ednguez<\/span><\/p>\n<p style=\"text-align: center;\"><span style=\"font-size: medium; color: #0000ff;\">Interpretan: Trio Los Soberanos, Jorge Negrete, Rondalla Mexicana<\/span><\/p>\n<p style=\"text-align: center;\"><span style=\"font-size: medium; color: #00ff00;\">Tuna Espa\u00f1a (Don Dudo) \u00a0 \u00a0 www.TunaEspana.com \u00a0 \u00a0www.TunaEspa\u00f1a.es<\/span><\/p>\n<p style=\"text-align: center;\"><span style=\"font-size: medium; color: #ffcc00;\">Ritmo: Bolero<\/span><\/p>\n<p style=\"text-align: center;\"><span style=\"color: #0000ff; font-size: 16px;\">Enlace Youtube: <a href=\"http:\/\/www.youtube.com\/watch?v=WLSm3r6czMI\"><span style=\"color: #0000ff;\">Pinche aqui para escuchar el Bolero<\/span><\/a><\/span><\/p>\n<p style=\"text-align: center;\"><a href=\"http:\/\/www.tunaespana.es\/wp-content\/uploads\/2011\/08\/Don-Chulin-www.TunaEspa\u00f1a.es_.jpg\"><img decoding=\"async\" loading=\"lazy\" class=\"aligncenter size-full wp-image-18312\" alt=\"Don Chulin,  www.TunaEspa\u00f1a.es\" src=\"http:\/\/www.tunaespana.es\/wp-content\/uploads\/2011\/08\/Don-Chulin-www.TunaEspa\u00f1a.es_.jpg\" width=\"563\" height=\"227\" srcset=\"https:\/\/www.tunaespana.es\/wp-content\/uploads\/2011\/08\/Don-Chulin-www.TunaEspa\u00f1a.es_.jpg 563w, https:\/\/www.tunaespana.es\/wp-content\/uploads\/2011\/08\/Don-Chulin-www.TunaEspa\u00f1a.es_-300x120.jpg 300w\" sizes=\"(max-width: 563px) 100vw, 563px\" \/><\/a><\/p>\n<p>&nbsp;<\/p>\n<p>&nbsp;<\/p>\n<pre><span style=\"font-size: large; color: #cc99ff;\">D  Aaug           D                         A7\r\nTe vengo a decir adi\u00f3s, porque t\u00fa no me comprendes,\r\n\r\n   Em       B7     Em A7                     D\r\nme voy a alejar de t\u00ed,  para ver si as\u00ed me entiendes;\r\n\r\n   Em       A7     D  D7                      G\r\nme duele en el coraz\u00f3n,  yo no me explico ese llanto,\r\n\r\n        Bdim        D                Em   A7 D\r\npues queri\u00e9ndote yo tanto, vengo a decirte  adi\u00f3s.\r\n\r\n         A7                   D\r\nYo te ador\u00e9, y t\u00fa nunca me quisiste,\r\n\r\n       A7                      D\r\nvive feliz, aunque yo me quede triste.\r\n\r\n      Em    A7    D  D7                    G\r\nNo me vayas a olvidar,  por tu madre te lo pido,\r\n\r\n      Bdim          D               Em  A7    D\r\nnunca me eches al olvido, porque t\u00fa eres   mi Dios.<\/span><\/pre>\n<p>&nbsp;<\/p>\n<p>&nbsp;<\/p>\n","protected":false},"excerpt":{"rendered":"<p>&nbsp; Te vengo a decir adios Autor:\u00a0Alberto Dom\u00ednguez Interpretan: Trio Los Soberanos, Jorge Negrete, Rondalla Mexicana Tuna Espa\u00f1a (Don Dudo) \u00a0 \u00a0 www.TunaEspana.com \u00a0 \u00a0www.TunaEspa\u00f1a.es Ritmo: Bolero Enlace Youtube: Pinche aqui para escuchar el Bolero &nbsp; &nbsp; D Aaug D A7 Te vengo a decir adi\u00f3s, porque t\u00fa no me comprendes, Em B7 Em A7 [&hellip;]<\/p>\n","protected":false},"author":2,"featured_media":0,"comment_status":"closed","ping_status":"closed","sticky":false,"template":"","format":"standard","meta":[],"categories":[274,636,242,21,263],"tags":[856,4592,4680,861,1581,1475,1601,4617,857,860,862,864,863,978,1732,832,723,854,859,4865,747,748,1471,1680,745,746],"_links":{"self":[{"href":"https:\/\/www.tunaespana.es\/index.php?rest_route=\/wp\/v2\/posts\/4581"}],"collection":[{"href":"https:\/\/www.tunaespana.es\/index.php?rest_route=\/wp\/v2\/posts"}],"about":[{"href":"https:\/\/www.tunaespana.es\/index.php?rest_route=\/wp\/v2\/types\/post"}],"author":[{"embeddable":true,"href":"https:\/\/www.tunaespana.es\/index.php?rest_route=\/wp\/v2\/users\/2"}],"replies":[{"embeddable":true,"href":"https:\/\/www.tunaespana.es\/index.php?rest_route=%2Fwp%2Fv2%2Fcomments&post=4581"}],"version-history":[{"count":5,"href":"https:\/\/www.tunaespana.es\/index.php?rest_route=\/wp\/v2\/posts\/4581\/revisions"}],"predecessor-version":[{"id":18394,"href":"https:\/\/www.tunaespana.es\/index.php?rest_route=\/wp\/v2\/posts\/4581\/revisions\/18394"}],"wp:attachment":[{"href":"https:\/\/www.tunaespana.es\/index.php?rest_route=%2Fwp%2Fv2%2Fmedia&parent=4581"}],"wp:term":[{"taxonomy":"category","embeddable":true,"href":"https:\/\/www.tunaespana.es\/index.php?rest_route=%2Fwp%2Fv2%2Fcategories&post=4581"},{"taxonomy":"post_tag","embeddable":true,"href":"https:\/\/www.tunaespana.es\/index.php?rest_route=%2Fwp%2Fv2%2Ftags&post=4581"}],"curies":[{"name":"wp","href":"https:\/\/api.w.org\/{rel}","templated":true}]}}