{"id":4587,"date":"2011-07-31T08:07:44","date_gmt":"2011-07-31T08:07:44","guid":{"rendered":"http:\/\/www.tunaespana.com\/wp\/?p=4587"},"modified":"2014-04-25T04:18:18","modified_gmt":"2014-04-25T04:18:18","slug":"alma-vacia-acorde-guitarra-letra-musicatuna-tab","status":"publish","type":"post","link":"https:\/\/www.tunaespana.es\/?p=4587","title":{"rendered":"Alma vacia  ,Acorde Guitarra, Letra Tabladura, Cancionero Tuna, Bolero"},"content":{"rendered":"<p style=\"text-align: center;\">\n<p style=\"text-align: center;\">\n<p style=\"text-align: center;\"><span style=\"font-size: x-large; color: #ff0000;\"><strong>Alma vacia<\/strong> <\/span><\/p>\n<p style=\"text-align: center;\"><a href=\"http:\/\/www.tunaespana.es\/wp-content\/uploads\/2014\/04\/Don-DudoCancionero-tuna-canciones-de-tuna-musica-de-tuna-Alfredo-Sadel-Tuna-Espa\u00f1a-Tito-Rodriguez.jpg\"><img decoding=\"async\" loading=\"lazy\" class=\"aligncenter size-full wp-image-25248\" alt=\"Don Dudo,Cancionero tuna, canciones de tuna, musica de tuna, Alfredo Sadel, Tuna Espa\u00f1a, Tito Rodriguez\" src=\"http:\/\/www.tunaespana.es\/wp-content\/uploads\/2014\/04\/Don-DudoCancionero-tuna-canciones-de-tuna-musica-de-tuna-Alfredo-Sadel-Tuna-Espa\u00f1a-Tito-Rodriguez.jpg\" width=\"256\" height=\"473\" srcset=\"https:\/\/www.tunaespana.es\/wp-content\/uploads\/2014\/04\/Don-DudoCancionero-tuna-canciones-de-tuna-musica-de-tuna-Alfredo-Sadel-Tuna-Espa\u00f1a-Tito-Rodriguez.jpg 256w, https:\/\/www.tunaespana.es\/wp-content\/uploads\/2014\/04\/Don-DudoCancionero-tuna-canciones-de-tuna-musica-de-tuna-Alfredo-Sadel-Tuna-Espa\u00f1a-Tito-Rodriguez-162x300.jpg 162w\" sizes=\"(max-width: 256px) 100vw, 256px\" \/><\/a><\/p>\n<p style=\"text-align: center;\"><span style=\"font-size: medium; color: #ffff00;\">Autor:\u00a0Alberto M\u00e1rquez<\/span><\/p>\n<p style=\"text-align: center;\"><span style=\"font-size: medium; color: #0000ff;\">Interpretan: Trio Caribe, Roberto Ledesma<\/span><\/p>\n<p style=\"text-align: center;\"><span style=\"font-size: medium; color: #00ff00;\">Tuna Espa\u00f1a (Don Dudo) \u00a0 \u00a0 www.TunaEspana.com \u00a0 \u00a0www.TunaEspa\u00f1a.es<\/span><\/p>\n<p style=\"text-align: center;\"><span style=\"font-size: medium; color: #ffcc00;\">Ritmo: Bolero<\/span><\/p>\n<p align=\"CENTER\"><span style=\"color: #0000ff;\"><span style=\"font-family: Georgia,Times New Roman,Bitstream Charter,Times,serif;\"><span style=\"font-size: small;\">[Tube]http:\/\/www.youtube.com\/watch?v=bPUnEz6SBPw[\/Tube]<\/span><\/span><\/span><\/p>\n<p>&nbsp;<\/p>\n<p>&nbsp;<\/p>\n<pre><span style=\"color: #cc99ff; font-size: medium;\">  Am  E7             Am   A7                 Dm        A7        Dm\r\nHe vuelto a la vida serena;  la angustia y la pena me hicieron sentir,\r\n\r\n           E7              Am                   E7             Am A7\r\nque es m\u00e1s dulce mi alma vac\u00eda, que entre la fals\u00eda sentirse morir,\r\n\r\n           Dm              Am                   E7             A\r\nque es m\u00e1s dulce mi alma vac\u00eda, que entre la fals\u00eda sentirse morir.\r\n\r\n          Bm        C#m  Bm          A     C#dim        Bm E7\r\nMi alma gemela a la m\u00eda, vaga por el mundo tras la fantas\u00eda,\r\n\r\n   Bm       E7        Bm    E7   Bm        E7\r\nbuscando distintos placeres,  tambi\u00e9n se re\u00eda;\r\n\r\n  Am            E7       Am   A7            Dm     A7    Dm\r\ny siempre en la risa de amor, el \u00faltimo que r\u00ede se r\u00ede mejor,\r\n\r\n     E7                  Am             E7                Am A7\r\ny yo guardo en mi alma vac\u00eda, la ultima risa, que ser\u00e1 la m\u00eda,\r\n\r\n     Dm                  Am             E7                Am\r\ny yo guardo en mi alma vac\u00eda, la ultima risa, que ser\u00e1 la m\u00eda.<\/span><\/pre>\n<p>&nbsp;<\/p>\n","protected":false},"excerpt":{"rendered":"<p>Alma vacia Autor:\u00a0Alberto M\u00e1rquez Interpretan: Trio Caribe, Roberto Ledesma Tuna Espa\u00f1a (Don Dudo) \u00a0 \u00a0 www.TunaEspana.com \u00a0 \u00a0www.TunaEspa\u00f1a.es Ritmo: Bolero [Tube]http:\/\/www.youtube.com\/watch?v=bPUnEz6SBPw[\/Tube] &nbsp; &nbsp; Am E7 Am A7 Dm A7 Dm He vuelto a la vida serena; la angustia y la pena me hicieron sentir, E7 Am E7 Am A7 que es m\u00e1s dulce mi alma [&hellip;]<\/p>\n","protected":false},"author":2,"featured_media":0,"comment_status":"closed","ping_status":"closed","sticky":false,"template":"","format":"standard","meta":[],"categories":[42,274,564,640,263],"tags":[3958,4746,3481],"_links":{"self":[{"href":"https:\/\/www.tunaespana.es\/index.php?rest_route=\/wp\/v2\/posts\/4587"}],"collection":[{"href":"https:\/\/www.tunaespana.es\/index.php?rest_route=\/wp\/v2\/posts"}],"about":[{"href":"https:\/\/www.tunaespana.es\/index.php?rest_route=\/wp\/v2\/types\/post"}],"author":[{"embeddable":true,"href":"https:\/\/www.tunaespana.es\/index.php?rest_route=\/wp\/v2\/users\/2"}],"replies":[{"embeddable":true,"href":"https:\/\/www.tunaespana.es\/index.php?rest_route=%2Fwp%2Fv2%2Fcomments&post=4587"}],"version-history":[{"count":5,"href":"https:\/\/www.tunaespana.es\/index.php?rest_route=\/wp\/v2\/posts\/4587\/revisions"}],"predecessor-version":[{"id":25251,"href":"https:\/\/www.tunaespana.es\/index.php?rest_route=\/wp\/v2\/posts\/4587\/revisions\/25251"}],"wp:attachment":[{"href":"https:\/\/www.tunaespana.es\/index.php?rest_route=%2Fwp%2Fv2%2Fmedia&parent=4587"}],"wp:term":[{"taxonomy":"category","embeddable":true,"href":"https:\/\/www.tunaespana.es\/index.php?rest_route=%2Fwp%2Fv2%2Fcategories&post=4587"},{"taxonomy":"post_tag","embeddable":true,"href":"https:\/\/www.tunaespana.es\/index.php?rest_route=%2Fwp%2Fv2%2Ftags&post=4587"}],"curies":[{"name":"wp","href":"https:\/\/api.w.org\/{rel}","templated":true}]}}