{"id":4622,"date":"2011-07-31T09:13:03","date_gmt":"2011-07-31T09:13:03","guid":{"rendered":"http:\/\/www.tunaespana.com\/wp\/?p=4622"},"modified":"2015-02-24T17:24:09","modified_gmt":"2015-02-24T17:24:09","slug":"ojos-cafes-acorde-guitarra-letra-musica-tuna-tab","status":"publish","type":"post","link":"https:\/\/www.tunaespana.es\/?p=4622","title":{"rendered":"Ojos Cafes,Acorde Guitarra, Letra Tabladura, Cancionero Tuna, Bolero"},"content":{"rendered":"<p style=\"text-align: center;\">\n<p style=\"text-align: center;\"><span style=\"font-size: x-large; color: #ff0000;\">Ojos Cafes <\/span><\/p>\n<p style=\"text-align: center;\"><a href=\"http:\/\/www.tunaespana.es\/wp-content\/uploads\/2015\/02\/TunaEspa\u00f1a-Tuna-Espa\u00f1a-Musica-de-Tuna-Cancionero-de-Tuna-Don-Dudo-Juntamento.jpg\"><img decoding=\"async\" loading=\"lazy\" class=\"aligncenter size-full wp-image-29082\" src=\"http:\/\/www.tunaespana.es\/wp-content\/uploads\/2015\/02\/TunaEspa\u00f1a-Tuna-Espa\u00f1a-Musica-de-Tuna-Cancionero-de-Tuna-Don-Dudo-Juntamento.jpg\" alt=\"TunaEspa\u00f1a, Tuna Espa\u00f1a, Musica de Tuna, Cancionero de Tuna, Don Dudo, Juntamento\" width=\"279\" height=\"526\" srcset=\"https:\/\/www.tunaespana.es\/wp-content\/uploads\/2015\/02\/TunaEspa\u00f1a-Tuna-Espa\u00f1a-Musica-de-Tuna-Cancionero-de-Tuna-Don-Dudo-Juntamento.jpg 279w, https:\/\/www.tunaespana.es\/wp-content\/uploads\/2015\/02\/TunaEspa\u00f1a-Tuna-Espa\u00f1a-Musica-de-Tuna-Cancionero-de-Tuna-Don-Dudo-Juntamento-159x300.jpg 159w\" sizes=\"(max-width: 279px) 100vw, 279px\" \/><\/a><\/p>\n<p style=\"text-align: center;\"><span style=\"font-size: medium; color: #ffff00;\">Autor:\u00a0Carlos A. Gonz\u00e1lez<\/span><\/p>\n<p style=\"text-align: center;\"><span style=\"font-size: medium; color: #0000ff;\">Interpretan: Trio Monterrey,Enrique Caceres, Los Dandys, Los Tres Diamantes, Trio Mexico,Rondalla San Roman, Cuarteto Armonico, Vicente Fernandez.<\/span><\/p>\n<p style=\"text-align: center;\"><span style=\"font-size: medium; color: #00ff00;\">Tuna Espa\u00f1a (Don Dudo) \u00a0 \u00a0 www.TunaEspana.com \u00a0 \u00a0www.TunaEspa\u00f1a.es<\/span><\/p>\n<p style=\"text-align: center;\"><span style=\"font-size: medium; color: #ffcc00;\">Ritmo: Bolero<\/span><\/p>\n<p align=\"CENTER\"><span style=\"color: #0000ff;\"><span style=\"font-family: Georgia,Times New Roman,Bitstream Charter,Times,serif;\"><span style=\"font-size: small;\">[Tube]https:\/\/www.youtube.com\/watch?v=yWgkr7bgkmo[\/Tube]<\/span><\/span><\/span><\/p>\n<p align=\"CENTER\">.<\/p>\n<p align=\"CENTER\"><span style=\"color: #0000ff;\"><span style=\"font-family: Georgia,Times New Roman,Bitstream Charter,Times,serif;\"><span style=\"font-size: small;\">[Tube]https:\/\/www.youtube.com\/watch?v=YtXEz4YAMWs[\/Tube]<\/span><\/span><\/span><\/p>\n<p>&nbsp;<\/p>\n<p>&nbsp;<\/p>\n<pre><span style=\"font-size: large; color: #cc99ff;\"> Am                 E7           Am                   E7         Am\r\nCaf\u00e9s, de un caf\u00e9 obscuro son tus ojos, con tintes luminosos de pasi\u00f3n,\r\n\r\n  A7                      Dm               Am              B7 E7 A\r\nrub\u00edes son tus labiecitos rojos, rojos y ardientes como el co-ra-z\u00f3n.\r\n\r\n     E7        A                                            Edim     E7\r\nMe mir\u00e9 en el fondo de tus lindos ojos, en ellos vi mi adoraci\u00f3n, mi f\u00e9,\r\n\r\n      F#7  Bm                E7           Bm      E7\r\n\u00e9ste, mi camino sembrado de abrojos, como linda estrella\r\n\r\n            A  Edim E7\r\nlo iluminas t\u00fa;\r\n\r\n              A      E7           A                   A7\r\nal sentir tus labios cerca de los m\u00edos, la emoci\u00f3n me llega hasta\r\n\r\n       D   F#7 Bm\r\nel coraz\u00f3n,\r\n\r\n           D      Adim              A    G7 F#7               Bm  E7\r\ny al contemplarte,    postrado de hinojos,     me mir\u00e9 en tus ojos,\r\n\r\n           A    F A\r\nde color caf\u00e9.<\/span><\/pre>\n<p>&nbsp;<\/p>\n<p align=\"CENTER\"><span style=\"color: #0000ff;\"><span style=\"font-family: Georgia,Times New Roman,Bitstream Charter,Times,serif;\"><span style=\"font-size: small;\">[Tube]https:\/\/www.youtube.com\/watch?v=P8buMfcXz5U[\/Tube]<\/span><\/span><\/span><\/p>\n","protected":false},"excerpt":{"rendered":"<p>Ojos Cafes Autor:\u00a0Carlos A. Gonz\u00e1lez Interpretan: Trio Monterrey,Enrique Caceres, Los Dandys, Los Tres Diamantes, Trio Mexico,Rondalla San Roman, Cuarteto Armonico, Vicente Fernandez. Tuna Espa\u00f1a (Don Dudo) \u00a0 \u00a0 www.TunaEspana.com \u00a0 \u00a0www.TunaEspa\u00f1a.es Ritmo: Bolero [Tube]https:\/\/www.youtube.com\/watch?v=yWgkr7bgkmo[\/Tube] . [Tube]https:\/\/www.youtube.com\/watch?v=YtXEz4YAMWs[\/Tube] &nbsp; &nbsp; Am E7 Am E7 Am Caf\u00e9s, de un caf\u00e9 obscuro son tus ojos, con tintes luminosos de [&hellip;]<\/p>\n","protected":false},"author":2,"featured_media":0,"comment_status":"closed","ping_status":"closed","sticky":false,"template":"","format":"standard","meta":[],"categories":[274,26,263],"tags":[2547,4747,4884,826,4357,4356,4887,4355,4801],"_links":{"self":[{"href":"https:\/\/www.tunaespana.es\/index.php?rest_route=\/wp\/v2\/posts\/4622"}],"collection":[{"href":"https:\/\/www.tunaespana.es\/index.php?rest_route=\/wp\/v2\/posts"}],"about":[{"href":"https:\/\/www.tunaespana.es\/index.php?rest_route=\/wp\/v2\/types\/post"}],"author":[{"embeddable":true,"href":"https:\/\/www.tunaespana.es\/index.php?rest_route=\/wp\/v2\/users\/2"}],"replies":[{"embeddable":true,"href":"https:\/\/www.tunaespana.es\/index.php?rest_route=%2Fwp%2Fv2%2Fcomments&post=4622"}],"version-history":[{"count":4,"href":"https:\/\/www.tunaespana.es\/index.php?rest_route=\/wp\/v2\/posts\/4622\/revisions"}],"predecessor-version":[{"id":29094,"href":"https:\/\/www.tunaespana.es\/index.php?rest_route=\/wp\/v2\/posts\/4622\/revisions\/29094"}],"wp:attachment":[{"href":"https:\/\/www.tunaespana.es\/index.php?rest_route=%2Fwp%2Fv2%2Fmedia&parent=4622"}],"wp:term":[{"taxonomy":"category","embeddable":true,"href":"https:\/\/www.tunaespana.es\/index.php?rest_route=%2Fwp%2Fv2%2Fcategories&post=4622"},{"taxonomy":"post_tag","embeddable":true,"href":"https:\/\/www.tunaespana.es\/index.php?rest_route=%2Fwp%2Fv2%2Ftags&post=4622"}],"curies":[{"name":"wp","href":"https:\/\/api.w.org\/{rel}","templated":true}]}}