{"id":4842,"date":"2011-08-01T09:51:55","date_gmt":"2011-08-01T09:51:55","guid":{"rendered":"http:\/\/www.tunaespana.com\/wp\/?p=4842"},"modified":"2023-08-19T12:46:06","modified_gmt":"2023-08-19T10:46:06","slug":"caminito-acorde-guitarra-letra-musica-tuna-tab","status":"publish","type":"post","link":"https:\/\/www.tunaespana.es\/?p=4842","title":{"rendered":"Caminito (Acorde guitarra) (Letra Tablatura) cancionero Tuna (Folklore LatinoAmericano) Tango"},"content":{"rendered":"<p>&nbsp;<\/p>\n<p>&nbsp;<\/p>\n<p style=\"text-align: center;\"><span style=\"font-size: x-large; color: #ff0000;\">Caminito\u00a0<span style=\"font-size: x-small;\">; 1924<\/span><\/span><\/p>\n<p style=\"text-align: center;\"><span style=\"color: #ffff00; font-size: small;\">Autor: Letra de\u00a0Gabino Coria Pe\u00f1aloza y Musica de\u00a0Juan de Dios \u00a0Filiberto<\/span><\/p>\n<p style=\"text-align: center;\"><span style=\"color: #0000ff; font-size: small;\">Interpretan: Carlos Gardel;\u00a0Alfredo Sadel;\u00a0Emilio Tuero;\u00a0Hugo del Carril;\u00a0Ignacio Corsini;\u00a0Juan Arvizu;\u00a0Libertad Lamarque; Trio Los Tres Peregrinos; Los Panchos;\u00a0Quinteto Pirincho;\u00a0Los Visconti<\/span><\/p>\n<p style=\"text-align: center;\"><span style=\"color: #00ff00; font-size: small;\">Tuna Espa\u00f1a (Don Dudo) \u00a0 \u00a0 www.TunaEspana.com \u00a0 \u00a0www.TunaEspa\u00f1a.es<\/span><\/p>\n<p style=\"text-align: center;\"><span style=\"color: #ffcc00; font-size: small;\">Ritmo: \u00a0Tango<\/span><\/p>\n<p style=\"text-align: center;\"><span style=\"color: #ff00ff; font-size: small;\">Argentina<\/span><\/p>\n<p style=\"text-align: center;\"><span style=\"color: #0000ff; font-size: small;\"><span style=\"font-family: Georgia, 'Times New Roman', 'Bitstream Charter', Times, serif;\">Enlace Youtube:\u00a0<a href=\"http:\/\/www.youtube.com\/watch?v=QAUSS8JuFYg\">pinche aqui para escuchar la canci\u00f3n <\/a><\/span><\/span><\/p>\n<p>&nbsp;<\/p>\n<p>&nbsp;<\/p>\n<p style=\"text-align: center;\"><span style=\"color: #cc99ff;\">Nombre completo: <span style=\"color: #ff00ff;\">Oscar Juan de Dios Filiberti <\/span><\/span><\/p>\n<p style=\"text-align: center;\"><span style=\"color: #cc99ff;\">Compositor y Director de orquesta, compositor, alias <span style=\"color: #ffcc99;\">\u00abEl Mozart de La Boca\u00bb<\/span><br \/>\nInstrumentos: piano, viol\u00edn, guitarra, armonio<\/span><br \/>\n<span style=\"color: #cc99ff;\">(8 de marzo de 1885 &#8211; 11 de noviembre de 1964)<\/span><\/p>\n<p style=\"text-align: center;\"><span style=\"color: #cc99ff;\">Creador de tangos exitosos internacionalmente, su m\u00fasica se la llam\u00f3 <span style=\"color: #ff9900;\">\u00abcanci\u00f3n porte\u00f1a\u00bb<\/span> y esta devino del barrio en el que naci\u00f3 y se cri\u00f3 y vivi\u00f3 toda su vida.\u00a0El<span style=\"color: #ff9900;\"> barrio de La Boca<\/span> (situado en la zona sur de la ciudad de <span style=\"color: #ff00ff;\">Buenos Aires<\/span>).\u00a0<span style=\"color: #ffcc99;\">Carlos Gardel grab\u00f3 diecis\u00e9is<\/span> temas suyos: \u00abAmigazos\u00bb, \u00abAmor\u00bb (shimmy), \u00abCaminito\u00bb, \u00abClavel del Aire\u00bb, <span style=\"color: #00ffff;\">\u00abMalevaje\u00bb 1928,<\/span> \u00abCompa\u00f1ero\u00bb, \u00abCuando llora la Milonga\u00bb,&#8230;&#8230;.<\/span><\/p>\n<p style=\"text-align: center;\">\n<p style=\"text-align: center;\">\n<pre><span style=\"font-size: medium; color: #cc99ff;\">Am \t\tE7 \tAm\r\nCaminito que el tiempo ha borrado,\r\n   Am7        A7              Dm\r\nque juntos un d\u00eda nos viste pasar,\r\n                 F    E7\r\nhe venido por \u00faltima vez,\r\n     B7          F      E7\r\nhe venido a contarte mi mal.\r\n   Am            E7       Am\r\nCaminito, que entonces estabas\r\n    Am7      A7               Dm\r\nbordado de tr\u00e9bol y juncos en flor,\r\n                       Am\r\nuna sombra ya pronto ser\u00e1s,\r\n      Dm       E7         A E A E A\r\nuna sombra, lo mismo que yo.\r\n\r\n              E7\r\nDESDE QUE SE FUE\r\n             A\r\nTRISTE VIVO YO,\r\n    F#7    Bm D\r\nCAMINITO AMIGO,\r\nE7             A\r\nYO TAMBI\u00c9N ME VOY.\r\n              E7\r\nDESDE QUE SE FUE\r\n              A\r\nNUNCA M\u00c1S VOLVI\u00d3,\r\n    F#7      Bm D\r\nSEGUIR\u00c9 SUS PASOS,\r\n   E7        A E A E Am\r\nCAMINITO, ADI\u00d3S.\r\nCaminito, que todas las tardes\r\nfeliz recorr\u00eda cantando mi amor,\r\nno le digas si vuelve a pasar\r\nque mi llanto tu suelo reg\u00f3.\r\nCaminito cubierto de cardos,\r\nla mano del tiempo tu huella borr\u00f3...\r\nyo a tu lado quisiera caer,\r\ny que el tiempo nos mate a los dos. <\/span><\/pre>\n<p>&nbsp;<\/p>\n","protected":false},"excerpt":{"rendered":"<p>&nbsp; &nbsp; Caminito\u00a0; 1924 Autor: Letra de\u00a0Gabino Coria Pe\u00f1aloza y Musica de\u00a0Juan de Dios \u00a0Filiberto Interpretan: Carlos Gardel;\u00a0Alfredo Sadel;\u00a0Emilio Tuero;\u00a0Hugo del Carril;\u00a0Ignacio Corsini;\u00a0Juan Arvizu;\u00a0Libertad Lamarque; Trio Los Tres Peregrinos; Los Panchos;\u00a0Quinteto Pirincho;\u00a0Los Visconti Tuna Espa\u00f1a (Don Dudo) \u00a0 \u00a0 www.TunaEspana.com \u00a0 \u00a0www.TunaEspa\u00f1a.es Ritmo: \u00a0Tango Argentina Enlace Youtube:\u00a0pinche aqui para escuchar la canci\u00f3n &nbsp; &nbsp; Nombre [&hellip;]<\/p>\n","protected":false},"author":2,"featured_media":0,"comment_status":"closed","ping_status":"closed","sticky":false,"template":"","format":"standard","meta":[],"categories":[359,39,490,311,263],"tags":[],"_links":{"self":[{"href":"https:\/\/www.tunaespana.es\/index.php?rest_route=\/wp\/v2\/posts\/4842"}],"collection":[{"href":"https:\/\/www.tunaespana.es\/index.php?rest_route=\/wp\/v2\/posts"}],"about":[{"href":"https:\/\/www.tunaespana.es\/index.php?rest_route=\/wp\/v2\/types\/post"}],"author":[{"embeddable":true,"href":"https:\/\/www.tunaespana.es\/index.php?rest_route=\/wp\/v2\/users\/2"}],"replies":[{"embeddable":true,"href":"https:\/\/www.tunaespana.es\/index.php?rest_route=%2Fwp%2Fv2%2Fcomments&post=4842"}],"version-history":[{"count":7,"href":"https:\/\/www.tunaespana.es\/index.php?rest_route=\/wp\/v2\/posts\/4842\/revisions"}],"predecessor-version":[{"id":38178,"href":"https:\/\/www.tunaespana.es\/index.php?rest_route=\/wp\/v2\/posts\/4842\/revisions\/38178"}],"wp:attachment":[{"href":"https:\/\/www.tunaespana.es\/index.php?rest_route=%2Fwp%2Fv2%2Fmedia&parent=4842"}],"wp:term":[{"taxonomy":"category","embeddable":true,"href":"https:\/\/www.tunaespana.es\/index.php?rest_route=%2Fwp%2Fv2%2Fcategories&post=4842"},{"taxonomy":"post_tag","embeddable":true,"href":"https:\/\/www.tunaespana.es\/index.php?rest_route=%2Fwp%2Fv2%2Ftags&post=4842"}],"curies":[{"name":"wp","href":"https:\/\/api.w.org\/{rel}","templated":true}]}}