{"id":4984,"date":"2011-08-02T16:52:47","date_gmt":"2011-08-02T16:52:47","guid":{"rendered":"http:\/\/www.tunaespana.com\/wp\/?p=4984"},"modified":"2011-10-25T14:33:55","modified_gmt":"2011-10-25T14:33:55","slug":"tonada-del-viejo-amor-acorde-guitarra-letra-musica-tuna-tab","status":"publish","type":"post","link":"https:\/\/www.tunaespana.es\/?p=4984","title":{"rendered":"Tonada del viejo amor (Acorde guitarra) (Letra Tabulado) Cancionero Tuna (Folclore Argentino)"},"content":{"rendered":"<p>&nbsp;<\/p>\n<p><span style=\"font-size: x-large; color: #ff0000;\">Tonada del viejo amor <\/span><\/p>\n<p><span style=\"font-size: medium; color: #ffff00;\">Letra: \u00a0Jaime D\u00e1valosM\u00fasica: Eduardo Fal\u00fa<\/span><\/p>\n<p><span style=\"font-size: medium; color: #00ffff;\">Interpretan: \u00a0\u00a0\u00a0Los Chalchaleros;\u00a0Los Fronterizos;\u00a0Los De Salta;\u00a0Cuarteto Zupay;\u00a0Ginamaria Hidalgo<\/span><\/p>\n<p><span style=\"font-size: medium; color: #00ff00;\">Tuna Espa\u00f1a (Don Dudo) \u00a0 \u00a0 www.TunaEspana.com \u00a0 \u00a0www.TunaEspa\u00f1a.es<\/span><\/p>\n<p><span style=\"color: #ffcc00; font-size: medium;\">Folclore\u00a0 Argentino (Ritmo: Tonada)<\/span><\/p>\n<p>&nbsp;<\/p>\n<pre><span style=\"font-size: large; color: #cc99ff;\">A          A7        D\r\nY nunca te de olvidar\r\n\t     E7  \t\t\tA\r\nQue en la arena me escrib\u00edas\r\nA          A7        D\r\nEl viento lo fue borrando,\r\n             E7  \t\t\tA\r\nY estoy mas solo mirando el mar.\r\n\r\nQue lindo cuando una vez\r\nBajo el sol del mediod\u00eda\r\nSe abri\u00f3 tu boca en un beso\r\nComo un damasco lleno de miel.\r\n\r\n E7\t\t\tA\r\nHerida la de tu boca\r\n     D\t\t  E7\r\nQue lastima sin dolor\r\n\t\t\t\tA\r\nNo tengo miedo al invierno\r\n\t\tE7\t\t\tA\r\nCon tus recuerdos llenos de sol\r\nA          A7        D\r\nNo tengo miedo al invierno\r\n             E7  \t\t\tA\r\nCon tus recuerdos llenos de sol.\r\n\r\nQuisiera volverte a ver\r\nSonre\u00edr frente a la espuma\r\nTu pelo suelto en el viento\r\nComo un torrente de trigo y luz.\r\n\r\nYa se que no vuelve mas\r\nEl verano en que me amabas\r\nQue es ancho y negro el olvido\r\nY entra el oto\u00f1o en mi coraz\u00f3n.  \r\n\r\nHerida la ...<\/span><\/pre>\n<pre><span style=\"font-size: large; color: #cc99ff;\">\r\n<\/span><\/pre>\n<pre><span style=\"font-size: x-large; color: #ff00ff;\">TONO RE<\/span><\/pre>\n<pre><span style=\"font-size: large; color: #cc99ff;\">\r\nRE\u00a0\u00a0\u00a0\u00a0\u00a0\u00a0\u00a0\u00a0\u00a0\u00a0\u00a0\u00a0\u00a0\u00a0\u00a0 mi\r\n\r\nY nunca te'i de olvidar\r\n\r\nLA7\u00a0\u00a0\u00a0\u00a0\u00a0\u00a0\u00a0\u00a0\u00a0\u00a0\u00a0 RE\r\n\r\nen la arena me escrib\u00edas\r\n\r\nSI7\u00a0\u00a0\u00a0\u00a0 mi\u00a0\u00a0\u00a0\u00a0\u00a0\u00a0\u00a0\u00a0\u00a0 _\r\n\r\ny el viento lo fue borrando\u00a0\u00a0\u00a0\u00a0\u00a0\u00a0\u00a0\u00a0 |\r\n\r\nLA7\u00a0\u00a0\u00a0\u00a0\u00a0\u00a0\u00a0\u00a0\u00a0\u00a0\u00a0\u00a0\u00a0 mi\u00a0\u00a0\u00a0\u00a0 |-\u00a0 BIS\r\n\r\ny estoy m\u00e1s solo mirando el mar.\u00a0\u00a0 _|\r\n\r\nQue lindo cuando una vez\r\n\r\nbajo el sol del mediod\u00eda\r\n\r\nse abri\u00f3 tu boca en un beso\r\n\r\ncomo un damasco lleno de miel.\r\n\r\nLA7\u00a0\u00a0\u00a0\u00a0\u00a0\u00a0\u00a0\u00a0\u00a0\u00a0\u00a0\u00a0 RE\r\n\r\nHerida la de tu boca\r\n\r\nMI7\u00a0\u00a0\u00a0\u00a0\u00a0\u00a0\u00a0\u00a0\u00a0 LA7\r\n\r\nque l\u00e1stima sin dolor\r\n\r\nRE\r\n\r\nno tengo miedo al invierno\r\n\r\nFA\u00a0\u00a0\u00a0\u00a0 LA7\u00a0\u00a0\u00a0\u00a0\u00a0 RE\r\n\r\ncon tu recuerdo lleno de sol.\r\n\r\nRE7\u00a0\u00a0\u00a0\u00a0\u00a0\u00a0\u00a0\u00a0\u00a0\u00a0\u00a0\u00a0\u00a0\u00a0\u00a0\u00a0\u00a0 SOL\r\n\r\nNo tengo miedo al invierno\r\n\r\nLA7\u00a0\u00a0\u00a0\u00a0\u00a0\u00a0\u00a0\u00a0\u00a0\u00a0\u00a0\u00a0 RE\r\n\r\ncon tu recuerdo lleno de sol.\r\n\r\nQuisiera volverte a ver\r\n\r\nsonreir frente a la espuma\r\n\r\ntu pelo suelto en el viento\r\n\r\ncomo un torrente de trigo y luz.\r\n\r\nYo se que no vuelve m\u00e1s\r\n\r\nel verano en que me amabas\r\n\r\nque es ancho y negro el olvido\r\n\r\nque entra el oto\u00f1o en el coraz\u00f3n.\r\n\r\nHerida la de tu boca...\r\n\r\n<\/span><\/pre>\n<p>&nbsp;<\/p>\n","protected":false},"excerpt":{"rendered":"<p>&nbsp; Tonada del viejo amor Letra: \u00a0Jaime D\u00e1valosM\u00fasica: Eduardo Fal\u00fa Interpretan: \u00a0\u00a0\u00a0Los Chalchaleros;\u00a0Los Fronterizos;\u00a0Los De Salta;\u00a0Cuarteto Zupay;\u00a0Ginamaria Hidalgo Tuna Espa\u00f1a (Don Dudo) \u00a0 \u00a0 www.TunaEspana.com \u00a0 \u00a0www.TunaEspa\u00f1a.es Folclore\u00a0 Argentino (Ritmo: Tonada) &nbsp; A A7 D Y nunca te de olvidar E7 A Que en la arena me escrib\u00edas A A7 D El viento lo fue [&hellip;]<\/p>\n","protected":false},"author":2,"featured_media":0,"comment_status":"closed","ping_status":"closed","sticky":false,"template":"","format":"standard","meta":[],"categories":[709,431,21,263],"tags":[],"_links":{"self":[{"href":"https:\/\/www.tunaespana.es\/index.php?rest_route=\/wp\/v2\/posts\/4984"}],"collection":[{"href":"https:\/\/www.tunaespana.es\/index.php?rest_route=\/wp\/v2\/posts"}],"about":[{"href":"https:\/\/www.tunaespana.es\/index.php?rest_route=\/wp\/v2\/types\/post"}],"author":[{"embeddable":true,"href":"https:\/\/www.tunaespana.es\/index.php?rest_route=\/wp\/v2\/users\/2"}],"replies":[{"embeddable":true,"href":"https:\/\/www.tunaespana.es\/index.php?rest_route=%2Fwp%2Fv2%2Fcomments&post=4984"}],"version-history":[{"count":5,"href":"https:\/\/www.tunaespana.es\/index.php?rest_route=\/wp\/v2\/posts\/4984\/revisions"}],"predecessor-version":[{"id":9545,"href":"https:\/\/www.tunaespana.es\/index.php?rest_route=\/wp\/v2\/posts\/4984\/revisions\/9545"}],"wp:attachment":[{"href":"https:\/\/www.tunaespana.es\/index.php?rest_route=%2Fwp%2Fv2%2Fmedia&parent=4984"}],"wp:term":[{"taxonomy":"category","embeddable":true,"href":"https:\/\/www.tunaespana.es\/index.php?rest_route=%2Fwp%2Fv2%2Fcategories&post=4984"},{"taxonomy":"post_tag","embeddable":true,"href":"https:\/\/www.tunaespana.es\/index.php?rest_route=%2Fwp%2Fv2%2Ftags&post=4984"}],"curies":[{"name":"wp","href":"https:\/\/api.w.org\/{rel}","templated":true}]}}