{"id":5039,"date":"2011-08-05T08:16:44","date_gmt":"2011-08-05T08:16:44","guid":{"rendered":"http:\/\/www.tunaespana.com\/wp\/?p=5039"},"modified":"2023-08-19T22:12:33","modified_gmt":"2023-08-19T20:12:33","slug":"carabela-acorde-guitarra-letra-musica-tuna-tab","status":"publish","type":"post","link":"https:\/\/www.tunaespana.es\/?p=5039","title":{"rendered":"Carabela (Acorde guitarra) (Letra Tablatura) cancionero Tuna (Bolero)"},"content":{"rendered":"<p>&nbsp;<\/p>\n<p style=\"text-align: center;\"><strong><span style=\"font-size: x-large; color: #ff0000;\">Carabela<\/span><\/strong><\/p>\n<p style=\"text-align: center;\"><strong><span style=\"font-size: x-large; color: #ff0000;\">\u00a0<\/span><\/strong><\/p>\n<p style=\"text-align: center;\"><span style=\"font-size: medium; color: #ffff00;\">Autor:\u00a0 \u00a0Graciela Olmos<\/span><\/p>\n<p style=\"text-align: center;\"><span style=\"font-size: medium; color: #00ffff;\">Interpretan: \u00a0\u00a0\u00a0Javier Solis<\/span><\/p>\n<p style=\"text-align: center;\"><span style=\"font-size: medium; color: #00ff00;\">Tuna Espa\u00f1a (Don Dudo) \u00a0 \u00a0 www.TunaEspana.com \u00a0 \u00a0www.TunaEspa\u00f1a.es<\/span><\/p>\n<p style=\"text-align: center;\"><span style=\"font-size: medium; color: #ffcc00;\">Ritmo: Bolero Ranchero<\/span><\/p>\n<p style=\"text-align: center;\"><span style=\"font-size: medium; color: #0000ff;\">Enlace Youtube:\u00a0<a href=\"http:\/\/www.youtube.com\/watch?v=x4CprFGtYKE\">pinche aqui para escuchar la canci\u00f3n <\/a><\/span><\/p>\n<p>&nbsp;<\/p>\n<p>&nbsp;<\/p>\n<p>&nbsp;<\/p>\n<p>&nbsp;<\/p>\n<p style=\"text-align: center;\"><span style=\"color: #cc99ff;\"><span style=\"font-family: Tahoma; font-size: small; color: #ff00ff;\">Graciela Olmos <\/span><span style=\"font-size: x-small;\">Conocida sobre todo por su habilidad empresarial para regentear, en los a\u00f1os 40 y 50, una <span style=\"color: #00ff00;\">lujosa casa de citas <\/span>donde sobraban coca\u00edna y mariguana, frecuentada por <span style=\"color: #ffff99;\">pol\u00edticos, militares, l\u00edderes sindicales, empresarios, escritores, m\u00fasicos, artistas de cine y teatro, figuras del toreo, j\u00faniors<\/span> y uno que otro curioso, Graciela Olmos, <span style=\"color: #ff00ff;\">apodada La Bandida<\/span>, fue tambi\u00e9n una inspirada compositora, contrabandista de whisky en Chicago y soldadera en el <span style=\"color: #ccffcc;\">ej\u00e9rcito de Pancho Villa<\/span>, cuya terquedad en Celaya le cost\u00f3 la vida, entre otros miles, <span style=\"color: #ccffcc;\">a su esposo, el general Francisco Hern\u00e1ndez, El Bandido<\/span>. Defendida por pol\u00edticos y defensora de su personal, Graciela fue llevada a la c\u00e1rcel \u00abpor faltas a la moral\u00bb en varias ocasiones y otras tantas liberada para proseguir su singular misi\u00f3n como proveedora de placeres caros.<\/span><\/span><\/p>\n<p style=\"text-align: center;\">\n<p>&nbsp;<\/p>\n<p>&nbsp;<\/p>\n<p>&nbsp;<\/p>\n<p>&nbsp;<\/p>\n<pre><span style=\"font-size: medium; color: #cc99ff;\">   G          Bm\r\nEstoy en el puente\r\n E\u00ba      D7\r\nDe mi carabela\r\n\r\nY llevo mi alma\r\n             G\r\nPrendida al tim\u00f3n\r\n             G7\r\nUn soplo de amores\r\n           C\r\nEmpuja mi vela\r\n   D7       G\r\nY zarpo cantando,\r\n            D7\r\nY zarpo cantando\r\n        G\r\nDivina canci\u00f3n.\r\n\r\n    G        Bm\r\nNi marco mi ruta\r\nE\u00ba        D7\r\nNi llevo camino\r\n\r\nPor donde mi nave\r\n       G\r\nHa de navegar\r\n              G7\r\nYo se que sin rumbo\r\n             C\r\nMe lleva el destino\r\n    D7            G\r\nY ser\u00e1 un d\u00eda mi nave,\r\n                D7\r\nSer\u00e1 un d\u00eda mi nave\r\n          G\r\nLa reina del mar.\r\n\r\n     G        Bm\r\nQue marque mi ruta\r\nE\u00ba     D7\r\nEl ave que vuela\r\n\r\nLa estrella errante\r\n           G\r\nO el raudo cicl\u00f3n,\r\n              G7\r\nYo quiero ver limpia\r\n               C\r\nMi f\u00falgida estrella\r\n    D7           G\r\nY ser\u00e1 un d\u00eda mi nave,\r\n               D7\r\nSer\u00e1 un d\u00eda mi nave\r\n          G     D7-G\r\nLa diosa del mar.<\/span><\/pre>\n<p>&nbsp;<\/p>\n","protected":false},"excerpt":{"rendered":"<p>&nbsp; Carabela \u00a0 Autor:\u00a0 \u00a0Graciela Olmos Interpretan: \u00a0\u00a0\u00a0Javier Solis Tuna Espa\u00f1a (Don Dudo) \u00a0 \u00a0 www.TunaEspana.com \u00a0 \u00a0www.TunaEspa\u00f1a.es Ritmo: Bolero Ranchero Enlace Youtube:\u00a0pinche aqui para escuchar la canci\u00f3n &nbsp; &nbsp; &nbsp; &nbsp; Graciela Olmos Conocida sobre todo por su habilidad empresarial para regentear, en los a\u00f1os 40 y 50, una lujosa casa de citas donde [&hellip;]<\/p>\n","protected":false},"author":2,"featured_media":0,"comment_status":"closed","ping_status":"closed","sticky":false,"template":"","format":"standard","meta":[],"categories":[274,39,153,263],"tags":[856,731,4680,4696,724,721,861,881,722,882,739,728,726,852,880,727,879,853,940,4618,941,857,734,752,883,860,884,885,862,864,863,737,738,754,723,858,886,859,747,748,745,746],"_links":{"self":[{"href":"https:\/\/www.tunaespana.es\/index.php?rest_route=\/wp\/v2\/posts\/5039"}],"collection":[{"href":"https:\/\/www.tunaespana.es\/index.php?rest_route=\/wp\/v2\/posts"}],"about":[{"href":"https:\/\/www.tunaespana.es\/index.php?rest_route=\/wp\/v2\/types\/post"}],"author":[{"embeddable":true,"href":"https:\/\/www.tunaespana.es\/index.php?rest_route=\/wp\/v2\/users\/2"}],"replies":[{"embeddable":true,"href":"https:\/\/www.tunaespana.es\/index.php?rest_route=%2Fwp%2Fv2%2Fcomments&post=5039"}],"version-history":[{"count":8,"href":"https:\/\/www.tunaespana.es\/index.php?rest_route=\/wp\/v2\/posts\/5039\/revisions"}],"predecessor-version":[{"id":38208,"href":"https:\/\/www.tunaespana.es\/index.php?rest_route=\/wp\/v2\/posts\/5039\/revisions\/38208"}],"wp:attachment":[{"href":"https:\/\/www.tunaespana.es\/index.php?rest_route=%2Fwp%2Fv2%2Fmedia&parent=5039"}],"wp:term":[{"taxonomy":"category","embeddable":true,"href":"https:\/\/www.tunaespana.es\/index.php?rest_route=%2Fwp%2Fv2%2Fcategories&post=5039"},{"taxonomy":"post_tag","embeddable":true,"href":"https:\/\/www.tunaespana.es\/index.php?rest_route=%2Fwp%2Fv2%2Ftags&post=5039"}],"curies":[{"name":"wp","href":"https:\/\/api.w.org\/{rel}","templated":true}]}}