{"id":5047,"date":"2011-08-05T08:34:54","date_gmt":"2011-08-05T08:34:54","guid":{"rendered":"http:\/\/www.tunaespana.com\/wp\/?p=5047"},"modified":"2013-07-18T18:35:33","modified_gmt":"2013-07-18T18:35:33","slug":"con-mis-propias-manos-acorde-guitarra-letra-musica-tuna-tab","status":"publish","type":"post","link":"https:\/\/www.tunaespana.es\/?p=5047","title":{"rendered":"Con mis propias manos  (Acorde guitarra) (Letra Tablatura) cancionero Tuna, bolero"},"content":{"rendered":"<p>&nbsp;<\/p>\n<p>&nbsp;<\/p>\n<p style=\"text-align: center;\"><span style=\"font-size: x-large; color: #ff0000;\">Con mis propias manos <\/span><\/p>\n<p style=\"text-align: center;\"><span style=\"font-size: medium; color: #ffff00;\">Autor:\u00a0 \u00a0Jose Alfredo Jimenez (Antonio Herrera Valdez)<\/span><\/p>\n<p style=\"text-align: center;\"><span style=\"font-size: medium; color: #00ffff;\">Interpretan: \u00a0\u00a0\u00a0Javier Solis;\u00a0Dueto Amanecer;\u00a0Jose Alfredo Jimenez; Chavela Vargas<\/span><\/p>\n<p style=\"text-align: center;\"><span style=\"font-size: medium; color: #00ff00;\">Tuna Espa\u00f1a (Don Dudo) \u00a0 \u00a0 www.TunaEspana.com \u00a0 \u00a0www.TunaEspa\u00f1a.es<\/span><\/p>\n<p style=\"text-align: center;\"><span style=\"font-size: medium; color: #ffcc00;\">Ritmo: Bolero Ranchero<\/span><\/p>\n<p style=\"text-align: center;\"><span style=\"color: #0000ff;\">Enlace Youtube:<\/span> <a href=\"http:\/\/www.youtube.com\/watch?v=3ylOR6BmWQc\">Pinche aqui para escuchar la canci\u00f3n<\/a><\/p>\n<p style=\"text-align: center;\"><a href=\"http:\/\/www.tunaespana.es\/wp-content\/uploads\/2011\/08\/00-Don-Dudo-Tuna-Espa\u00f1a-Tuna-Upr.jpg\"><img decoding=\"async\" loading=\"lazy\" class=\"aligncenter size-full wp-image-18315\" alt=\"00 Don Dudo, Tuna Espa\u00f1a Tuna Upr\" src=\"http:\/\/www.tunaespana.es\/wp-content\/uploads\/2011\/08\/00-Don-Dudo-Tuna-Espa\u00f1a-Tuna-Upr.jpg\" width=\"475\" height=\"297\" srcset=\"https:\/\/www.tunaespana.es\/wp-content\/uploads\/2011\/08\/00-Don-Dudo-Tuna-Espa\u00f1a-Tuna-Upr.jpg 475w, https:\/\/www.tunaespana.es\/wp-content\/uploads\/2011\/08\/00-Don-Dudo-Tuna-Espa\u00f1a-Tuna-Upr-300x187.jpg 300w\" sizes=\"(max-width: 475px) 100vw, 475px\" \/><\/a><\/p>\n<p>&nbsp;<\/p>\n<p>&nbsp;<\/p>\n<pre>F\r\nSe fue, al clarear el alba, \r\n                        C7\r\npor el camino ba\u00f1ada en llanto\r\ny yo que la quiero tanto,\r\n                          F\r\nlleno de orgullo la vi partir.\r\n\r\nAs\u00ed con mis propias manos, \r\n             F7        A#\r\ncav\u00e9 la tumba del alma m\u00eda, \r\n                    F\r\nnom\u00e1s por ser tan cobarde\r\n         C7              F   F7\r\npor no decirle que la quer\u00eda\r\n  A#               F\r\nnom\u00e1s por ser tan cobarde\r\n         C7              F\r\npor no decirle que la quer\u00eda.\r\n\r\nMe v\u00ed en sus negros ojos\r\n                         C7\r\ny al despedirse sent\u00ed la muerte,\r\ntal vez ya cambi\u00f3 su suerte,\r\n                        F\r\nla mala suerte que yo le d\u00ed.\r\n\r\nAs\u00ed con mis propias manos, \r\n             F7        A#\r\ncav\u00e9 la tumba del alma m\u00eda, \r\n                    F\r\nnom\u00e1s por ser tan cobarde\r\n         C7              F   F7\r\npor no decirle que la quer\u00eda\r\n  A#               F\r\nnom\u00e1s por ser tan cobarde\r\n         C7              F\r\npor no decirle que la quer\u00eda.<\/pre>\n<p>&nbsp;<\/p>\n","protected":false},"excerpt":{"rendered":"<p>&nbsp; &nbsp; Con mis propias manos Autor:\u00a0 \u00a0Jose Alfredo Jimenez (Antonio Herrera Valdez) Interpretan: \u00a0\u00a0\u00a0Javier Solis;\u00a0Dueto Amanecer;\u00a0Jose Alfredo Jimenez; Chavela Vargas Tuna Espa\u00f1a (Don Dudo) \u00a0 \u00a0 www.TunaEspana.com \u00a0 \u00a0www.TunaEspa\u00f1a.es Ritmo: Bolero Ranchero Enlace Youtube: Pinche aqui para escuchar la canci\u00f3n &nbsp; &nbsp; F Se fue, al clarear el alba, C7 por el camino ba\u00f1ada [&hellip;]<\/p>\n","protected":false},"author":2,"featured_media":0,"comment_status":"closed","ping_status":"closed","sticky":false,"template":"","format":"standard","meta":[],"categories":[274,39,153,263],"tags":[856,4680,861,1581,1475,1601,4618,857,860,862,864,863,978,723,854,859,4865,747,748,1471,1680,745,746],"_links":{"self":[{"href":"https:\/\/www.tunaespana.es\/index.php?rest_route=\/wp\/v2\/posts\/5047"}],"collection":[{"href":"https:\/\/www.tunaespana.es\/index.php?rest_route=\/wp\/v2\/posts"}],"about":[{"href":"https:\/\/www.tunaespana.es\/index.php?rest_route=\/wp\/v2\/types\/post"}],"author":[{"embeddable":true,"href":"https:\/\/www.tunaespana.es\/index.php?rest_route=\/wp\/v2\/users\/2"}],"replies":[{"embeddable":true,"href":"https:\/\/www.tunaespana.es\/index.php?rest_route=%2Fwp%2Fv2%2Fcomments&post=5047"}],"version-history":[{"count":4,"href":"https:\/\/www.tunaespana.es\/index.php?rest_route=\/wp\/v2\/posts\/5047\/revisions"}],"predecessor-version":[{"id":18332,"href":"https:\/\/www.tunaespana.es\/index.php?rest_route=\/wp\/v2\/posts\/5047\/revisions\/18332"}],"wp:attachment":[{"href":"https:\/\/www.tunaespana.es\/index.php?rest_route=%2Fwp%2Fv2%2Fmedia&parent=5047"}],"wp:term":[{"taxonomy":"category","embeddable":true,"href":"https:\/\/www.tunaespana.es\/index.php?rest_route=%2Fwp%2Fv2%2Fcategories&post=5047"},{"taxonomy":"post_tag","embeddable":true,"href":"https:\/\/www.tunaespana.es\/index.php?rest_route=%2Fwp%2Fv2%2Ftags&post=5047"}],"curies":[{"name":"wp","href":"https:\/\/api.w.org\/{rel}","templated":true}]}}