{"id":5187,"date":"2011-08-08T16:15:14","date_gmt":"2011-08-08T16:15:14","guid":{"rendered":"http:\/\/www.tunaespana.com\/wp\/?p=5187"},"modified":"2011-10-22T18:08:34","modified_gmt":"2011-10-22T18:08:34","slug":"noche-azul-de-ernesto-lecuona-acorde-guitarra-letra-tabulado-tuna","status":"publish","type":"post","link":"https:\/\/www.tunaespana.es\/?p=5187","title":{"rendered":"Noche Azul de Ernesto Lecuona (Acorde guitarra)  (Letra Tabulado) Tuna"},"content":{"rendered":"<p>&nbsp;<\/p>\n<p><span style=\"font-size: x-large; color: #ff0000;\">Noche azul<\/span><\/p>\n<p><span style=\"font-size: medium; color: #ffff00;\">Autor : Ernesto Lecuona<\/span><\/p>\n<p><span style=\"font-size: medium; color: #00ffff;\">Interpreta: Los Panchos ;\u00a0Placido Domingo;\u00a0Hugo Avenda\u00f1o<\/span><\/p>\n<p><span style=\"font-size: medium; color: #00ff00;\">Tuna Espa\u00f1a (Don Dudo) \u00a0 \u00a0 www.TunaEspana.com \u00a0 \u00a0www.TunaEspa\u00f1a.es<\/span><\/p>\n<p><span style=\"color: #ff00ff; font-size: medium;\"> Cuba<\/span><\/p>\n<p>&nbsp;<\/p>\n<p><span style=\"font-size: large; color: #cc99ff;\">la <\/span><\/p>\n<p><span style=\"font-size: large; color: #cc99ff;\">Noche azul,<\/span><\/p>\n<p><span style=\"font-size: large; color: #cc99ff;\"> midism \u00a0 \u00a0 sim \u00a0 \u00a0mi<\/span><\/p>\n<p><span style=\"font-size: large; color: #cc99ff;\">que en mi alma reflej\u00f3<\/span><\/p>\n<p><span style=\"font-size: large; color: #cc99ff;\">la pasi\u00f3n <\/span><span style=\"color: #cc99ff; font-size: large;\">que so\u00f1aba acariciar,<\/span><\/p>\n<p><span style=\"font-size: large; color: #cc99ff;\">la \u00a0 \u00a0 \u00a0 \u00a0 \u00a0 \u00a0 \u00a0 \u00a0 \u00a0 \u00a0 \u00a0la7<\/span><\/p>\n<p><span style=\"font-size: large; color: #cc99ff;\">vuelve de nuevo<\/span><\/p>\n<p><span style=\"font-size: large; color: #cc99ff;\"> re<\/span><\/p>\n<p><span style=\"font-size: large; color: #cc99ff;\">a dar paz a mi coraz\u00f3n.<\/span><\/p>\n<p><span style=\"font-size: large; color: #cc99ff;\"> la \u00a0 \u00a0 \u00a0 \u00a0 \u00a0 \u00a0 \u00a0 \u00a0 \u00a0 \u00a0 \u00a0 \u00a0 \u00a0sim \u00a0 \u00a0 \u00a0mi<\/span><\/p>\n<p><span style=\"font-size: large; color: #cc99ff;\">\u00bfNo ves que muero de dolor?<\/span><\/p>\n<p><span style=\"font-size: large; color: #cc99ff;\">Noche azul,&#8230;(etc.)<\/span><\/p>\n<p><span style=\"font-size: large; color: #cc99ff;\">Ven noche azul,<\/span><\/p>\n<p><span style=\"font-size: large; color: #cc99ff;\">ven otra vez<\/span><\/p>\n<p><span style=\"font-size: large; color: #cc99ff;\">a que me des tu luz.<\/span><\/p>\n<p><span style=\"font-size: large; color: #cc99ff;\">Mira que est\u00e1 mi coraz\u00f3n<\/span><\/p>\n<p><span style=\"font-size: large; color: #cc99ff;\">ansioso de amar.<\/span><\/p>\n<p><span style=\"font-size: large; color: #cc99ff;\">Ven otra vez,<\/span><\/p>\n<p><span style=\"font-size: large; color: #cc99ff;\">que yo sin t\u00ed<\/span><\/p>\n<p><span style=\"font-size: large; color: #cc99ff;\">no he de gozar<\/span><\/p>\n<p><span style=\"font-size: large; color: #cc99ff;\">la dicha de amor.<\/span><\/p>\n<p><span style=\"font-size: large; color: #cc99ff;\">Ven, que me muero de dolor.<\/span><\/p>\n<p>&nbsp;<\/p>\n<p>&nbsp;<\/p>\n","protected":false},"excerpt":{"rendered":"<p>&nbsp; Noche azul Autor : Ernesto Lecuona Interpreta: Los Panchos ;\u00a0Placido Domingo;\u00a0Hugo Avenda\u00f1o Tuna Espa\u00f1a (Don Dudo) \u00a0 \u00a0 www.TunaEspana.com \u00a0 \u00a0www.TunaEspa\u00f1a.es Cuba &nbsp; la Noche azul, midism \u00a0 \u00a0 sim \u00a0 \u00a0mi que en mi alma reflej\u00f3 la pasi\u00f3n que so\u00f1aba acariciar, la \u00a0 \u00a0 \u00a0 \u00a0 \u00a0 \u00a0 \u00a0 \u00a0 \u00a0 \u00a0 \u00a0la7 [&hellip;]<\/p>\n","protected":false},"author":2,"featured_media":0,"comment_status":"closed","ping_status":"closed","sticky":false,"template":"","format":"standard","meta":[],"categories":[274,28,171,263],"tags":[],"_links":{"self":[{"href":"https:\/\/www.tunaespana.es\/index.php?rest_route=\/wp\/v2\/posts\/5187"}],"collection":[{"href":"https:\/\/www.tunaespana.es\/index.php?rest_route=\/wp\/v2\/posts"}],"about":[{"href":"https:\/\/www.tunaespana.es\/index.php?rest_route=\/wp\/v2\/types\/post"}],"author":[{"embeddable":true,"href":"https:\/\/www.tunaespana.es\/index.php?rest_route=\/wp\/v2\/users\/2"}],"replies":[{"embeddable":true,"href":"https:\/\/www.tunaespana.es\/index.php?rest_route=%2Fwp%2Fv2%2Fcomments&post=5187"}],"version-history":[{"count":2,"href":"https:\/\/www.tunaespana.es\/index.php?rest_route=\/wp\/v2\/posts\/5187\/revisions"}],"predecessor-version":[{"id":9146,"href":"https:\/\/www.tunaespana.es\/index.php?rest_route=\/wp\/v2\/posts\/5187\/revisions\/9146"}],"wp:attachment":[{"href":"https:\/\/www.tunaespana.es\/index.php?rest_route=%2Fwp%2Fv2%2Fmedia&parent=5187"}],"wp:term":[{"taxonomy":"category","embeddable":true,"href":"https:\/\/www.tunaespana.es\/index.php?rest_route=%2Fwp%2Fv2%2Fcategories&post=5187"},{"taxonomy":"post_tag","embeddable":true,"href":"https:\/\/www.tunaespana.es\/index.php?rest_route=%2Fwp%2Fv2%2Ftags&post=5187"}],"curies":[{"name":"wp","href":"https:\/\/api.w.org\/{rel}","templated":true}]}}