{"id":5460,"date":"2011-08-21T12:09:08","date_gmt":"2011-08-21T12:09:08","guid":{"rendered":"http:\/\/www.tunaespana.com\/wp\/?p=5460"},"modified":"2013-07-18T18:31:41","modified_gmt":"2013-07-18T18:31:41","slug":"como-antes-acorde-guitarra-letra-tabulado-cancionero-tuna","status":"publish","type":"post","link":"https:\/\/www.tunaespana.es\/?p=5460","title":{"rendered":"Como antes (Acorde guitarra)  (Letra Tabulado) Cancionero Tuna"},"content":{"rendered":"<p>&nbsp;<\/p>\n<p style=\"text-align: center;\"><span style=\"font-size: x-large; color: #ff0000;\">Como antes <\/span><\/p>\n<p style=\"text-align: center;\"><span style=\"font-size: medium; color: #00ffff;\">Interpretan: Los Cinco Latinos, Javier Solis<br \/>\n<\/span><\/p>\n<p style=\"text-align: center;\"><span style=\"color: #0000ff;\">Autor: Taccari-di Paoli-m. Panzeri<\/span><\/p>\n<p style=\"text-align: center;\"><span style=\"font-size: medium; color: #ffff00;\">Tuna Espa\u00f1a (Don Dudo) \u00a0 \u00a0 www.TunaEspana.com \u00a0 \u00a0www.TunaEspa\u00f1a.es<\/span><\/p>\n<p style=\"text-align: center;\"><span style=\"color: #ffcc99; font-size: medium;\">Bolero-Cancion<\/span><\/p>\n<p style=\"text-align: center;\"><span style=\"color: #0000ff;\">Enlace Youtube: <a href=\"http:\/\/www.youtube.com\/watch?v=Andq1fgTraM\"><span style=\"color: #0000ff;\">Pinche aqui para escuchar la canci\u00f3n<\/span><\/a><\/span><\/p>\n<p>\u00a0<a href=\"http:\/\/www.tunaespana.es\/wp-content\/uploads\/2011\/08\/00-Tuna-Espa\u00f1a-Mallorca-18-Mayo-2013-dd-Dism.jpg\"><img decoding=\"async\" loading=\"lazy\" class=\"aligncenter size-full wp-image-18329\" alt=\"00 Tuna Espa\u00f1a Mallorca  18 Mayo 2013 dd Dism\" src=\"http:\/\/www.tunaespana.es\/wp-content\/uploads\/2011\/08\/00-Tuna-Espa\u00f1a-Mallorca-18-Mayo-2013-dd-Dism.jpg\" width=\"540\" height=\"366\" srcset=\"https:\/\/www.tunaespana.es\/wp-content\/uploads\/2011\/08\/00-Tuna-Espa\u00f1a-Mallorca-18-Mayo-2013-dd-Dism.jpg 540w, https:\/\/www.tunaespana.es\/wp-content\/uploads\/2011\/08\/00-Tuna-Espa\u00f1a-Mallorca-18-Mayo-2013-dd-Dism-300x203.jpg 300w\" sizes=\"(max-width: 540px) 100vw, 540px\" \/><\/a><\/p>\n<p>&nbsp;<\/p>\n<pre><span style=\"font-size: large; color: #cc99ff;\"><strong>G<\/strong>              <strong>Cm<\/strong>          <strong>Am<\/strong>  \r\nComo antes, m\u00e1s que antes te amar\u00e9 \r\n       <strong>D<\/strong>          <strong>D7<\/strong>       <strong>G<\/strong>   \r\npor la vida yo mi vida te dar\u00e9 \r\n        <strong>E<\/strong>                           <strong>Am<\/strong>  \r\nser\u00e1 un sue\u00f1o para m\u00ed si vuelves conmigo \r\n                    <strong>A<\/strong>           <strong>D<\/strong>  \r\ny tus manos con mis manos acariciar \r\n\r\nEn mi mundo todo el mundo eres t\u00fa \r\nnunca a nadie quise tanto como a ti \r\n\r\n     <strong>C<\/strong>            <strong>B<\/strong>  \r\ncada d\u00eda, cada instante \r\n     <strong>Cm<\/strong>         <strong>C<\/strong>  \r\ndulcemente te dir\u00e9 \r\n     <strong>G<\/strong>              <strong>C<\/strong>            <strong>G<\/strong>   \r\ncomo antes, m\u00e1s que antes, te amar\u00e9<\/span><\/pre>\n<p>&nbsp;<\/p>\n","protected":false},"excerpt":{"rendered":"<p>&nbsp; Como antes Interpretan: Los Cinco Latinos, Javier Solis Autor: Taccari-di Paoli-m. Panzeri Tuna Espa\u00f1a (Don Dudo) \u00a0 \u00a0 www.TunaEspana.com \u00a0 \u00a0www.TunaEspa\u00f1a.es Bolero-Cancion Enlace Youtube: Pinche aqui para escuchar la canci\u00f3n \u00a0 &nbsp; G Cm Am Como antes, m\u00e1s que antes te amar\u00e9 D D7 G por la vida yo mi vida te dar\u00e9 E [&hellip;]<\/p>\n","protected":false},"author":2,"featured_media":0,"comment_status":"closed","ping_status":"closed","sticky":false,"template":"","format":"standard","meta":[],"categories":[274,39,263],"tags":[856,4680,861,1581,1475,1601,4618,857,860,862,864,863,978,723,854,859,4865,747,748,1471,1680,745,746],"_links":{"self":[{"href":"https:\/\/www.tunaespana.es\/index.php?rest_route=\/wp\/v2\/posts\/5460"}],"collection":[{"href":"https:\/\/www.tunaespana.es\/index.php?rest_route=\/wp\/v2\/posts"}],"about":[{"href":"https:\/\/www.tunaespana.es\/index.php?rest_route=\/wp\/v2\/types\/post"}],"author":[{"embeddable":true,"href":"https:\/\/www.tunaespana.es\/index.php?rest_route=\/wp\/v2\/users\/2"}],"replies":[{"embeddable":true,"href":"https:\/\/www.tunaespana.es\/index.php?rest_route=%2Fwp%2Fv2%2Fcomments&post=5460"}],"version-history":[{"count":5,"href":"https:\/\/www.tunaespana.es\/index.php?rest_route=\/wp\/v2\/posts\/5460\/revisions"}],"predecessor-version":[{"id":18331,"href":"https:\/\/www.tunaespana.es\/index.php?rest_route=\/wp\/v2\/posts\/5460\/revisions\/18331"}],"wp:attachment":[{"href":"https:\/\/www.tunaespana.es\/index.php?rest_route=%2Fwp%2Fv2%2Fmedia&parent=5460"}],"wp:term":[{"taxonomy":"category","embeddable":true,"href":"https:\/\/www.tunaespana.es\/index.php?rest_route=%2Fwp%2Fv2%2Fcategories&post=5460"},{"taxonomy":"post_tag","embeddable":true,"href":"https:\/\/www.tunaespana.es\/index.php?rest_route=%2Fwp%2Fv2%2Ftags&post=5460"}],"curies":[{"name":"wp","href":"https:\/\/api.w.org\/{rel}","templated":true}]}}