{"id":5560,"date":"2011-08-23T08:15:05","date_gmt":"2011-08-23T08:15:05","guid":{"rendered":"http:\/\/www.tunaespana.com\/wp\/?p=5560"},"modified":"2020-09-07T09:04:15","modified_gmt":"2020-09-07T09:04:15","slug":"mi-ultimo-bolero-acorde-guitarra-letra-tabulado-cancionero-tuna-tablaturas","status":"publish","type":"post","link":"https:\/\/www.tunaespana.es\/?p=5560","title":{"rendered":"Mi ultimo Bolero ,Acorde Guitarra, Letra Tabladura, Cancionero Tuna, Bolero xxx"},"content":{"rendered":"<p>&nbsp;<\/p>\n<p style=\"text-align: center;\"><span style=\"font-size: x-large; color: #ff0000;\">Mi ultimo Bolero <\/span><\/p>\n<p align=\"CENTER\"><span style=\"color: #0000ff;\"><span style=\"font-family: Georgia,Times New Roman,Bitstream Charter,Times,serif;\"><span style=\"font-size: small;\">[Tube]http:\/\/www.youtube.com\/watch?v=b3Ok_fnnFFA[\/Tube]<\/span><\/span><\/span><\/p>\n<p style=\"text-align: center;\"><span style=\"font-size: medium; color: #ffff00;\">Autor: Arturo \u00abChino\u00bb Hassan<\/span><\/p>\n<p style=\"text-align: center;\"><span style=\"font-size: medium; color: #00ccff;\">Interpretan: Javier Solis, Los Tres Ases, Alberto Granados<\/span><\/p>\n<p style=\"text-align: center;\"><span style=\"font-size: medium; color: #00ff00;\">Tuna Espa\u00f1a (Don Dudo) www.TunaEspana.com www.TunaEspa\u00f1a.es<\/span><\/p>\n<blockquote class=\"embedly-card\" data-card-controls=\"1\" data-card-align=\"center\" data-card-theme=\"light\">\n<h4><a href=\"https:\/\/www.youtube.com\/watch?v=dLHSJs49DJA&#038;feature=youtu.be\">DonDudo &#038; Mi \u00faltimo Bolero<\/a><\/h4>\n<p>\u00abMi \u00daltimo Bolero\u00bb Del compositor paname\u00f1o Arturo \u00abChino\u00bb Hassan, Viva la querida y entra\u00f1able Panam\u00e1, Bendita Hispanidad !!!! Oye, mi \u00faltimo bolero que cant&#8230;<\/p>\n<\/blockquote>\n<p><script async src=\"\/\/cdn.embedly.com\/widgets\/platform.js\" charset=\"UTF-8\"><\/script><\/p>\n<p style=\"text-align: center;\"><span style=\"font-size: medium; color: #ffcc00;\">Ritmo: bolero<\/span><\/p>\n<p style=\"text-align: center;\"><a href=\"http:\/\/www.tunaespana.es\/wp-content\/uploads\/2011\/06\/TunaEspa\u00f1a-Tunas-Espa\u00f1olas-Tunas-Universitarias-Universidad-Don-Musikito-Don-Perdi.jpg\"><img decoding=\"async\" loading=\"lazy\" class=\"aligncenter size-full wp-image-19290\" src=\"http:\/\/www.tunaespana.es\/wp-content\/uploads\/2011\/06\/TunaEspa\u00f1a-Tunas-Espa\u00f1olas-Tunas-Universitarias-Universidad-Don-Musikito-Don-Perdi.jpg\" alt=\"TunaEspa\u00f1a, Tunas Espa\u00f1olas, Tunas Universitarias, Universidad, Don Musikito, Don Perdi,\" width=\"585\" height=\"334\" srcset=\"https:\/\/www.tunaespana.es\/wp-content\/uploads\/2011\/06\/TunaEspa\u00f1a-Tunas-Espa\u00f1olas-Tunas-Universitarias-Universidad-Don-Musikito-Don-Perdi.jpg 585w, https:\/\/www.tunaespana.es\/wp-content\/uploads\/2011\/06\/TunaEspa\u00f1a-Tunas-Espa\u00f1olas-Tunas-Universitarias-Universidad-Don-Musikito-Don-Perdi-300x171.jpg 300w\" sizes=\"(max-width: 585px) 100vw, 585px\" \/><\/a><\/p>\n<p>&nbsp;<\/p>\n<pre><span style=\"font-size: 14px; color: #cc99ff;\">(intro) <strong>Fmaj7<\/strong>    <strong>F#dim7<\/strong>    <strong>Gm7<\/strong>    <strong>Edim7<\/strong>    <strong>Fmaj7<\/strong>    <strong>D7<\/strong>    <strong>Gm7<\/strong>    <strong>F#maj7<\/strong>\r\n\r\n<strong>Fmaj7<\/strong>       <strong>Dm7<\/strong>  <strong>Gm7<\/strong>       <strong>Edim7<\/strong>    <strong>F6<\/strong>\r\n       Oh-oh         Oh-oh\r\n            <strong>Dm7<\/strong>    <strong>Gm7<\/strong>         <strong>C7<\/strong>\r\n       Oh-oh         Oh-oh\r\n<strong>Fmaj7<\/strong>  <strong>Am7<\/strong>    <strong>G#dim7<\/strong>    <strong>Gm7<\/strong>      <strong>C7<\/strong>        <strong>Fmaj7<\/strong>  <strong>Am7<\/strong>    <strong>G#dim7<\/strong>    <strong>Gm7<\/strong>\r\nOye,                    mi \u00faltimo bolero\r\n    <strong>C7<\/strong>            <strong>Fmaj7<\/strong>  <strong>Dm7<\/strong>    <strong>Gm7<\/strong>        <strong>C7<\/strong>       <strong>Am7<\/strong>  <strong>D7<\/strong>    <strong>Gm7<\/strong>    <strong>C7<\/strong>\r\nque canto con el alma,            inspirado por ti.\r\n\r\n<strong>Fmaj7<\/strong>   <strong>Am7<\/strong>    <strong>G#dim7<\/strong>    <strong>Gm7<\/strong>         <strong>C7<\/strong>            <strong>Fmaj7<\/strong>    <strong>Am7<\/strong>    <strong>G#dim7<\/strong>    <strong>Gm7<\/strong>\r\nQuiero,                    que la gente se entere\r\n    <strong>C7<\/strong>         <strong>Fmaj7<\/strong>  <strong>Dm7<\/strong>    <strong>Gm7<\/strong>            <strong>C7<\/strong>      <strong>Fmaj7<\/strong>  <strong>Cm7<\/strong>  <strong>F7<\/strong>\r\nque todo mi cari\u00f1o,             siempre fue para ti.\r\n<strong>Bbmaj7<\/strong>    <strong>Bdim7<\/strong>                  <strong>F6<\/strong>      <strong>Dm7<\/strong>\r\nLlevo,          tu amor al infinito\r\n <strong>G7<\/strong>                 <strong>Gm7<\/strong>        <strong>C7<\/strong>\r\nlleno de gran felicidad.\r\n\r\nOye, mi \u00faltimo bolero\r\nque canto con el alma, inspirado por ti.\r\n\r\n<strong>Fmaj7<\/strong>       <strong>Dm7<\/strong>  <strong>Gm7<\/strong>       <strong>Edim7<\/strong>    <strong>D6<\/strong>\r\n       Oh-oh         Oh-oh\r\n            <strong>Bm7<\/strong>    <strong>Em7<\/strong>         <strong>A7<\/strong>\r\n       Oh-oh         Oh-oh\r\n\r\n<strong>Dmaj7<\/strong>  <strong>F#m7<\/strong>    <strong>Fdim7<\/strong>    <strong>Em7<\/strong>      <strong>A7(b9)<\/strong>        <strong>Dmaj7<\/strong>  <strong>F#m7<\/strong>    <strong>Fdim7<\/strong>    <strong>Em7<\/strong>\r\nOye,                    mi \u00faltimo bolero\r\n    <strong>A7<\/strong>            <strong>Amaj7<\/strong>  <strong>Bm7<\/strong>    <strong>Em7<\/strong>        <strong>A7<\/strong>       <strong>Dmaj7<\/strong>  <strong>Dm7<\/strong>    <strong>Gm7<\/strong>    <strong>C7<\/strong>\r\nque canto con el alma,            inspirado por ti.\r\n\r\n<strong>Fmaj7<\/strong>   <strong>Am7<\/strong>    <strong>G#dim7<\/strong>    <strong>Gm7<\/strong>         <strong>C7<\/strong>            <strong>Fmaj7<\/strong>    <strong>Am7<\/strong>    <strong>G#dim7<\/strong>    <strong>Gm7<\/strong>\r\nQuiero,                    que la gente se entere\r\n    <strong>C7<\/strong>         <strong>Fmaj7<\/strong>  <strong>Dm7<\/strong>    <strong>Gm7<\/strong>            <strong>C7<\/strong>      <strong>Fmaj7<\/strong>  <strong>Cm7<\/strong>  <strong>F7<\/strong>\r\nque todo mi cari\u00f1o,             siempre fue para ti.\r\n<strong>Bbmaj7<\/strong>    <strong>Bdim7<\/strong>                  <strong>F6<\/strong>      <strong>Dm7<\/strong>\r\nLlevo,          tu amor al infinito\r\n <strong>G7<\/strong>                 <strong>Gm7<\/strong>        <strong>C7<\/strong>\r\nlleno de gran felicidad.\r\n\r\nOye, mi \u00faltimo bolero\r\nque canto con el alma, inspirado por ti.<\/span><\/pre>\n<p><span style=\"font-size: 14px;\">\u00a0<\/span><\/p>\n<p align=\"CENTER\"><span style=\"color: #0000ff;\"><span style=\"font-family: Georgia,Times New Roman,Bitstream Charter,Times,serif;\"><span style=\"font-size: small;\">[Tube]http:\/\/www.youtube.com\/watch?v=uWlggAjujso[\/Tube]<\/span><\/span><\/span><\/p>\n","protected":false},"excerpt":{"rendered":"<p>&nbsp; Mi ultimo Bolero [Tube]http:\/\/www.youtube.com\/watch?v=b3Ok_fnnFFA[\/Tube] Autor: Arturo \u00abChino\u00bb Hassan Interpretan: Javier Solis, Los Tres Ases, Alberto Granados Tuna Espa\u00f1a (Don Dudo) www.TunaEspana.com www.TunaEspa\u00f1a.es DonDudo &#038; Mi \u00faltimo Bolero \u00abMi \u00daltimo Bolero\u00bb Del compositor paname\u00f1o Arturo \u00abChino\u00bb Hassan, Viva la querida y entra\u00f1able Panam\u00e1, Bendita Hispanidad !!!! Oye, mi \u00faltimo bolero que cant&#8230; Ritmo: bolero &nbsp; [&hellip;]<\/p>\n","protected":false},"author":2,"featured_media":0,"comment_status":"closed","ping_status":"closed","sticky":false,"template":"","format":"standard","meta":[],"categories":[274,29,263],"tags":[2111,856,1719,2099,3271,1581,1475,3223,4618,763,2098,860,723,4865,3224],"_links":{"self":[{"href":"https:\/\/www.tunaespana.es\/index.php?rest_route=\/wp\/v2\/posts\/5560"}],"collection":[{"href":"https:\/\/www.tunaespana.es\/index.php?rest_route=\/wp\/v2\/posts"}],"about":[{"href":"https:\/\/www.tunaespana.es\/index.php?rest_route=\/wp\/v2\/types\/post"}],"author":[{"embeddable":true,"href":"https:\/\/www.tunaespana.es\/index.php?rest_route=\/wp\/v2\/users\/2"}],"replies":[{"embeddable":true,"href":"https:\/\/www.tunaespana.es\/index.php?rest_route=%2Fwp%2Fv2%2Fcomments&post=5560"}],"version-history":[{"count":8,"href":"https:\/\/www.tunaespana.es\/index.php?rest_route=\/wp\/v2\/posts\/5560\/revisions"}],"predecessor-version":[{"id":34646,"href":"https:\/\/www.tunaespana.es\/index.php?rest_route=\/wp\/v2\/posts\/5560\/revisions\/34646"}],"wp:attachment":[{"href":"https:\/\/www.tunaespana.es\/index.php?rest_route=%2Fwp%2Fv2%2Fmedia&parent=5560"}],"wp:term":[{"taxonomy":"category","embeddable":true,"href":"https:\/\/www.tunaespana.es\/index.php?rest_route=%2Fwp%2Fv2%2Fcategories&post=5560"},{"taxonomy":"post_tag","embeddable":true,"href":"https:\/\/www.tunaespana.es\/index.php?rest_route=%2Fwp%2Fv2%2Ftags&post=5560"}],"curies":[{"name":"wp","href":"https:\/\/api.w.org\/{rel}","templated":true}]}}