{"id":5571,"date":"2011-08-23T08:40:13","date_gmt":"2011-08-23T08:40:13","guid":{"rendered":"http:\/\/www.tunaespana.com\/wp\/?p=5571"},"modified":"2024-11-23T10:42:28","modified_gmt":"2024-11-23T09:42:28","slug":"cuatro-vidas-acorde-guitarra-letra-tabulado-cancionero-tuna-tablaturas","status":"publish","type":"post","link":"https:\/\/www.tunaespana.es\/?p=5571","title":{"rendered":"Cuatro vidas ,Acorde Guitarra, Letra Tabladura, Cancionero Tuna,"},"content":{"rendered":"<p>&nbsp;<\/p>\n<p style=\"text-align: center;\"><span style=\"font-size: x-large; color: #ff0000;\">Cuatro vidas <\/span><\/p>\n<p style=\"text-align: center;\"><a href=\"http:\/\/www.tunaespana.es\/wp-content\/uploads\/2011\/08\/TunaEspa\u00f1a-Tuna-Espa\u00f1a-Certamen-Tuna-Cancionero-tuna-Catedral-Murcia-Mi-Hermanico-Don-Dudo-Do\u00f1a-Pilar-de-la-Cierva.jpg\"><img decoding=\"async\" loading=\"lazy\" class=\"aligncenter size-full wp-image-26388\" src=\"http:\/\/www.tunaespana.es\/wp-content\/uploads\/2011\/08\/TunaEspa\u00f1a-Tuna-Espa\u00f1a-Certamen-Tuna-Cancionero-tuna-Catedral-Murcia-Mi-Hermanico-Don-Dudo-Do\u00f1a-Pilar-de-la-Cierva.jpg\" alt=\"TunaEspa\u00f1a, Tuna Espa\u00f1a, Certamen Tuna, Cancionero tuna, Catedral Murcia, Mi Hermanico, Don Dudo, Do\u00f1a Pilar de la Cierva\" width=\"519\" height=\"296\" srcset=\"https:\/\/www.tunaespana.es\/wp-content\/uploads\/2011\/08\/TunaEspa\u00f1a-Tuna-Espa\u00f1a-Certamen-Tuna-Cancionero-tuna-Catedral-Murcia-Mi-Hermanico-Don-Dudo-Do\u00f1a-Pilar-de-la-Cierva.jpg 519w, https:\/\/www.tunaespana.es\/wp-content\/uploads\/2011\/08\/TunaEspa\u00f1a-Tuna-Espa\u00f1a-Certamen-Tuna-Cancionero-tuna-Catedral-Murcia-Mi-Hermanico-Don-Dudo-Do\u00f1a-Pilar-de-la-Cierva-300x171.jpg 300w\" sizes=\"(max-width: 519px) 100vw, 519px\" \/><\/a><span class=\"st\" style=\"color: #00ff00;\"><strong>Do\u00f1a Pilar de la Cierva<\/strong>, 92 a\u00f1os de edad y 50 a\u00f1os de Camarera de La Virgen de La Fuensanta, Patrona de la Siete veces Coronada ciudad de Murcia<\/span><\/p>\n<p style=\"text-align: center;\"><span style=\"font-size: medium; color: #ffff00;\">Autor:\u00a0 \u00a0Compositor Mexicano Justo Carreras\u00a0<\/span><\/p>\n<p style=\"text-align: center;\"><span style=\"font-size: medium;\"><span style=\"color: #00ccff;\">Interpretan:\u00a0Los Panchos (Jhonny Albino) y Eydie Gorme, Chucho Avellanet,Olimpo Cardenas,Ramon Armengod, Trio Los Soberanos, Pedro Infante<br \/>\n<\/span><\/span><\/p>\n<p style=\"line-height: 0.5cm; widows: 2; orphans: 2;\" align=\"CENTER\"><span style=\"color: #00ff00;\">Don Dudo (TunaEspa\u00f1a)<\/span><\/p>\n<blockquote class=\"embedly-card\" data-card-controls=\"1\" data-card-align=\"center\" data-card-theme=\"light\">\n<h4><a href=\"https:\/\/www.youtube.com\/watch?v=SfsSxRtQfVk\">DonDudo @ Cuatro Vidas<\/a><\/h4>\n<p>Nuestros Raticos de Los Mi\u00e9rcoles Noche en \u00abPetit Comit\u00e9\u00bb, en nuestro Rinconcinco de TunaEspa\u00f1a del Bar El Guapo (C. Orilla del Azarbe, Santa Cruz, Murcia). DonChulini Famosi Di Roma e Di C\u00f3rdoba. , Bong\u00f3s DonMaguila, Acordeon DonSteviWonder, Marcas DonBelenes, Laud1 DonMafaldo, Laud 2 DonOcho, Bongo DonMaligno, Guitarron DonRadioPita. Guitarra DonDudo.<\/p>\n<\/blockquote>\n<p><script async src=\"\/\/cdn.embedly.com\/widgets\/platform.js\" charset=\"UTF-8\"><\/script><\/p>\n<p style=\"text-align: center;\"><span style=\"font-size: medium; color: #ffcc00;\">Ritmo: \u00a0bolero<\/span><\/p>\n<blockquote class=\"embedly-card\" data-card-controls=\"1\" data-card-align=\"center\" data-card-theme=\"light\">\n<h4><a href=\"https:\/\/www.youtube.com\/watch?v=d0o39iptk1c\">DonDudo &#038; Mi Querida Espa\u00f1a &#038; Cuatro Vidas<\/a><\/h4>\n<p>\u00abMi Querida Espa\u00f1a\u00bb compuesta por Cecilia, publicada en 1975 e incluida en su \u00e1lbum de estudio Un ramito de Violetas Mi querida Espa\u00f1a Esta Espa\u00f1a m\u00eda Esta Espa\u00f1a nuestra De tu santa siesta Ahora te despiertan Versos de poetas \u00bfD\u00f3nde est\u00e1n tus ojos? \u00bfD\u00f3nde est\u00e1n tus manos? \u00bfD\u00f3nde es tu cabeza?<\/p>\n<\/blockquote>\n<p><script async src=\"\/\/cdn.embedly.com\/widgets\/platform.js\" charset=\"UTF-8\"><\/script><\/p>\n<p>&nbsp;<\/p>\n<pre><span style=\"font-size: large; color: #cc99ff;\"> <strong>A<\/strong>\r\n Vida  si tuvieras cuatro vidas, \r\n                         <strong>E7<\/strong>\r\ncuatro vidas ser\u00edan para ti. \r\n <strong>E7<\/strong>\r\n Vida  si te llevas mi vida contento \r\n             <strong>A<\/strong>\r\nmorir\u00eda por ti. \r\n <strong>A<\/strong>\r\n Alma  si te llevas mi ser, contento \r\n            <strong>E7<\/strong>\r\nmorir\u00eda por ti. \r\n <strong>E7<\/strong>\r\n Ser  si te llevas mi ser, contento \r\n             <strong>A<\/strong>\r\nmorir\u00eda por ti. \r\n\r\n     <strong>A<\/strong>           <strong>A7<\/strong>\r\nCoraz\u00f3n (ay coraz\u00f3n) \r\n\r\nen tu coraz\u00f3n te llevas \r\n                        <strong>D<\/strong>\r\nmi alma, mi vida, y mi ser \r\n    <strong>E7<\/strong>            <strong>A<\/strong>\r\nsi tuviera cuatro vidas \r\n       <strong>E7<\/strong>                <strong>A<\/strong>\r\ncuatro vidas ser\u00edan para ti. \r\n\r\nDudas, en mi correo electr\u00f3nico.<\/span><\/pre>\n<p>&nbsp;<\/p>\n<p style=\"margin-bottom: 0cm; font-style: normal; font-weight: normal; line-height: 0.5cm; widows: 2; orphans: 2;\" align=\"CENTER\"><span style=\"color: #0000ff;\"><span style=\"font-family: Georgia,Times New Roman,Bitstream Charter,Times,serif;\"><span style=\"font-size: small;\">[Tube]http:\/\/www.youtube.com\/watch?v=-fvJZjr8HUg[\/Tube]<\/span><\/span><\/span><\/p>\n","protected":false},"excerpt":{"rendered":"<p>&nbsp; Cuatro vidas Do\u00f1a Pilar de la Cierva, 92 a\u00f1os de edad y 50 a\u00f1os de Camarera de La Virgen de La Fuensanta, Patrona de la Siete veces Coronada ciudad de Murcia Autor:\u00a0 \u00a0Compositor Mexicano Justo Carreras\u00a0 Interpretan:\u00a0Los Panchos (Jhonny Albino) y Eydie Gorme, Chucho Avellanet,Olimpo Cardenas,Ramon Armengod, Trio Los Soberanos, Pedro Infante Don Dudo [&hellip;]<\/p>\n","protected":false},"author":2,"featured_media":0,"comment_status":"closed","ping_status":"closed","sticky":false,"template":"","format":"standard","meta":[],"categories":[274,39,263],"tags":[4632,4640,4636,750,2041,4653,4616,4065,832],"_links":{"self":[{"href":"https:\/\/www.tunaespana.es\/index.php?rest_route=\/wp\/v2\/posts\/5571"}],"collection":[{"href":"https:\/\/www.tunaespana.es\/index.php?rest_route=\/wp\/v2\/posts"}],"about":[{"href":"https:\/\/www.tunaespana.es\/index.php?rest_route=\/wp\/v2\/types\/post"}],"author":[{"embeddable":true,"href":"https:\/\/www.tunaespana.es\/index.php?rest_route=\/wp\/v2\/users\/2"}],"replies":[{"embeddable":true,"href":"https:\/\/www.tunaespana.es\/index.php?rest_route=%2Fwp%2Fv2%2Fcomments&post=5571"}],"version-history":[{"count":8,"href":"https:\/\/www.tunaespana.es\/index.php?rest_route=\/wp\/v2\/posts\/5571\/revisions"}],"predecessor-version":[{"id":39138,"href":"https:\/\/www.tunaespana.es\/index.php?rest_route=\/wp\/v2\/posts\/5571\/revisions\/39138"}],"wp:attachment":[{"href":"https:\/\/www.tunaespana.es\/index.php?rest_route=%2Fwp%2Fv2%2Fmedia&parent=5571"}],"wp:term":[{"taxonomy":"category","embeddable":true,"href":"https:\/\/www.tunaespana.es\/index.php?rest_route=%2Fwp%2Fv2%2Fcategories&post=5571"},{"taxonomy":"post_tag","embeddable":true,"href":"https:\/\/www.tunaespana.es\/index.php?rest_route=%2Fwp%2Fv2%2Ftags&post=5571"}],"curies":[{"name":"wp","href":"https:\/\/api.w.org\/{rel}","templated":true}]}}