{"id":5600,"date":"2011-08-23T10:28:31","date_gmt":"2011-08-23T10:28:31","guid":{"rendered":"http:\/\/www.tunaespana.com\/wp\/?\r\n\r\np=5600"},"modified":"2011-10-18T12:47:13","modified_gmt":"2011-10-18T12:47:13","slug":"fois-deus-acorde-guitarra-letra-tabulado-cancionero-tuna-tablaturas","status":"publish","type":"post","link":"https:\/\/www.tunaespana.es\/?p=5600","title":{"rendered":"Fois Deus (Acorde guitarra)  (Letra Tabulado) Cancionero Tuna (Tablaturas)"},"content":{"rendered":"<p>&nbsp;<\/p>\n<p><span style=\"font-size: x-large; color: #ff0000;\">Fois Deus <\/span><\/p>\n<p><span style=\"font-size: medium; color: #00ffff;\">Interpretan: Amalia Rodrigues<\/span><\/p>\n<p><span style=\"font-size: medium; color: #00ff00;\">Tuna Espa\u00f1a (Don Dudo) \u00a0 \u00a0 www.TunaEspana.com \u00a0 \u00a0www.TunaEspa\u00f1a.es<\/span><\/p>\n<p><span style=\"font-size: medium; color: #ffcc00;\">Fado<\/span><\/p>\n<p>&nbsp;<\/p>\n<p>&nbsp;<\/p>\n<p>&nbsp;<\/p>\n<pre><span style=\"font-size: large; color: #cc99ff;\">    <strong>E<\/strong>        <strong>F#m6<\/strong>     <strong>E<\/strong>\r\nN\u00e3o sei, n\u00e3o sabe ningu\u00e9m\r\n                <strong>E<\/strong>\r\nPor que canto o fado\r\n            <strong>C#7<\/strong>\r\nNeste tom magoado\r\n            <strong>F#m<\/strong>\r\nDe dor e de pranto\r\n           <strong>F#m<\/strong>\r\nE neste tormento\r\n<strong>F#7<\/strong>         <strong>B7<\/strong>\r\nTodo o sofrimento\r\n               <strong>B7<\/strong>\r\nEu sinto que a alma\r\n              <strong>B7<\/strong>\r\nC\u00e1 dentro se acalma\r\n               <strong>E<\/strong>\r\nNos versos que canto\r\n\r\n    <strong>E<\/strong>\r\nFoi Deus\r\n        <strong>F#m6<\/strong>    <strong>E<\/strong>\r\nQue deu luz aos olhos\r\n            <strong>E<\/strong>\r\nPerfumou as rosas\r\n            <strong>C#7<\/strong>\r\nDeu oiro ao sol\r\n            <strong>F#m<\/strong>\r\nE prata ao luar\r\n    <strong>F#m<\/strong>\r\nFoi Deus\r\n              <strong>E<\/strong>\r\nQue me p\u00f4s no peito\r\n              <strong>F#7<\/strong>\r\nUm ros\u00e1rio de penas\r\n            <strong>B7<\/strong>\r\nQue vou desfiando\r\n             <strong>E<\/strong>\r\nE choro a cantar\r\n<strong>E<\/strong>          <strong>B7<\/strong>        <strong>E<\/strong>\r\nE p\u00f4s as estrelas no c\u00e9u\r\n<strong>C#7<\/strong>                <strong>F#m<\/strong>\r\nE fez o espa\u00e7o sem fim\r\n<strong>D#7<\/strong>               <strong>G#7<\/strong>\r\nDeu o luto as andorinhas\r\n      <strong>B7<\/strong>                <strong>E<\/strong>\r\nAi, e deu-me esta voz a mim\r\n\r\nSe canto\r\nN\u00e3o sei o que canto\r\nMisto de ventura\r\nSaudade, ternura\r\nE talvez amor\r\nMas sei que cantando\r\nSinto o mesmo quando\r\nSe tem um desgosto\r\nE o pranto no rosto\r\nNos deixa melhor\r\n\r\nFoi Deus\r\nQue deu voz ao vento\r\nLuz ao firmamento\r\nE deu o azul \u00e0s ondas do mar\r\nFoi Deus\r\nQue me p\u00f4s no peito\r\nUm ros\u00e1rio de penas\r\nQue vou desfiando\r\nE choro a cantar\r\nFez poeta o rouxinol\r\nP\u00f4s no campo o alecrim\r\nDeu as flores \u00e0 primavera\r\nAi!, e deu-me esta voz a mim.<\/span><\/pre>\n<p>&nbsp;<\/p>\n","protected":false},"excerpt":{"rendered":"<p>&nbsp; Fois Deus Interpretan: Amalia Rodrigues Tuna Espa\u00f1a (Don Dudo) \u00a0 \u00a0 www.TunaEspana.com \u00a0 \u00a0www.TunaEspa\u00f1a.es Fado &nbsp; &nbsp; &nbsp; E F#m6 E N\u00e3o sei, n\u00e3o sabe ningu\u00e9m E Por que canto o fado C#7 Neste tom magoado F#m De dor e de pranto F#m E neste tormento F#7 B7 Todo o sofrimento B7 Eu sinto [&hellip;]<\/p>\n","protected":false},"author":2,"featured_media":0,"comment_status":"closed","ping_status":"closed","sticky":false,"template":"","format":"standard","meta":[],"categories":[36,312,263],"tags":[],"_links":{"self":[{"href":"https:\/\/www.tunaespana.es\/index.php?rest_route=\/wp\/v2\/posts\/5600"}],"collection":[{"href":"https:\/\/www.tunaespana.es\/index.php?rest_route=\/wp\/v2\/posts"}],"about":[{"href":"https:\/\/www.tunaespana.es\/index.php?rest_route=\/wp\/v2\/types\/post"}],"author":[{"embeddable":true,"href":"https:\/\/www.tunaespana.es\/index.php?rest_route=\/wp\/v2\/users\/2"}],"replies":[{"embeddable":true,"href":"https:\/\/www.tunaespana.es\/index.php?rest_route=%2Fwp%2Fv2%2Fcomments&post=5600"}],"version-history":[{"count":2,"href":"https:\/\/www.tunaespana.es\/index.php?rest_route=\/wp\/v2\/posts\/5600\/revisions"}],"predecessor-version":[{"id":8662,"href":"https:\/\/www.tunaespana.es\/index.php?rest_route=\/wp\/v2\/posts\/5600\/revisions\/8662"}],"wp:attachment":[{"href":"https:\/\/www.tunaespana.es\/index.php?rest_route=%2Fwp%2Fv2%2Fmedia&parent=5600"}],"wp:term":[{"taxonomy":"category","embeddable":true,"href":"https:\/\/www.tunaespana.es\/index.php?rest_route=%2Fwp%2Fv2%2Fcategories&post=5600"},{"taxonomy":"post_tag","embeddable":true,"href":"https:\/\/www.tunaespana.es\/index.php?rest_route=%2Fwp%2Fv2%2Ftags&post=5600"}],"curies":[{"name":"wp","href":"https:\/\/api.w.org\/{rel}","templated":true}]}}