{"id":5602,"date":"2011-08-23T10:31:10","date_gmt":"2011-08-23T10:31:10","guid":{"rendered":"http:\/\/www.tunaespana.com\/wp\/?p=5602"},"modified":"2011-08-23T10:31:10","modified_gmt":"2011-08-23T10:31:10","slug":"la-vai-lisboa-acorde-guitarra-letra-tabulado-cancionero-tuna-tablaturas","status":"publish","type":"post","link":"https:\/\/www.tunaespana.es\/?p=5602","title":{"rendered":"La \r\n\r\nVai Lisboa (Acorde guitarra)  (Letra Tabulado) Cancionero Tuna (Tablaturas)"},"content":{"rendered":"<p>&nbsp;<\/p>\n<p><span style=\"font-size: x-large; color: \n\n#ff0000;\">La Vai Lisboa<\/span><\/p>\n<p><span style=\"font-size: medium; color: #00ccff;\">Interpretan: Amalia <\/p>\n<p>Rodrigues<\/span><\/p>\n<p><span style=\"font-size: medium; color: #00ff00;\">Tuna Espa\u00f1a (Don Dudo) \u00a0 \u00a0 <\/p>\n<p>www.TunaEspana.com \u00a0 \u00a0www.TunaEspa\u00f1a.es<\/span><\/p>\n<p><span style=\"font-size: medium; color: #ffcc00;\">Fado<\/span><\/p>\n<p>&nbsp;<\/p>\n<p>&nbsp;<\/p>\n<pre><span style=\"font-size: large; color: #cc99ff;\">(intro) <strong>G<\/strong>   \r\n\r\n<strong>D7<\/strong>  <strong>G<\/strong>    <strong>G<\/strong>   <strong>D7<\/strong>   <strong>D7<\/strong>   \r\n\r\n<strong>D7<\/strong>      <strong>G<\/strong>  <strong>A7<\/strong>\r\n\r\n         <strong>D<\/strong>          \r\n\r\n<strong>A7<\/strong>         <strong>D<\/strong>\r\nVai de cora\u00e7\u00f5es ao alto nesta lua\r\n    <strong>F#m7<\/strong>    \r\n\r\n<strong>Fm7<\/strong>    <strong>Em7<\/strong>\r\nE a marcha segue contente\r\n      <strong>Em7<\/strong>         \r\n\r\n<strong>B7<\/strong>          <strong>E7<\/strong>\r\nAs pedrinhas de basalto c\u00e1 da rua\r\n       <strong>A7<\/strong> \r\n\r\n           <strong>D<\/strong>   <strong>A7<\/strong>\r\nNem sentem passar a gente\r\n       <strong>D<\/strong>       \r\n\r\n  <strong>A7<\/strong>             <strong>D<\/strong>\r\nOlha o castelo velhinho, que \u00e9 coroa\r\n         \r\n\r\n<strong>D<\/strong> <strong>B7<\/strong>    <strong>Em7<\/strong>\r\nDesta Lisboa sem par!\r\n <strong>Em7<\/strong>    \r\n\r\n           <strong>A7<\/strong>\r\nAbram, rapazes, caminho,\r\n      <strong>D<\/strong>            \r\n\r\n<strong>B7<\/strong>\r\nQue passar vai a Lisboa\r\n     <strong>Em7<\/strong>      <strong>A7<\/strong>    \r\n\r\n<strong>D7<\/strong>\r\nQue vai a Alfama passar!\r\n\r\n          <strong>G<\/strong>         <strong>Am7<\/strong>  \r\n\r\n<strong>D7<\/strong>     <strong>G<\/strong>\r\nL\u00e1 vai Lisboa com a saia cor de mar\r\n                  \r\n\r\n<strong>G<\/strong>            <strong>Bm7<\/strong> <strong>Bbm7<\/strong>    <strong>Am7<\/strong> \r\n\r\n<strong>D7<\/strong>\r\nCada bairro \u00e9 um noivo que com ela vai casa -  ar!\r\n          <strong>Am7<\/strong>         \r\n\r\n  <strong>D7<\/strong>\r\nL\u00e1 vai Lisboa com seu arquinho e bal\u00e3o,\r\n          <strong>D7<\/strong>                   \r\n\r\n      <strong>G<\/strong>    <strong>F#m7<\/strong> <strong>Em7<\/strong> <strong>D7<\/strong>\r\nCom cantiguinhas na \r\n\r\nboca e amor no cora\u00e7\u00e3o!\r\n<strong>G<\/strong>         <strong>Am7<\/strong>  <strong>D7<\/strong>     \r\n\r\n<strong>G<\/strong>\r\nL\u00e1 vai Lisboa com a saia cor de mar\r\n                  <strong>G<\/strong>            \r\n\r\n<strong>Bm7<\/strong> <strong>Bbm7<\/strong>    <strong>Am7<\/strong> <strong>D7<\/strong>\r\nCada bairro \u00e9 um noivo \r\n\r\nque com ela vai casa -  ar!\r\n          <strong>Am7<\/strong>           <strong>D7<\/strong>\r\nL\u00e1 vai Lisboa com \r\n\r\nseu arquinho e bal\u00e3o,\r\n          <strong>D7<\/strong>                         <strong>G<\/strong>     \r\n\r\n<strong>E7<\/strong> <strong>A7<\/strong>\r\nCom cantiguinhas na boca e amor no cora\u00e7\u00e3o!\r\nBairro novo, bairro \r\n\r\nvelho, gente boa\r\nEm casa n\u00e3o h\u00e1 quem fique!\r\nVai na marcha todo o povo de Lisboa,\r\nDa Gra\u00e7a a Campo d\r\n\r\n\u00b4Ourique!\r\nOlha o castelo velhinho, que \u00e9 coroa\r\nDesta Lisboa sem par!\r\nAbram, rapazes, caminho,\r\nQue \r\n\r\npassar vai a Lisboa!\r\nQue vai a Alfama passar!\r\n\r\n<strong>G<\/strong>         <strong>Am7<\/strong>  \r\n\r\n<strong>D7<\/strong>     <strong>G<\/strong>\r\nL\u00e1 vai Lisboa com a saia cor de mar\r\n                  \r\n\r\n<strong>G<\/strong>            <strong>Bm7<\/strong> <strong>Bbm7<\/strong>    <strong>Am7<\/strong> \r\n\r\n<strong>D7<\/strong>\r\nCada bairro \u00e9 um noivo que com ela vai casa -  ar!\r\n          <strong>Am7<\/strong>         \r\n\r\n  <strong>D7<\/strong>\r\nL\u00e1 vai Lisboa com seu arquinho e bal\u00e3o,\r\n          <strong>D7<\/strong>                   \r\n\r\n      <strong>G<\/strong>    <strong>F#m7<\/strong> <strong>Em7<\/strong> <strong>D7<\/strong>\r\nCom cantiguinhas na \r\n\r\nboca e amor no cora\u00e7\u00e3o!\r\n<strong>G<\/strong>         <strong>Am7<\/strong>  <strong>D7<\/strong>     \r\n\r\n<strong>G<\/strong>\r\nL\u00e1 vai Lisboa com a saia cor de mar\r\n                  <strong>G<\/strong>            \r\n\r\n<strong>Bm7<\/strong> <strong>Bbm7<\/strong>    <strong>Am7<\/strong> <strong>D7<\/strong>\r\nCada bairro \u00e9 um noivo \r\n\r\nque com ela vai casa -  ar!\r\n          <strong>Am7<\/strong>           <strong>D7<\/strong>\r\nL\u00e1 vai Lisboa com \r\n\r\nseu arquinho e bal\u00e3o,\r\n          <strong>D7<\/strong>                         <strong>G<\/strong>      \r\n\r\n<strong>C<\/strong> <strong>G<\/strong>\r\nCom cantiguinhas na boca e amor no cora\u00e7\u00e3o!<\/span><\/pre>\n<p>&nbsp;<\/p>\n","protected":false},"excerpt":{"rendered":"<p>&nbsp; La Vai Lisboa Interpretan: Amalia Rodrigues Tuna Espa\u00f1a (Don Dudo) \u00a0 \u00a0 www.TunaEspana.com \u00a0 \u00a0www.TunaEspa\u00f1a.es Fado &nbsp; &nbsp; (intro) G D7 G G D7 D7 D7 G A7 D A7 D Vai de cora\u00e7\u00f5es ao alto nesta lua F#m7 Fm7 Em7 E a marcha segue contente Em7 B7 E7 As pedrinhas de basalto c\u00e1 [&hellip;]<\/p>\n","protected":false},"author":2,"featured_media":0,"comment_status":"closed","ping_status":"closed","sticky":false,"template":"","format":"standard","meta":[],"categories":[312,30,263],"tags":[],"_links":{"self":[{"href":"https:\/\/www.tunaespana.es\/index.php?rest_route=\/wp\/v2\/posts\/5602"}],"collection":[{"href":"https:\/\/www.tunaespana.es\/index.php?rest_route=\/wp\/v2\/posts"}],"about":[{"href":"https:\/\/www.tunaespana.es\/index.php?rest_route=\/wp\/v2\/types\/post"}],"author":[{"embeddable":true,"href":"https:\/\/www.tunaespana.es\/index.php?rest_route=\/wp\/v2\/users\/2"}],"replies":[{"embeddable":true,"href":"https:\/\/www.tunaespana.es\/index.php?rest_route=%2Fwp%2Fv2%2Fcomments&post=5602"}],"version-history":[{"count":1,"href":"https:\/\/www.tunaespana.es\/index.php?rest_route=\/wp\/v2\/posts\/5602\/revisions"}],"predecessor-version":[{"id":5603,"href":"https:\/\/www.tunaespana.es\/index.php?rest_route=\/wp\/v2\/posts\/5602\/revisions\/5603"}],"wp:attachment":[{"href":"https:\/\/www.tunaespana.es\/index.php?rest_route=%2Fwp%2Fv2%2Fmedia&parent=5602"}],"wp:term":[{"taxonomy":"category","embeddable":true,"href":"https:\/\/www.tunaespana.es\/index.php?rest_route=%2Fwp%2Fv2%2Fcategories&post=5602"},{"taxonomy":"post_tag","embeddable":true,"href":"https:\/\/www.tunaespana.es\/index.php?rest_route=%2Fwp%2Fv2%2Ftags&post=5602"}],"curies":[{"name":"wp","href":"https:\/\/api.w.org\/{rel}","templated":true}]}}