{"id":5898,"date":"2011-08-26T14:56:46","date_gmt":"2011-08-26T14:56:46","guid":{"rendered":"http:\/\/www.tunaespana.com\/wp\/?p=5898"},"modified":"2023-09-03T12:33:41","modified_gmt":"2023-09-03T10:33:41","slug":"nardos-los-acorde-guitarra-letra-tabulado-cancionero-tuna-tablaturas","status":"publish","type":"post","link":"https:\/\/www.tunaespana.es\/?p=5898","title":{"rendered":"Los Nardos  ,Acorde Guitarra, Letra Tabladura, Cancionero Tuna"},"content":{"rendered":"<p>&nbsp;<\/p>\n<p style=\"text-align: center;\"><span style=\"font-size: x-large; color: #ff0000;\">Los Nardos\u00a0<\/span><\/p>\n<p style=\"text-align: center;\"><span style=\"font-size: medium; color: #ffff00;\">De la zarzuela Las Leandras<\/span><\/p>\n<p style=\"text-align: center;\"><span style=\"font-size: medium; color: #00ffff;\">Interpretan: \u00a0\u00a0Sara Montiel, Paloma San Basilio, Rocio Durcal, Nati Mistral<\/span><\/p>\n<p style=\"text-align: center;\"><span style=\"font-size: medium; color: #00ff00;\">Tuna Espa\u00f1a (Don Dudo) \u00a0 \u00a0 www.TunaEspana.com \u00a0 \u00a0www.TunaEspa\u00f1a.es<\/span><\/p>\n<p style=\"text-align: center;\"><span style=\"font-size: medium; color: #ffcc00;\">Pasacalles<\/span><\/p>\n<p style=\"text-align: center;\"><span style=\"color: #0000ff;\">Enlace Youtube: <a href=\"http:\/\/www.youtube.com\/watch?v=6VeJghM6j9s\"><span style=\"color: #0000ff;\">Pinche aqui para escuchar la cancion<\/span><\/a><\/span><\/p>\n<p style=\"text-align: center;\"><a href=\"http:\/\/www.tunaespana.es\/wp-content\/uploads\/2011\/08\/Tunas-Universitarias-Tunas-estudiantinas-Tuna-Espa\u00f1a-Don-ChulinDon-trompetero-musica-de-Tuna.jpg\"><img decoding=\"async\" loading=\"lazy\" class=\"aligncenter size-full wp-image-21417\" src=\"http:\/\/www.tunaespana.es\/wp-content\/uploads\/2011\/08\/Tunas-Universitarias-Tunas-estudiantinas-Tuna-Espa\u00f1a-Don-ChulinDon-trompetero-musica-de-Tuna.jpg\" alt=\"Tunas Universitarias, Tunas estudiantinas, Tuna Espa\u00f1a , Don Chulin,Don trompetero, musica de Tuna\" width=\"538\" height=\"272\" srcset=\"https:\/\/www.tunaespana.es\/wp-content\/uploads\/2011\/08\/Tunas-Universitarias-Tunas-estudiantinas-Tuna-Espa\u00f1a-Don-ChulinDon-trompetero-musica-de-Tuna.jpg 538w, https:\/\/www.tunaespana.es\/wp-content\/uploads\/2011\/08\/Tunas-Universitarias-Tunas-estudiantinas-Tuna-Espa\u00f1a-Don-ChulinDon-trompetero-musica-de-Tuna-300x151.jpg 300w\" sizes=\"(max-width: 538px) 100vw, 538px\" \/><\/a><\/p>\n<p>&nbsp;<\/p>\n<p><span style=\"font-size: large; color: #cc99ff;\"><strong>LA<\/strong><\/span><\/p>\n<p><span style=\"font-size: large; color: #cc99ff;\"><strong>A)<\/strong>Por la calle de Alcal\u00e1<\/span><\/p>\n<p><span style=\"font-size: large; color: #cc99ff;\">con la falda almidon\u00e1<\/span><\/p>\n<p><span style=\"font-size: large; color: #cc99ff;\"><strong>Mi7<\/strong><\/span><\/p>\n<p><span style=\"font-size: large; color: #cc99ff;\">y los nardos apoyaos en la cadera,<\/span><\/p>\n<p><span style=\"font-size: large; color: #cc99ff;\">la florista viene y va<\/span><\/p>\n<p><span style=\"font-size: large; color: #cc99ff;\">y sonr\u00ede descar\u00e1<\/span><\/p>\n<p><span style=\"font-size: large; color: #cc99ff;\"><strong>LA<\/strong><\/span><\/p>\n<p><span style=\"font-size: large; color: #cc99ff;\">por la acera de la calle de Alcal\u00e1.<\/span><\/p>\n<p><span style=\"font-size: large; color: #cc99ff;\">El buen mozo que la ve<\/span><\/p>\n<p><span style=\"font-size: large; color: #cc99ff;\">va y le dice: venga usted<\/span><\/p>\n<p><span style=\"font-size: large; color: #cc99ff;\"><strong>La7 RE<\/strong><\/span><\/p>\n<p><span style=\"font-size: large; color: #cc99ff;\">a ponerme en la solapa lo que quiera,<\/span><\/p>\n<p><span style=\"font-size: large; color: #cc99ff;\">que la flor que usted me da<\/span><\/p>\n<p><span style=\"font-size: large; color: #cc99ff;\"><strong>LA<\/strong><\/span><\/p>\n<p><span style=\"font-size: large; color: #cc99ff;\">con envidia la ver\u00e1<\/span><\/p>\n<p><span style=\"font-size: large; color: #cc99ff;\"><strong>Mi7 LA<\/strong><\/span><\/p>\n<p><span style=\"font-size: large; color: #cc99ff;\">todo el mundo por la calle de Alcal\u00e1.<\/span><\/p>\n<p><span style=\"font-size: large; color: #cc99ff;\"><strong>Rem<\/strong><\/span><\/p>\n<p><span style=\"font-size: large; color: #cc99ff;\"><strong>B)<\/strong>Lleve usted nardos caballero,<\/span><\/p>\n<p><span style=\"font-size: large; color: #cc99ff;\"><strong>La7<\/strong><\/span><\/p>\n<p><span style=\"font-size: large; color: #cc99ff;\">si es que quiere a una mujer.<\/span><\/p>\n<p><span style=\"font-size: large; color: #cc99ff;\"><strong>Solm Rem<\/strong><\/span><\/p>\n<p><span style=\"font-size: large; color: #cc99ff;\">Luego, si alguien se los pide<\/span><\/p>\n<p><span style=\"font-size: large; color: #cc99ff;\"><strong>La7 Rem<\/strong><\/span><\/p>\n<p><span style=\"font-size: large; color: #cc99ff;\">nunca se le olvide que yo se los di. (BIS)<\/span><\/p>\n<p>&nbsp;<\/p>\n<p><span style=\"font-size: large; color: #cc99ff;\">Estribillo (Por la calle de Alcala&#8230;.<\/span><\/p>\n<p>&nbsp;<\/p>\n<p><span style=\"font-size: large; color: #cc99ff;\"><em>Ll\u00e9velos, y si se decide<br \/>\nno me mover\u00e9 de aqu\u00ed.<br \/>\nLuego, si alguien se los pide<br \/>\nnunca se le olvide<br \/>\nque yo se los di.<\/em><\/span><\/p>\n<p>&nbsp;<\/p>\n","protected":false},"excerpt":{"rendered":"<p>&nbsp; Los Nardos\u00a0 De la zarzuela Las Leandras Interpretan: \u00a0\u00a0Sara Montiel, Paloma San Basilio, Rocio Durcal, Nati Mistral Tuna Espa\u00f1a (Don Dudo) \u00a0 \u00a0 www.TunaEspana.com \u00a0 \u00a0www.TunaEspa\u00f1a.es Pasacalles Enlace Youtube: Pinche aqui para escuchar la cancion &nbsp; LA A)Por la calle de Alcal\u00e1 con la falda almidon\u00e1 Mi7 y los nardos apoyaos en la cadera, [&hellip;]<\/p>\n","protected":false},"author":2,"featured_media":0,"comment_status":"closed","ping_status":"closed","sticky":false,"template":"","format":"standard","meta":[],"categories":[30,503,263],"tags":[2850,4677,4842,2851,4623,2007,2849],"_links":{"self":[{"href":"https:\/\/www.tunaespana.es\/index.php?rest_route=\/wp\/v2\/posts\/5898"}],"collection":[{"href":"https:\/\/www.tunaespana.es\/index.php?rest_route=\/wp\/v2\/posts"}],"about":[{"href":"https:\/\/www.tunaespana.es\/index.php?rest_route=\/wp\/v2\/types\/post"}],"author":[{"embeddable":true,"href":"https:\/\/www.tunaespana.es\/index.php?rest_route=\/wp\/v2\/users\/2"}],"replies":[{"embeddable":true,"href":"https:\/\/www.tunaespana.es\/index.php?rest_route=%2Fwp%2Fv2%2Fcomments&post=5898"}],"version-history":[{"count":7,"href":"https:\/\/www.tunaespana.es\/index.php?rest_route=\/wp\/v2\/posts\/5898\/revisions"}],"predecessor-version":[{"id":38672,"href":"https:\/\/www.tunaespana.es\/index.php?rest_route=\/wp\/v2\/posts\/5898\/revisions\/38672"}],"wp:attachment":[{"href":"https:\/\/www.tunaespana.es\/index.php?rest_route=%2Fwp%2Fv2%2Fmedia&parent=5898"}],"wp:term":[{"taxonomy":"category","embeddable":true,"href":"https:\/\/www.tunaespana.es\/index.php?rest_route=%2Fwp%2Fv2%2Fcategories&post=5898"},{"taxonomy":"post_tag","embeddable":true,"href":"https:\/\/www.tunaespana.es\/index.php?rest_route=%2Fwp%2Fv2%2Ftags&post=5898"}],"curies":[{"name":"wp","href":"https:\/\/api.w.org\/{rel}","templated":true}]}}