{"id":5904,"date":"2011-08-26T15:18:27","date_gmt":"2011-08-26T15:18:27","guid":{"rendered":"http:\/\/www.tunaespana.com\/wp\/?p=5904"},"modified":"2011-10-24T12:09:45","modified_gmt":"2011-10-24T12:09:45","slug":"preciosa-acorde-guitarra-letra-tabulado-cancionero-tuna-tablaturas","status":"publish","type":"post","link":"https:\/\/www.tunaespana.es\/?p=5904","title":{"rendered":"Preciosa (Acorde guitarra)  (Letra Tabulado) Cancionero Tuna (Tablaturas)"},"content":{"rendered":"<p>&nbsp;<\/p>\n<p><span style=\"font-size: x-large; color: #ff0000;\">Preciosa<\/span><\/p>\n<p><span style=\"font-size: medium; color: #ffff00;\">Autor:\u00a0 \u00a0Rafael Hernandez<\/span><\/p>\n<p><span style=\"font-size: medium; color: #00ffff;\">Interpretan: \u00a0\u00a0Los Tres Reyes;\u00a0Gilberto Monroig;\u00a0Marco Antonio Mu\u00f1iz;\u00a0Vicente Fernandez;\u00a0Felipe Pirela; Los Panchos;\u00a0Los Dandys; Daniel Santos <\/span><\/p>\n<p><span style=\"font-size: medium; color: #00ff00;\">Tuna Espa\u00f1a (Don Dudo) \u00a0 \u00a0 www.TunaEspana.com \u00a0 \u00a0www.TunaEspa\u00f1a.es<\/span><\/p>\n<p><span style=\"font-size: medium; color: #ffcc00;\">Puerto Rico<\/span><\/p>\n<p>&nbsp;<\/p>\n<p><span style=\"font-size: large; color: #cc99ff;\">Yo s\u00e9 lo que son los encantos<\/span><\/p>\n<p><span style=\"font-size: large; color: #cc99ff;\">de la tierra del amor,<\/span><\/p>\n<p><span style=\"font-size: large; color: #cc99ff;\">de mi Borinqu\u00e9n querido,<\/span><\/p>\n<p><span style=\"font-size: large; color: #cc99ff;\">de inmaculada flor,<\/span><\/p>\n<p><span style=\"font-size: large; color: #cc99ff;\">por siempre te llamar\u00e9 preciosa.<\/span><\/p>\n<p><span style=\"font-size: large; color: #cc99ff;\">Isla del Caribe, isla del Caribe.<\/span><\/p>\n<p><span style=\"font-size: large; color: #cc99ff;\"><strong>LA<\/strong><\/span><\/p>\n<p><span style=\"font-size: large; color: #cc99ff;\"><strong>A)<\/strong>Borinqu\u00e9n,<\/span><\/p>\n<p><span style=\"font-size: large; color: #cc99ff;\">preciosa te llaman las olas<\/span><\/p>\n<p><span style=\"font-size: large; color: #cc99ff;\">del mar que te ba\u00f1a,<\/span><\/p>\n<p><span style=\"font-size: large; color: #cc99ff;\">preciosa por ser un encanto,<\/span><\/p>\n<p><span style=\"font-size: large; color: #cc99ff;\"><strong>Mi7<\/strong><\/span><\/p>\n<p><span style=\"font-size: large; color: #cc99ff;\">por ser un ed\u00e9n.<\/span><\/p>\n<p><span style=\"font-size: large; color: #cc99ff;\">Y tienes la noble hidalgu\u00eda<\/span><\/p>\n<p><span style=\"font-size: large; color: #cc99ff;\">de la madre Espa\u00f1a,<\/span><\/p>\n<p><span style=\"font-size: large; color: #cc99ff;\">y el fiero camp\u00edo del indio brav\u00edo<\/span><\/p>\n<p><span style=\"font-size: large; color: #cc99ff;\"><strong>LA<\/strong><\/span><\/p>\n<p><span style=\"font-size: large; color: #cc99ff;\">lo tienes tambi\u00e9n.<\/span><\/p>\n<p><span style=\"font-size: large; color: #cc99ff;\"><strong>B)<\/strong>Preciosa te cantan los bardos<\/span><\/p>\n<p><span style=\"font-size: large; color: #cc99ff;\">que narran tu historia,<\/span><\/p>\n<p><span style=\"font-size: large; color: #cc99ff;\"><strong>La7<\/strong><\/span><\/p>\n<p><span style=\"font-size: large; color: #cc99ff;\">no importa el tirano te trate<\/span><\/p>\n<p><span style=\"font-size: large; color: #cc99ff;\"><strong>RE<\/strong><\/span><\/p>\n<p><span style=\"font-size: large; color: #cc99ff;\">con negra maldad.<\/span><\/p>\n<p><span style=\"font-size: large; color: #cc99ff;\"><strong>Rem<\/strong><\/span><\/p>\n<p><span style=\"font-size: large; color: #cc99ff;\">Preciosa ser\u00e1s sin bandera,<\/span><\/p>\n<p><span style=\"font-size: large; color: #cc99ff;\"><strong>LA<\/strong><\/span><\/p>\n<p><span style=\"font-size: large; color: #cc99ff;\">sin pena ni gloria.<\/span><\/p>\n<p><span style=\"font-size: large; color: #cc99ff;\"><strong>Mi7<\/strong><\/span><\/p>\n<p><span style=\"font-size: large; color: #cc99ff;\">Preciosa, preciosa te llaman los hijos<\/span><\/p>\n<p><span style=\"font-size: large; color: #cc99ff;\"><strong>LA<\/strong><\/span><\/p>\n<p><span style=\"font-size: large; color: #cc99ff;\">de la libertad.<\/span><\/p>\n<p><span style=\"font-size: large; color: #cc99ff;\"><strong>A)<\/strong>Instrumental.<\/span><\/p>\n<p><span style=\"font-size: large; color: #cc99ff;\"><strong>B)<\/strong>Preciosa te cantan los bardos&#8230;<\/span><\/p>\n<p><span style=\"font-size: large; color: #cc99ff;\"><strong>FA LA<\/strong><\/span><\/p>\n<p><span style=\"font-size: large; color: #cc99ff;\"> Final: De la libertad.<\/span><\/p>\n<p>&nbsp;<\/p>\n","protected":false},"excerpt":{"rendered":"<p>&nbsp; Preciosa Autor:\u00a0 \u00a0Rafael Hernandez Interpretan: \u00a0\u00a0Los Tres Reyes;\u00a0Gilberto Monroig;\u00a0Marco Antonio Mu\u00f1iz;\u00a0Vicente Fernandez;\u00a0Felipe Pirela; Los Panchos;\u00a0Los Dandys; Daniel Santos Tuna Espa\u00f1a (Don Dudo) \u00a0 \u00a0 www.TunaEspana.com \u00a0 \u00a0www.TunaEspa\u00f1a.es Puerto Rico &nbsp; Yo s\u00e9 lo que son los encantos de la tierra del amor, de mi Borinqu\u00e9n querido, de inmaculada flor, por siempre te llamar\u00e9 preciosa. [&hellip;]<\/p>\n","protected":false},"author":2,"featured_media":0,"comment_status":"closed","ping_status":"closed","sticky":false,"template":"","format":"standard","meta":[],"categories":[274,25,47,57,171,263],"tags":[],"_links":{"self":[{"href":"https:\/\/www.tunaespana.es\/index.php?rest_route=\/wp\/v2\/posts\/5904"}],"collection":[{"href":"https:\/\/www.tunaespana.es\/index.php?rest_route=\/wp\/v2\/posts"}],"about":[{"href":"https:\/\/www.tunaespana.es\/index.php?rest_route=\/wp\/v2\/types\/post"}],"author":[{"embeddable":true,"href":"https:\/\/www.tunaespana.es\/index.php?rest_route=\/wp\/v2\/users\/2"}],"replies":[{"embeddable":true,"href":"https:\/\/www.tunaespana.es\/index.php?rest_route=%2Fwp%2Fv2%2Fcomments&post=5904"}],"version-history":[{"count":3,"href":"https:\/\/www.tunaespana.es\/index.php?rest_route=\/wp\/v2\/posts\/5904\/revisions"}],"predecessor-version":[{"id":5906,"href":"https:\/\/www.tunaespana.es\/index.php?rest_route=\/wp\/v2\/posts\/5904\/revisions\/5906"}],"wp:attachment":[{"href":"https:\/\/www.tunaespana.es\/index.php?rest_route=%2Fwp%2Fv2%2Fmedia&parent=5904"}],"wp:term":[{"taxonomy":"category","embeddable":true,"href":"https:\/\/www.tunaespana.es\/index.php?rest_route=%2Fwp%2Fv2%2Fcategories&post=5904"},{"taxonomy":"post_tag","embeddable":true,"href":"https:\/\/www.tunaespana.es\/index.php?rest_route=%2Fwp%2Fv2%2Ftags&post=5904"}],"curies":[{"name":"wp","href":"https:\/\/api.w.org\/{rel}","templated":true}]}}