{"id":5909,"date":"2011-08-26T15:26:42","date_gmt":"2011-08-26T15:26:42","guid":{"rendered":"http:\/\/www.tunaespana.com\/wp\/?p=5909"},"modified":"2015-06-18T09:58:59","modified_gmt":"2015-06-18T09:58:59","slug":"viva-el-pasodoble-acorde-guitarra-letra-tabulado-cancionero-tuna-tablaturas","status":"publish","type":"post","link":"https:\/\/www.tunaespana.es\/?p=5909","title":{"rendered":"Viva el pasodoble,Acorde Guitarra, Letra Tabladura, Cancionero Tuna"},"content":{"rendered":"<p>&nbsp;<\/p>\n<p style=\"text-align: center;\"><span style=\"font-size: x-large; color: #ff0000;\">Viva el pasodoble<\/span><\/p>\n<p style=\"text-align: center;\"><a href=\"http:\/\/www.tunaespana.es\/wp-content\/uploads\/2011\/08\/13-TunaEspa\u00f1a-Musica-Tuna-Cancionero-Tuna-Lapicito-Musica-Tuna-dism-Don-Dudo.jpg\"><img decoding=\"async\" loading=\"lazy\" class=\"aligncenter size-full wp-image-29731\" src=\"http:\/\/www.tunaespana.es\/wp-content\/uploads\/2011\/08\/13-TunaEspa\u00f1a-Musica-Tuna-Cancionero-Tuna-Lapicito-Musica-Tuna-dism-Don-Dudo.jpg\" alt=\"13, TunaEspa\u00f1a, Musica Tuna, Cancionero Tuna, Lapicito, Musica Tuna, dism, Don Dudo\" width=\"798\" height=\"341\" srcset=\"https:\/\/www.tunaespana.es\/wp-content\/uploads\/2011\/08\/13-TunaEspa\u00f1a-Musica-Tuna-Cancionero-Tuna-Lapicito-Musica-Tuna-dism-Don-Dudo.jpg 798w, https:\/\/www.tunaespana.es\/wp-content\/uploads\/2011\/08\/13-TunaEspa\u00f1a-Musica-Tuna-Cancionero-Tuna-Lapicito-Musica-Tuna-dism-Don-Dudo-300x128.jpg 300w\" sizes=\"(max-width: 798px) 100vw, 798px\" \/><\/a><\/p>\n<p style=\"text-align: center;\"><span style=\"color: #ffff00;\"><span style=\"font-family: Georgia, 'Times New Roman', 'Bitstream Charter', Times, serif;\"><span style=\"font-size: small;\">Autor:\u00a0\u00a0 <span style=\"color: #ffcc99;\">Manuel Alejandro<\/span><br \/>\n<\/span><\/span><\/span><\/p>\n<p style=\"text-align: center;\"><span style=\"color: #0047ff;\"><span style=\"font-family: Georgia, 'Times New Roman', 'Bitstream Charter', Times, serif;\"><span style=\"font-size: small;\">Interpretan: TunaEspa\u00f1a,\u00a0 Rocio Jurado<\/span><\/span><\/span><\/p>\n<p style=\"text-align: center;\"><span style=\"color: #23ff23;\"><span style=\"font-family: Georgia, 'Times New Roman', 'Bitstream Charter', Times, serif;\"><span style=\"font-size: small;\">TunaEspa\u00f1a (Don Dudo) www.TunaEspa\u00f1a.es \u00a0 www.TunaEspana.com<\/span><\/span><\/span><\/p>\n<p style=\"text-align: center;\"><span style=\"color: #ff00ff;\"><span style=\"font-family: Georgia, 'Times New Roman', 'Bitstream Charter', Times, serif;\"><span style=\"font-size: small;\">Ritmo: Pasodoble<\/span><\/span><\/span><\/p>\n<p align=\"CENTER\"><span style=\"color: #0000ff;\"><span style=\"font-family: Georgia,Times New Roman,Bitstream Charter,Times,serif;\"><span style=\"font-size: small;\">[Tube]https:\/\/www.youtube.com\/watch?v=DDlqdf-5iag[\/Tube]<\/span><\/span><\/span><\/p>\n<p style=\"text-align: center;\"><span style=\"color: #ff950e;\"><span style=\"font-family: Georgia, 'Times New Roman', 'Bitstream Charter', Times, serif;\"><span style=\"font-size: small;\">Folklore Espa\u00f1ol<\/span><\/span><\/span><\/p>\n<p style=\"text-align: center;\"><a href=\"http:\/\/www.tunaespana.es\/wp-content\/uploads\/2011\/08\/Tuna-Espa\u00f1a-torero.jpg\"><img decoding=\"async\" loading=\"lazy\" class=\"aligncenter size-medium wp-image-13527\" title=\"Tuna Espa\u00f1a torero\" src=\"http:\/\/www.tunaespana.es\/wp-content\/uploads\/2011\/08\/Tuna-Espa\u00f1a-torero-290x300.jpg\" alt=\"\" width=\"290\" height=\"300\" srcset=\"https:\/\/www.tunaespana.es\/wp-content\/uploads\/2011\/08\/Tuna-Espa\u00f1a-torero-290x300.jpg 290w, https:\/\/www.tunaespana.es\/wp-content\/uploads\/2011\/08\/Tuna-Espa\u00f1a-torero.jpg 464w\" sizes=\"(max-width: 290px) 100vw, 290px\" \/><\/a><span style=\"color: #ffcc99;\">Este popular pasodoble, uno de los m\u00e1s conocidos de los \u00faltimos tiempos y que refleja en pocas frases lo que es la Fiesta de los Toros y la m\u00fasica que la canta, fue compuesto por el jerezano\u00a0 <strong><span style=\"color: #ffcc00;\">Manuel Alejandro<\/span><\/strong> y \u00a0su segunda\u00a0esposa, Purificaci\u00f3n Casas Romero, que firmaba las canciones en las que\u00a0aparec\u00eda\u00a0como autora con el\u00a0seud\u00f3nimo\u00a0\u00abAna Magdalena\u00bb -en\u00a0honor de la segunda esposa de Juan Sebastian Bach, que as\u00ed se llamaba-\u00a0adquiri\u00f3 gran popularidad con la versi\u00f3n que grab\u00f3 Roc\u00edo Jurado en 1991 y que formaba parte de su disco <i>\u00abSevilla\u00bb<\/i>, pero la versi\u00f3n original es la que les presento a ustedes en esta entrada y que se remonta 10 a\u00f1os atr\u00e1s en el tiempo.<\/span><\/p>\n<pre><span style=\"color: #ff00ff; font-size: 10pt;\">Introducci\u00f3n: DoM, La#, FaM, Solm, Rem, La7 ,\r\n                       <a style=\"color: #ff00ff;\">REm<\/a>, <a style=\"color: #ff00ff;\">SOLm<\/a>, <a style=\"color: #ff00ff;\">REm<\/a>, <a style=\"color: #ff00ff;\">LA7<\/a>\r\n\r\n<a style=\"color: #ff00ff;\">RE<\/a> \r\nOro, plata, sombra y sol\r\n<a style=\"color: #ff00ff;\">REm<\/a>\r\nel gent\u00edo y el clamor.\r\n<a style=\"color: #ff00ff;\">SOLm<\/a>                 <a style=\"color: #ff00ff;\">DO<\/a>               <a style=\"color: #ff00ff;\">FA<\/a> \r\ntres monteras, tres capotes en el redondel.\r\n<a style=\"color: #ff00ff;\">MIm<\/a>                        <a style=\"color: #ff00ff;\">LA7<\/a> \r\nY un clar\u00edn que rompe el viento\r\n<a style=\"color: #ff00ff;\">SOLm<\/a>                  <a style=\"color: #ff00ff;\">LA7<\/a>              <a style=\"color: #ff00ff;\">RE<\/a> , <a style=\"color: #ff00ff;\">DO<\/a> , <a style=\"color: #ff00ff;\">LA#<\/a>, <a style=\"color: #ff00ff;\">SOLm<\/a>, <a style=\"color: #ff00ff;\">LA7<\/a> \r\nanunciando un toro negro que da miedo ver.\r\n\r\n<a style=\"color: #ff00ff;\">RE<\/a> \r\nChicuelinas de verdad\r\n<a style=\"color: #ff00ff;\">REm<\/a>\r\ntres ver\u00f3nicas sin par\r\n<a style=\"color: #ff00ff;\">SOLm<\/a>              <a style=\"color: #ff00ff;\">DO<\/a>                 <a style=\"color: #ff00ff;\">FA<\/a> \r\ny a caballo con nobleza lucha el picador,\r\n<a style=\"color: #ff00ff;\">MIm<\/a>               <a style=\"color: #ff00ff;\">LA7<\/a> \r\ny la m\u00fasica que suena\r\n<a style=\"color: #ff00ff;\">SOLm<\/a>                 <a style=\"color: #ff00ff;\">LA7<\/a>                <a style=\"color: #ff00ff;\">RE<\/a> , <a style=\"color: #ff00ff;\">SI7<\/a> , <a style=\"color: #ff00ff;\">MIm<\/a>, <a style=\"color: #ff00ff;\">LA7<\/a>\r\ncuando el toro y la muleta van al mismo son\r\n\r\n<a style=\"color: #ff00ff;\">RE<\/a> \r\nViva el pasodoble\r\n     <a style=\"color: #ff00ff;\">FA#m<\/a>              <a style=\"color: #ff00ff;\">SI7<\/a>               <a style=\"color: #ff00ff;\">MIm<\/a>\r\nque hace alegre la tragedia, viva lo espa\u00f1ol\r\n<a style=\"color: #ff00ff;\">LA7\u00ba<\/a>             <a style=\"color: #ff00ff;\">MIm<\/a>                    <a style=\"color: #ff00ff;\">LA7<\/a>                  <a style=\"color: #ff00ff;\">RE<\/a> ,\r\nLa bravura sin medida, el valor y el temple de esta vieja fiesta.\r\n\r\n<a style=\"color: #ff00ff;\">RE<\/a> \r\nViva el pasodoble\r\n       <a style=\"color: #ff00ff;\">FA#m<\/a>        <a style=\"color: #ff00ff;\">SI7<\/a>               <a style=\"color: #ff00ff;\">MIm<\/a>\r\nmelod\u00eda de colores, garbo de esta tierra.\r\n<a style=\"color: #ff00ff;\">LA7<\/a>                   <a style=\"color: #ff00ff;\">MIm<\/a>                    <a style=\"color: #ff00ff;\">LA7<\/a>             <a style=\"color: #ff00ff;\">RE<\/a> \r\nQueda ya el recuerdo, cuando ya en el ruedo, la corrida termin\u00f3\r\n\r\nIntroducci\u00f3n:\r\n\r\nInstrumental: ReM, Rem, Solm, DoM, FaM, Mim, La7 \r\n                      <a style=\"color: #ff00ff;\">SOLm<\/a>, <a style=\"color: #ff00ff;\">LA7<\/a> , <a style=\"color: #ff00ff;\">RE<\/a> , <a style=\"color: #ff00ff;\">SI7<\/a> , <a style=\"color: #ff00ff;\">MIm<\/a>, <a style=\"color: #ff00ff;\">LA7<\/a>\r\n\r\nViva el pasodoble melodia...\r\n\r\nInstrumental: <a style=\"color: #ff00ff;\">RE<\/a> , <a style=\"color: #ff00ff;\">FA#m<\/a>, <a style=\"color: #ff00ff;\">SI7<\/a> ,  <a style=\"color: #ff00ff;\">MIm<\/a>, <a style=\"color: #ff00ff;\">LA7\u00ba<\/a>, <a style=\"color: #ff00ff;\">MIm<\/a>, <a style=\"color: #ff00ff;\">LA7<\/a>  ,<a style=\"color: #ff00ff;\">RE<\/a> , <a style=\"color: #ff00ff;\">SI7<\/a> , <a style=\"color: #ff00ff;\">MIm<\/a>, <a style=\"color: #ff00ff;\">LA7<\/a> \r\n\r\nViva el pasodoble melod\u00eda...<\/span><\/pre>\n<p><span style=\"color: #ff00ff; font-size: small;\"><br \/>\n<\/span><\/p>\n<p>&nbsp;<\/p>\n<p align=\"CENTER\"><span style=\"color: #0000ff;\"><span style=\"font-family: Georgia,Times New Roman,Bitstream Charter,Times,serif;\"><span style=\"font-size: small;\">[Tube]https:\/\/www.youtube.com\/watch?v=N1MLeq-4EeM[\/Tube]<\/span><\/span><\/span><\/p>\n<pre><span style=\"color: #cc99ff;\">INTRO:     <\/span><a><span style=\"color: #cc99ff;\">SOL<\/span><\/a>  <a><span style=\"color: #cc99ff;\">FA<\/span><\/a>  <a><span style=\"color: #cc99ff;\">DO<\/span><\/a> <a><span style=\"color: #cc99ff;\">REm<\/span><\/a>   <a><span style=\"color: #cc99ff;\">LAm<\/span><\/a><span style=\"color: #cc99ff;\">   ( parada)\r\n           <\/span><a><span style=\"color: #cc99ff;\">SIm7\/5<\/span><\/a><span style=\"color: #cc99ff;\">-   <\/span><a><span style=\"color: #cc99ff;\">MI<\/span><\/a>  <a><span style=\"color: #cc99ff;\">LAm<\/span><\/a>  <a><span style=\"color: #cc99ff;\">SOL<\/span><\/a>  <a><span style=\"color: #cc99ff;\">SIm7\/5<\/span><\/a><span style=\"color: #cc99ff;\">-  <\/span><a><span style=\"color: #cc99ff;\">MI<\/span><\/a>  <a><span style=\"color: #cc99ff;\">LAm<\/span><\/a>\r\n\r\n              <a><span style=\"color: #cc99ff;\">LA<\/span><\/a>                      <a><span style=\"color: #cc99ff;\">LAm<\/span><\/a>          <a><span style=\"color: #cc99ff;\">LAm7<\/span><\/a><span style=\"color: #cc99ff;\">\r\nVOZ 1      ORO, PLATA, SOMBRA Y SOL  EL GENTIO Y EL CLAMOR\r\n                <\/span><a><span style=\"color: #cc99ff;\">FA<\/span><\/a>         <a><span style=\"color: #cc99ff;\">SOL<\/span><\/a>                      <a><span style=\"color: #cc99ff;\">DO<\/span><\/a><span style=\"color: #cc99ff;\">\r\n           RES MONTERAS, TRES CAPOTES EN EL REDONDEL\r\n            <\/span><a><span style=\"color: #cc99ff;\">SIm7\/5<\/span><\/a><span style=\"color: #cc99ff;\">-                              <\/span><a><span style=\"color: #cc99ff;\">MI<\/span><\/a><span style=\"color: #cc99ff;\">\r\n                     Y UN CLARIN QUE ROMPE EL VIENTO\r\n             <\/span><a><span style=\"color: #cc99ff;\">REm<\/span><\/a>                <a><span style=\"color: #cc99ff;\">MI<\/span><\/a><span style=\"color: #cc99ff;\">                 \r\n           ANUNCIANDO UN TORO  NEGRO  \r\n                           <\/span><a><span style=\"color: #cc99ff;\">LAm<\/span><\/a><span style=\"color: #cc99ff;\">   ( <\/span><a><span style=\"color: #cc99ff;\">LAm7 <\/span><\/a> <a><span style=\"color: #cc99ff;\">LAm7<\/span><\/a> <a><span style=\"color: #cc99ff;\">SIm7\/5<\/span><\/a><span style=\"color: #cc99ff;\">-)  <\/span><a><span style=\"color: #cc99ff;\">MI7<\/span><\/a><span style=\"color: #cc99ff;\">\r\n          QUE DA MIEDO VER\r\n\r\nVOZ 2     CHICUELINAS DE VERDAD ,    TRES VERONICAS SIN PAR\r\n          Y A CABALLO  CON NOBLEZA  LUCHA EL PICADOR\r\n          Y LA MUSICA QUE SUENA \r\n                                                <\/span><a><span style=\"color: #cc99ff;\">LA<\/span><\/a> <a><span style=\"color: #cc99ff;\">LA7 <\/span><\/a> <a><span style=\"color: #cc99ff;\">LA<\/span><\/a><span style=\"color: #cc99ff;\">\r\n         CUANDO EL TORO Y LA MULETA VAN AL MISMO  SON\r\n\r\n               <\/span><a><span style=\"color: #cc99ff;\">LA<\/span><\/a>                    <a><span style=\"color: #cc99ff;\">LA7 <\/span><\/a>            <a><span style=\"color: #cc99ff;\">LA4<\/span><\/a><span style=\"color: #cc99ff;\"> \r\n ESTRIB     VIVA EL PASODOBLE  QUE HACE ALEGRE  LA TRAGEDIA\r\n                               <\/span><a><span style=\"color: #cc99ff;\">SIm<\/span><\/a><span style=\"color: #cc99ff;\">                            \r\n            VIVA LO ESPA\u00d1OL \r\n             <\/span><a><span style=\"color: #cc99ff;\">MI<\/span><\/a>               <a><span style=\"color: #cc99ff;\">MI7<\/span><\/a><span style=\"color: #cc99ff;\">\r\n            LA BRAVURA SIN MEDIDA,\r\n               <\/span><a><span style=\"color: #cc99ff;\">MI<\/span><\/a>                                 <a><span style=\"color: #cc99ff;\">LA<\/span><\/a><span style=\"color: #cc99ff;\">\r\n            EL VALOR  Y EL TEMPLE DE ESTA VIEJA FIESTA\r\n\r\n                 <\/span><a><span style=\"color: #cc99ff;\">LA<\/span><\/a>            <a><span style=\"color: #cc99ff;\">LA7 <\/span><\/a>              <a><span style=\"color: #cc99ff;\">LA4<\/span><\/a><span style=\"color: #cc99ff;\">\r\n            VIVA EL PASODOBLE,     MELODIA DE COLORES,\r\n                            <\/span><a><span style=\"color: #cc99ff;\">SIm<\/span><\/a><span style=\"color: #cc99ff;\">    (<\/span><a><span style=\"color: #cc99ff;\">SIm7<\/span><\/a><span style=\"color: #cc99ff;\">)\r\n            GARBO DE ESTA TIERRA            \r\n              <\/span><a><span style=\"color: #cc99ff;\">MI<\/span><\/a><span style=\"color: #cc99ff;\">               \r\n           QUEDA EN EL RECUERDO CUANDO YA EN EL RUEDO\r\n              <\/span><a><span style=\"color: #cc99ff;\">MI7<\/span><\/a>             <a><span style=\"color: #cc99ff;\">LA<\/span><\/a><span style=\"color: #cc99ff;\">    (<\/span><a><span style=\"color: #cc99ff;\">LAm<\/span><\/a><span style=\"color: #cc99ff;\">)\r\n           <\/span><a><span style=\"color: #cc99ff;\">LA<\/span><\/a><span style=\"color: #cc99ff;\"> CORRIDA      TERMINO\r\n\r\nINTRO:\r\nVOZ: 1\r\nVOZ 2\r\nESTRIB\r\nMELODIA ( Como estribillo)\r\nESTRIB<\/span><\/pre>\n<p>&nbsp;<\/p>\n<p>&nbsp;<\/p>\n<p>&nbsp;<\/p>\n<p><a href=\"http:\/\/www.tunaespana.es\/wp-content\/uploads\/2011\/08\/12-TunaEspa\u00f1a-Musica-Tuna-Cancionero-Tuna-Lapicito-Musica-Tuna-dism-don-dudo-Pasacalles-Tuna.jpg\"><img decoding=\"async\" loading=\"lazy\" class=\"aligncenter size-full wp-image-29732\" src=\"http:\/\/www.tunaespana.es\/wp-content\/uploads\/2011\/08\/12-TunaEspa\u00f1a-Musica-Tuna-Cancionero-Tuna-Lapicito-Musica-Tuna-dism-don-dudo-Pasacalles-Tuna.jpg\" alt=\"12, TunaEspa\u00f1a, Musica Tuna, Cancionero Tuna, Lapicito, Musica Tuna, dism, don dudo, Pasacalles Tuna\" width=\"751\" height=\"316\" srcset=\"https:\/\/www.tunaespana.es\/wp-content\/uploads\/2011\/08\/12-TunaEspa\u00f1a-Musica-Tuna-Cancionero-Tuna-Lapicito-Musica-Tuna-dism-don-dudo-Pasacalles-Tuna.jpg 751w, https:\/\/www.tunaespana.es\/wp-content\/uploads\/2011\/08\/12-TunaEspa\u00f1a-Musica-Tuna-Cancionero-Tuna-Lapicito-Musica-Tuna-dism-don-dudo-Pasacalles-Tuna-300x126.jpg 300w\" sizes=\"(max-width: 751px) 100vw, 751px\" \/><\/a><\/p>\n<p><span style=\"color: #cc99ff; font-size: x-small;\"><strong><br \/>\n<\/strong><\/span><\/p>\n","protected":false},"excerpt":{"rendered":"<p>&nbsp; Viva el pasodoble Autor:\u00a0\u00a0 Manuel Alejandro Interpretan: TunaEspa\u00f1a,\u00a0 Rocio Jurado TunaEspa\u00f1a (Don Dudo) www.TunaEspa\u00f1a.es \u00a0 www.TunaEspana.com Ritmo: Pasodoble [Tube]https:\/\/www.youtube.com\/watch?v=DDlqdf-5iag[\/Tube] Folklore Espa\u00f1ol Este popular pasodoble, uno de los m\u00e1s conocidos de los \u00faltimos tiempos y que refleja en pocas frases lo que es la Fiesta de los Toros y la m\u00fasica que la canta, fue [&hellip;]<\/p>\n","protected":false},"author":2,"featured_media":0,"comment_status":"closed","ping_status":"closed","sticky":false,"template":"","format":"standard","meta":[],"categories":[304,263,19],"tags":[2111,856,3271,1581,1475,3223,2562,860,769,723,4865,3224],"_links":{"self":[{"href":"https:\/\/www.tunaespana.es\/index.php?rest_route=\/wp\/v2\/posts\/5909"}],"collection":[{"href":"https:\/\/www.tunaespana.es\/index.php?rest_route=\/wp\/v2\/posts"}],"about":[{"href":"https:\/\/www.tunaespana.es\/index.php?rest_route=\/wp\/v2\/types\/post"}],"author":[{"embeddable":true,"href":"https:\/\/www.tunaespana.es\/index.php?rest_route=\/wp\/v2\/users\/2"}],"replies":[{"embeddable":true,"href":"https:\/\/www.tunaespana.es\/index.php?rest_route=%2Fwp%2Fv2%2Fcomments&post=5909"}],"version-history":[{"count":6,"href":"https:\/\/www.tunaespana.es\/index.php?rest_route=\/wp\/v2\/posts\/5909\/revisions"}],"predecessor-version":[{"id":29733,"href":"https:\/\/www.tunaespana.es\/index.php?rest_route=\/wp\/v2\/posts\/5909\/revisions\/29733"}],"wp:attachment":[{"href":"https:\/\/www.tunaespana.es\/index.php?rest_route=%2Fwp%2Fv2%2Fmedia&parent=5909"}],"wp:term":[{"taxonomy":"category","embeddable":true,"href":"https:\/\/www.tunaespana.es\/index.php?rest_route=%2Fwp%2Fv2%2Fcategories&post=5909"},{"taxonomy":"post_tag","embeddable":true,"href":"https:\/\/www.tunaespana.es\/index.php?rest_route=%2Fwp%2Fv2%2Ftags&post=5909"}],"curies":[{"name":"wp","href":"https:\/\/api.w.org\/{rel}","templated":true}]}}