{"id":5923,"date":"2011-08-26T15:53:21","date_gmt":"2011-08-26T15:53:21","guid":{"rendered":"http:\/\/www.tunaespana.com\/wp\/?p=5923"},"modified":"2011-10-23T17:56:53","modified_gmt":"2011-10-23T17:56:53","slug":"pasodoble-te-quiero-acorde-guitarra-letra-tabulado-cancionero-tuna-tablaturas","status":"publish","type":"post","link":"https:\/\/www.tunaespana.es\/?p=5923","title":{"rendered":"Pasodoble te quiero (Acorde guitarra)  (Letra Tabulado) Cancionero Tuna (Tablaturas)"},"content":{"rendered":"<p>&nbsp;<\/p>\n<p><span style=\"font-size: x-large; color: #ff0000;\">Pasodoble te quiero<\/span><\/p>\n<p><span style=\"font-size: medium; color: #00ffff;\">Interpretan: \u00a0\u00a0Manolo Escobar; Juan Legido;\u00a0Orquesta Maravella<\/span><\/p>\n<p><span style=\"font-size: medium; color: #00ff00;\">Tuna Espa\u00f1a (Don Dudo) \u00a0 \u00a0 www.TunaEspana.com \u00a0 \u00a0www.TunaEspa\u00f1a.es<\/span><\/p>\n<p>&nbsp;<\/p>\n<p>&nbsp;<\/p>\n<p><span style=\"font-size: large; color: #cc99ff;\">Introducci\u00f3n: <strong>Si7 Mim Lam Si7 Mim Lam Si7 Mim<\/strong><\/span><\/p>\n<p><span style=\"font-size: large; color: #cc99ff;\"><strong>Mim<\/strong><\/span><\/p>\n<p><span style=\"font-size: large; color: #cc99ff;\"><strong>A)<\/strong>Con una guitarra y un par de palillos<\/span><\/p>\n<p><span style=\"font-size: large; color: #cc99ff;\"><strong>Si7<\/strong><\/span><\/p>\n<p><span style=\"font-size: large; color: #cc99ff;\">naci\u00f3 el pasodoble flamenco y ca\u00f1\u00ed,<\/span><\/p>\n<p><span style=\"font-size: large; color: #cc99ff;\">y dice la historia que fue a su bautizo<\/span><\/p>\n<p><span style=\"font-size: large; color: #cc99ff;\"><strong>Mim<\/strong><\/span><\/p>\n<p><span style=\"font-size: large; color: #cc99ff;\">el sol y la luna y to el Albaic\u00edn.<\/span><\/p>\n<p><span style=\"font-size: large; color: #cc99ff;\"><strong>Re7 SOL<\/strong><\/span><\/p>\n<p><span style=\"font-size: large; color: #cc99ff;\">Su cuna fue Espa\u00f1a, su padre un cristiano,<\/span><\/p>\n<p><span style=\"font-size: large; color: #cc99ff;\"><strong>Re7 SOL<\/strong><\/span><\/p>\n<p><span style=\"font-size: large; color: #cc99ff;\">su madre una reina de raza cal\u00e9,<\/span><\/p>\n<p><span style=\"font-size: large; color: #cc99ff;\"><strong>Si7 Mim<\/strong><\/span><\/p>\n<p><span style=\"font-size: large; color: #cc99ff;\">y dice una bruja que vive en el llano<\/span><\/p>\n<p><span style=\"font-size: large; color: #cc99ff;\"><strong>Lam Si7<\/strong><\/span><\/p>\n<p><span style=\"font-size: large; color: #cc99ff;\">que fue su padrino el mismo Undiv\u00e9.<\/span><\/p>\n<p><span style=\"font-size: large; color: #cc99ff;\"><strong>Mim<\/strong><\/span><\/p>\n<p><span style=\"font-size: large; color: #cc99ff;\">Y por eso el pasodoble es flamenco y espa\u00f1ol,<\/span><\/p>\n<p><span style=\"font-size: large; color: #cc99ff;\"><strong>RE Si7<\/strong><\/span><\/p>\n<p><span style=\"font-size: large; color: #cc99ff;\">y por eso yo lo llevo dentro de mi coraz\u00f3n.<\/span><\/p>\n<p><span style=\"font-size: large; color: #cc99ff;\"><strong>Mim<\/strong><\/span><\/p>\n<p><span style=\"font-size: large; color: #cc99ff;\"><strong>B)<\/strong>Pasodoble te quiero,<\/span><\/p>\n<p><span style=\"font-size: large; color: #cc99ff;\"><strong>Si7<\/strong><\/span><\/p>\n<p><span style=\"font-size: large; color: #cc99ff;\">porque tienes en tu garbo lo mejor del mundo entero.<\/span><\/p>\n<p><span style=\"font-size: large; color: #cc99ff;\">Pasodoble te quiero,<\/span><\/p>\n<p><span style=\"font-size: large; color: #cc99ff;\"><strong>Mim<\/strong><\/span><\/p>\n<p><span style=\"font-size: large; color: #cc99ff;\">porque llevas en tus notas el valor de los toreros.<\/span><\/p>\n<p><span style=\"font-size: large; color: #cc99ff;\">Pasodoble te quiero,<\/span><\/p>\n<p><span style=\"font-size: large; color: #cc99ff;\"><strong>MI Mi7 Lam<\/strong><\/span><\/p>\n<p><span style=\"font-size: large; color: #cc99ff;\">porque estando en tierra extra\u00f1a<\/span><\/p>\n<p><span style=\"font-size: large; color: #cc99ff;\"><strong>Mim Si7<\/strong><\/span><\/p>\n<p><span style=\"font-size: large; color: #cc99ff;\">t\u00fa me traes el recuerdo, t\u00fa me traes el recuerdo<\/span><\/p>\n<p><span style=\"font-size: large; color: #cc99ff;\"><strong>Mim<\/strong><\/span><\/p>\n<p><span style=\"font-size: large; color: #cc99ff;\">de que aquella madre que tengo en Espa\u00f1a.<\/span><\/p>\n<p><span style=\"font-size: large; color: #cc99ff;\"><strong>Si7 Mim Lam Si7 Mim<\/strong><\/span><\/p>\n<p><span style=\"font-size: large; color: #cc99ff;\"><strong>A)<\/strong>En una ma\u00f1ana de mi Andaluc\u00eda<\/span><\/p>\n<p><span style=\"font-size: large; color: #cc99ff;\">mi buen pasodoble se quiso casar<\/span><\/p>\n<p><span style=\"font-size: large; color: #cc99ff;\">con la sevillana, con la buler\u00eda,<\/span><\/p>\n<p><span style=\"font-size: large; color: #cc99ff;\">con la petenera y la sole\u00e1.<\/span><\/p>\n<p><span style=\"font-size: large; color: #cc99ff;\">Las cuatro canciones vestidas de blanco,<\/span><\/p>\n<p><span style=\"font-size: large; color: #cc99ff;\">cantando y bailando se fueron con \u00e9l,<\/span><\/p>\n<p><span style=\"font-size: large; color: #cc99ff;\">y cuando a la luna las cuatro llegaron<\/span><\/p>\n<p><span style=\"font-size: large; color: #cc99ff;\">el rey de las coplas les dio su querer.<\/span><\/p>\n<p><span style=\"font-size: large; color: #cc99ff;\">Y en lo alto de las nubes un palacio edific\u00f3<\/span><\/p>\n<p><span style=\"font-size: large; color: #cc99ff;\">donde vive m\u00e1s alegre que el mismito fara\u00f3n.<\/span><\/p>\n<p><span style=\"font-size: large; color: #cc99ff;\"><strong>B)<\/strong>Pasodoble te quiero&#8230;<\/span><\/p>\n<p><span style=\"font-size: large; color: #cc99ff;\">T\u00fa me traes el recuerdo&#8230;<\/span><\/p>\n<p><span style=\"font-size: large; color: #cc99ff;\"><strong>Si7 Mim<\/strong><\/span><\/p>\n<p>&nbsp;<\/p>\n","protected":false},"excerpt":{"rendered":"<p>&nbsp; Pasodoble te quiero Interpretan: \u00a0\u00a0Manolo Escobar; Juan Legido;\u00a0Orquesta Maravella Tuna Espa\u00f1a (Don Dudo) \u00a0 \u00a0 www.TunaEspana.com \u00a0 \u00a0www.TunaEspa\u00f1a.es &nbsp; &nbsp; Introducci\u00f3n: Si7 Mim Lam Si7 Mim Lam Si7 Mim Mim A)Con una guitarra y un par de palillos Si7 naci\u00f3 el pasodoble flamenco y ca\u00f1\u00ed, y dice la historia que fue a su bautizo [&hellip;]<\/p>\n","protected":false},"author":2,"featured_media":0,"comment_status":"closed","ping_status":"closed","sticky":false,"template":"","format":"standard","meta":[],"categories":[25,304,263],"tags":[],"_links":{"self":[{"href":"https:\/\/www.tunaespana.es\/index.php?rest_route=\/wp\/v2\/posts\/5923"}],"collection":[{"href":"https:\/\/www.tunaespana.es\/index.php?rest_route=\/wp\/v2\/posts"}],"about":[{"href":"https:\/\/www.tunaespana.es\/index.php?rest_route=\/wp\/v2\/types\/post"}],"author":[{"embeddable":true,"href":"https:\/\/www.tunaespana.es\/index.php?rest_route=\/wp\/v2\/users\/2"}],"replies":[{"embeddable":true,"href":"https:\/\/www.tunaespana.es\/index.php?rest_route=%2Fwp%2Fv2%2Fcomments&post=5923"}],"version-history":[{"count":3,"href":"https:\/\/www.tunaespana.es\/index.php?rest_route=\/wp\/v2\/posts\/5923\/revisions"}],"predecessor-version":[{"id":9244,"href":"https:\/\/www.tunaespana.es\/index.php?rest_route=\/wp\/v2\/posts\/5923\/revisions\/9244"}],"wp:attachment":[{"href":"https:\/\/www.tunaespana.es\/index.php?rest_route=%2Fwp%2Fv2%2Fmedia&parent=5923"}],"wp:term":[{"taxonomy":"category","embeddable":true,"href":"https:\/\/www.tunaespana.es\/index.php?rest_route=%2Fwp%2Fv2%2Fcategories&post=5923"},{"taxonomy":"post_tag","embeddable":true,"href":"https:\/\/www.tunaespana.es\/index.php?rest_route=%2Fwp%2Fv2%2Ftags&post=5923"}],"curies":[{"name":"wp","href":"https:\/\/api.w.org\/{rel}","templated":true}]}}