{"id":5936,"date":"2011-08-26T16:09:10","date_gmt":"2011-08-26T16:09:10","guid":{"rendered":"http:\/\/www.tunaespana.com\/wp\/?p=5936"},"modified":"2011-10-24T17:45:23","modified_gmt":"2011-10-24T17:45:23","slug":"soy-borinqueno-acorde-guitarra-letra-tabulado-cancionero-tuna-tablaturas","status":"publish","type":"post","link":"https:\/\/www.tunaespana.es\/?p=5936","title":{"rendered":"Soy Borinque\u00f1o (Acorde guitarra)  (Letra Tabulado) Cancionero Tuna (Tablaturas)"},"content":{"rendered":"<p>&nbsp;<\/p>\n<p><span style=\"font-size: x-large; color: #ff0000;\">Soy Borinque\u00f1o<\/span><\/p>\n<p>&nbsp;<\/p>\n<p><span style=\"color: #00ffff; font-size: medium;\">Interpretan: \u00a0\u00a0TunaEspa\u00f1a<\/span><\/p>\n<p><span style=\"color: #00ff00; font-size: medium;\">Tuna Espa\u00f1a (Don Dudo) \u00a0 \u00a0 www.TunaEspana.com \u00a0 \u00a0www.TunaEspa\u00f1a.es<\/span><\/p>\n<p>&nbsp;<\/p>\n<p><span style=\"font-size: large; color: #cc99ff;\">Introducci\u00f3n: <strong>SOL Re7 Mim Si7 DO SOL Re7 SOL<\/strong><\/span><\/p>\n<p><span style=\"font-size: large; color: #cc99ff;\"><strong>SOL<\/strong><\/span><\/p>\n<p><span style=\"font-size: large; color: #cc99ff;\"><strong>A)<\/strong>Mira que la fiesta ya empez\u00f3,<\/span><\/p>\n<p><span style=\"font-size: large; color: #cc99ff;\"><strong>Mim Lam<\/strong><\/span><\/p>\n<p><span style=\"font-size: large; color: #cc99ff;\">unos invitados y otros no.<\/span><\/p>\n<p><span style=\"font-size: large; color: #cc99ff;\"><strong>Re7 SOL<\/strong><\/span><\/p>\n<p><span style=\"font-size: large; color: #cc99ff;\">Oye esa algarab\u00eda,<\/span><\/p>\n<p><span style=\"font-size: large; color: #cc99ff;\"><strong>Mim Lam<\/strong><\/span><\/p>\n<p><span style=\"font-size: large; color: #cc99ff;\">que la gente no se cansa,<\/span><\/p>\n<p><span style=\"font-size: large; color: #cc99ff;\"><strong>Re7 SOL<\/strong><\/span><\/p>\n<p><span style=\"font-size: large; color: #cc99ff;\">un tipo pidi\u00f3 una danza,<\/span><\/p>\n<p><span style=\"font-size: large; color: #cc99ff;\"><strong>Mim Lam<\/strong><\/span><\/p>\n<p><span style=\"font-size: large; color: #cc99ff;\">una negra un danz\u00f3n<\/span><\/p>\n<p><span style=\"font-size: large; color: #cc99ff;\"><strong>Re7 SOL<\/strong><\/span><\/p>\n<p><span style=\"font-size: large; color: #cc99ff;\">y un abuelo un guaguanc\u00f3.<\/span><\/p>\n<p><span style=\"font-size: large; color: #cc99ff;\"><strong>SOL Re7<\/strong><\/span><\/p>\n<p><span style=\"font-size: large; color: #cc99ff;\"><strong>B)<\/strong>Por eso canta mi pueblo, canta mi gente,<\/span><\/p>\n<p><span style=\"font-size: large; color: #cc99ff;\"><strong>Mim Si7<\/strong><\/span><\/p>\n<p><span style=\"font-size: large; color: #cc99ff;\">canta en enero, canta en diciembre,<\/span><\/p>\n<p><span style=\"font-size: large; color: #cc99ff;\"><strong>DO SOL<\/strong><\/span><\/p>\n<p><span style=\"font-size: large; color: #cc99ff;\">canta mi pueblo, canta mi gente,<\/span><\/p>\n<p><span style=\"font-size: large; color: #cc99ff;\"><strong>Re7 SOL<\/strong><\/span><\/p>\n<p><span style=\"font-size: large; color: #cc99ff;\">soy borinque\u00f1o. (BIS)<\/span><\/p>\n<p><span style=\"font-size: large; color: #cc99ff;\"><strong>C)<\/strong>Si yo no hubiera nacido en la tierra en que nac\u00ed<\/span><\/p>\n<p><span style=\"font-size: large; color: #cc99ff;\">estar\u00eda arrepentido de no haber nacido all\u00ed. (BIS)<\/span><\/p>\n<p><span style=\"font-size: large; color: #cc99ff;\"><strong>B)<\/strong>Por eso canta&#8230;<\/span><\/p>\n<p>&nbsp;<\/p>\n","protected":false},"excerpt":{"rendered":"<p>&nbsp; Soy Borinque\u00f1o &nbsp; Interpretan: \u00a0\u00a0TunaEspa\u00f1a Tuna Espa\u00f1a (Don Dudo) \u00a0 \u00a0 www.TunaEspana.com \u00a0 \u00a0www.TunaEspa\u00f1a.es &nbsp; Introducci\u00f3n: SOL Re7 Mim Si7 DO SOL Re7 SOL SOL A)Mira que la fiesta ya empez\u00f3, Mim Lam unos invitados y otros no. Re7 SOL Oye esa algarab\u00eda, Mim Lam que la gente no se cansa, Re7 SOL un [&hellip;]<\/p>\n","protected":false},"author":2,"featured_media":0,"comment_status":"closed","ping_status":"closed","sticky":false,"template":"","format":"standard","meta":[],"categories":[22,263],"tags":[],"_links":{"self":[{"href":"https:\/\/www.tunaespana.es\/index.php?rest_route=\/wp\/v2\/posts\/5936"}],"collection":[{"href":"https:\/\/www.tunaespana.es\/index.php?rest_route=\/wp\/v2\/posts"}],"about":[{"href":"https:\/\/www.tunaespana.es\/index.php?rest_route=\/wp\/v2\/types\/post"}],"author":[{"embeddable":true,"href":"https:\/\/www.tunaespana.es\/index.php?rest_route=\/wp\/v2\/users\/2"}],"replies":[{"embeddable":true,"href":"https:\/\/www.tunaespana.es\/index.php?rest_route=%2Fwp%2Fv2%2Fcomments&post=5936"}],"version-history":[{"count":2,"href":"https:\/\/www.tunaespana.es\/index.php?rest_route=\/wp\/v2\/posts\/5936\/revisions"}],"predecessor-version":[{"id":9496,"href":"https:\/\/www.tunaespana.es\/index.php?rest_route=\/wp\/v2\/posts\/5936\/revisions\/9496"}],"wp:attachment":[{"href":"https:\/\/www.tunaespana.es\/index.php?rest_route=%2Fwp%2Fv2%2Fmedia&parent=5936"}],"wp:term":[{"taxonomy":"category","embeddable":true,"href":"https:\/\/www.tunaespana.es\/index.php?rest_route=%2Fwp%2Fv2%2Fcategories&post=5936"},{"taxonomy":"post_tag","embeddable":true,"href":"https:\/\/www.tunaespana.es\/index.php?rest_route=%2Fwp%2Fv2%2Ftags&post=5936"}],"curies":[{"name":"wp","href":"https:\/\/api.w.org\/{rel}","templated":true}]}}