{"id":6056,"date":"2011-08-28T09:07:04","date_gmt":"2011-08-28T09:07:04","guid":{"rendered":"http:\/\/www.tunaespana.com\/wp\/?p=6056"},"modified":"2023-08-19T22:20:44","modified_gmt":"2023-08-19T20:20:44","slug":"carpas-de-salta-acorde-guitarra-letra-tabulado-cancionero-tuna-tablaturas","status":"publish","type":"post","link":"https:\/\/www.tunaespana.es\/?p=6056","title":{"rendered":"Carpas de salta,Acorde Guitarra, Letra Tabladura, Cancionero Tuna,Folclore Argentino"},"content":{"rendered":"<p>&nbsp;<\/p>\n<p style=\"text-align: center;\"><span style=\"font-size: 24pt;\"><strong><span style=\"color: #ff0000;\">Carpas de salta<\/span><\/strong><\/span><\/p>\n<p style=\"text-align: center;\"><strong><span style=\"color: #ff0000; font-size: x-large;\">\u00a0<\/span><\/strong><\/p>\n<p style=\"text-align: center;\"><span style=\"font-size: medium; color: #ffff00;\">Letra y M\u00fasica: <span style=\"color: #ffff00;\"><span style=\"font-family: Georgia,Times New Roman,Bitstream Charter,Times,serif;\"><span style=\"font-size: medium;\">Juan Jos\u00e9 Sol\u00e1\u00a0 (Payito Sol\u00e1)\u00a0<\/span><\/span><\/span><\/span><\/p>\n<p style=\"text-align: center;\"><span style=\"font-size: medium; color: #00ffff;\">Interpretan: \u00a0 Los Cantores del Alba,\u00a0,\u00a0Los Chalchaleros con Dino Saluzzi , Hugo Diaz,\u00a0Hernan Figueroa Reyes, los fronterizos, Los Nocheros<\/span><\/p>\n<p style=\"text-align: center;\"><span style=\"font-size: medium; color: #00ff00;\">Tuna Espa\u00f1a (Don Dudo) \u00a0 \u00a0 www.TunaEspana.com \u00a0 \u00a0www.TunaEspa\u00f1a.es<\/span><\/p>\n<p style=\"text-align: center;\"><span style=\"font-size: medium; color: #ffcc00;\">Folclore\u00a0 Argentino<\/span><\/p>\n<p style=\"text-align: center;\"><span style=\"font-size: medium; color: #ff00ff;\">Ritmo: Zamba<\/span><\/p>\n<p style=\"text-align: center;\">\n<p style=\"text-align: center;\"><span style=\"color: #cc99ff;\">Esta fue compuesta, en letra y m\u00fasica por <span style=\"color: #ffcc99;\">Juan Jos\u00e9 \u00abEl Payito\u00bb Sol\u00e1<\/span>, hijo del celebre m\u00fasico y compositor <span style=\"color: #ff00ff;\">Gustavo Adolfo \u00abPayo\u00bb Sol\u00e1.<\/span> La pieza est\u00e1 dedicada, seg\u00fan su autor, a su padre.<\/span><\/p>\n<p style=\"text-align: center;\"><span style=\"color: #cc99ff;\">Existe a menudo una confusi\u00f3n por la cual se le atribuye incorrectamente al Payo Sola padre la composici\u00f3n de la zamba. Sin duda la similitud de los apodos abon\u00f3 este malentendido.<\/span><\/p>\n<p align=\"CENTER\"><span style=\"color: #ffff00;\"><span style=\"font-family: Georgia,Times New Roman,Bitstream Charter,Times,serif;\"><span style=\"font-size: medium;\">Autor:\u00a0 \u00a0Juan Jos\u00e9 Sol\u00e1\u00a0 (Payito Sol\u00e1)\u00a0<\/span><\/span><\/span><\/p>\n<p><span style=\"font-size: 10pt; color: #ffcc99;\"><strong><span style=\"color: #00ff00;\">HISTORIA<\/span> <span style=\"color: #00ff00;\">DE LA ZAMBA CARPERA<\/span><\/strong><span style=\"color: #00ff00;\"> \u201cCARPAS DE SALTA\u201d<\/span>(<span style=\"color: #00ff00;\"><strong>enviada por su\u00a0 autor y compositor, Juan Jos\u00e9 Sol\u00e1\u00a0 (Payito Sol\u00e1), 12 Diciembre 2014:<\/strong><\/span><br \/>\n<\/span><\/p>\n<p><span style=\"font-size: 8pt;\"><span style=\"color: #ffcc99;\">\u00abLa compuse en el a\u00f1o 1961 en Remedios de Escalada en la calle Azopardo 327 partido de Lan\u00fas\u00a0 un s\u00e1bado al mediod\u00eda saqu\u00e9 la guitarra y me puse a tocar y surgi\u00f3 el tema de la zamba, a mi sra. Terucha le gust\u00f3, mi padre viv\u00eda a 3 cuadras y me fu\u00ed con la guitarra y se la hice escuchar enseguida sac\u00f3 el bandone\u00f3n la toc\u00f3, le gust\u00f3 mucho, entonces pens\u00e9 en ponerle el titulo Zamba para mi Tata, me fu\u00ed a Sadaic y solicit\u00e9 el t\u00edtulo, me fue rechazado porque ya estaba pedido por los hermanos Vallejos de Salta que le hab\u00edan dedicado a su padre, entonces pens\u00e9 \u00bf Que t\u00edtulo le pongo? y ped\u00ed el de Carpa Salte\u00f1a, recordando los carnavales en las carpas y en los corsos que pas\u00e9 en Salta, me fue aprobado, mi padre la empez\u00f3 a tocar y en una reuni\u00f3n se la hizo escuchar a Polo Gimenez, Atuto Mercau Soria y Carmen Guzm\u00e1n les gust\u00f3 mucho, como mi padre hab\u00eda tocado en las Carpas, le pregunt\u00e9 qu\u00e9 carpas hab\u00eda en ese tiempo que el tocaba y me nombr\u00f3 Carpas de la Silleta Campo Quijano y La Merced entre otras y lo puse en el estribillo de la zamba, ten\u00eda un alumno de guitarra que viv\u00eda en una casa con fondo donde su padre ten\u00eda una quinta y al final hab\u00eda un galp\u00f3n donde le daba las clases, caminando por la senda recojo unas ramas de albahaca y le digo a mi alumno \u201cramas de albahaca verde olor a carnaval\u201d, que frase para ponerla en una zamba, me qued\u00f3 en la memoria y as\u00ed fu\u00ed completando la letra. Mi padre no lleg\u00f3 a grabarla porque enferm\u00f3 y falleci\u00f3 al a\u00f1o siguiente 1962, siguiendo la herencia musical , con mi hermana Mar\u00eda Cristina, mi sra. Terucha, ( Mar\u00eda Teresa ) Osvaldo Alfaro y Alejandro Rossi formamos el conjunto los Hijos del Payo Sol\u00e1, Grabamos en el sello H y R Maluf y fue la primera grabaci\u00f3n de la zamba dimos una prueba en Canal 9, estaba el conjunto Los Huanca hua, cantamos esta zamba, Hern\u00e1n Figueroa Reyes que integraba Los Huanca hua me dice qu\u00e9 hermosa zamba y de quien es, le dije m\u00eda , te la voy a grabar, y al a\u00f1o siguiente en el festival de Cosqu\u00edn al bajar del escenario me dijo que la hab\u00eda grabado, fue la segunda grabaci\u00f3n, despu\u00e9s llega esta zamba a Los Cantores del Alba, por intermedio de la de la hermana de mi sra.que era maestra y compa\u00f1era de la sra. de Horacio Aguirre le paso la grabaci\u00f3n nuestra y se la llevo a Horacio integrante de los Cantores del Alba, les gust\u00f3, la grabaron como Carpas de Salta, fue un gran \u00e9xito. Sadaic me cita para registrar el nuevo t\u00edtulo, a partir de esa fecha tiene dos t\u00edtulos, fue la tercera grabaci\u00f3n, despu\u00e9s la graban Los Chalchaleros con Dino Saluzzi, Hugo D\u00edaz, Los de Salta, los Indios Tacunao, Zamba Quipildor, El Chaque\u00f1o Palavecino, Soledad,Los Nocheros, Los de Salta, Payita Sol\u00e1, que la graba en Francia, Terucha y Payito Sol\u00e1, Coquena, Luis Salinas, Cesar Isella con Soledad, Carlos Aban, Los Peregrinos, Los Puesteros de Yatasto, Vale Cuatro, y muchos m\u00e1s. Seg\u00fan los registros de Sadaic se vendieron m\u00e1s de un mill\u00f3n de placas entre Cassettes, CD, DVD. Desde el a\u00f1o 1965 nunca se dejo de cantar en los festivales del pa\u00eds sobre todo en el Festival de Cosqu\u00edn. Paises donde se difundi\u00f3 la zamba : Alemania, Espa\u00f1a, Inglaterra, Francia, Paraguay,Suecia, Suiza, Uruguay, Jap\u00f3n, EEUU, Portugal, Chile, Colombia, Sudafrica, Paises Bajos, Bolivia, Italia,\u00a0 Brasil, Per\u00fa, Israel. Zamba dedicada a mi padre Payo Sol\u00e1.\u00bb<\/span><\/span><\/p>\n<p>&nbsp;<\/p>\n<p align=\"CENTER\"><span style=\"color: #0000ff;\"><span style=\"font-family: Georgia,Times New Roman,Bitstream Charter,Times,serif;\"><span style=\"font-size: small;\">[Tube]https:\/\/www.youtube.com\/watch?v=gkldQgzNl9c[\/Tube]<\/span><\/span><\/span><\/p>\n<pre><span style=\"font-size: small; color: #cc99ff;\"> Punteo 1:<\/span>\r\n<span style=\"font-size: small; color: #cc99ff;\">     Am               C                E7            Am<\/span>\r\n<span style=\"font-size: small; color: #cc99ff;\">e -8--8---7--5-------------------5----------------------<\/span>\r\n<span style=\"font-size: small; color: #cc99ff;\">B --------------8--7--5----7--8-----8--5--------------5-<\/span>\r\n<span style=\"font-size: small; color: #cc99ff;\">G ----------------------------------------7--6--7--7----<\/span>\r\n \r\n<span style=\"font-size: small; color: #cc99ff;\">     Am               C                E7            Am (E7) Am<\/span>\r\n<span style=\"font-size: small; color: #cc99ff;\">e 88-88-8-7--5-------------------5-------------4---7--5-<\/span>\r\n<span style=\"font-size: small; color: #cc99ff;\">B --------------8--7--5----7--8-----8--5---5-7---------<\/span>\r\n<span style=\"font-size: small; color: #cc99ff;\">G -----------------------------------------------------<\/span>\r\n \r\n<span style=\"font-size: small; color: #cc99ff;\">o bien Punteo 2:<\/span>\r\n<span style=\"font-size: small; color: #cc99ff;\">     Am               C                E7            Am<\/span>\r\n<span style=\"font-size: small; color: #cc99ff;\">e ---5-5-4--5------7--8-8-7--8--------10--8-7--10---8-8-7-5<\/span>\r\n<span style=\"font-size: small; color: #cc99ff;\">B ---------------------------------------------------------<\/span>\r\n<span style=\"font-size: small; color: #cc99ff;\">B ---------------------------------------------------------<\/span>\r\n \r\n<span style=\"font-size: small; color: #cc99ff;\">     Am               C                E7            Am (E7) Am<\/span>\r\n<span style=\"font-size: small; color: #cc99ff;\">e ---5-5-4--5------7--8-8-7--8--------10--8-7--8-7--5------<\/span>\r\n<span style=\"font-size: small; color: #cc99ff;\">B ---------------------------------------------------------<\/span>\r\n<span style=\"font-size: small; color: #cc99ff;\">B ---------------------------------------------------------<\/span>\r\n \r\n \r\n<span style=\"font-size: small; color: #cc99ff;\">Am       A7   F (F) (F#)<\/span>\r\n<span style=\"font-size: small; color: #cc99ff;\">Carpas de Salta<\/span>\r\n<span style=\"font-size: small; color: #cc99ff;\"> G7                C<\/span>\r\n<span style=\"font-size: small; color: #cc99ff;\">las vuelvo a recordar     <\/span>\r\n<span style=\"font-size: small; color: #cc99ff;\">Am   (G)     (F) E7        \u00a6<\/span>\r\n<span style=\"font-size: small; color: #cc99ff;\">bandone\u00f3n y guitarra       \u00a6<\/span>\r\n<span style=\"font-size: small; color: #cc99ff;\">                An         \u00a6  BIS<\/span>\r\n<span style=\"font-size: small; color: #cc99ff;\">zambas para bailar.        \u00a6<\/span>\r\n                      \r\n \r\n<span style=\"font-size: small; color: #cc99ff;\">Chicha y aloja<\/span>\r\n<span style=\"font-size: small; color: #cc99ff;\">vinito pa' tomar         <\/span>\r\n<span style=\"font-size: small; color: #cc99ff;\">ramas de albahaca verde    <\/span>\r\n<span style=\"font-size: small; color: #cc99ff;\">olor a carnaval.           <\/span>\r\n                           \r\n \r\n<span style=\"font-size: small; color: #cc99ff;\"> G7              C<\/span>\r\n<span style=\"font-size: small; color: #cc99ff;\">Carpas de La Silleta<\/span>\r\n<span style=\"font-size: small; color: #cc99ff;\">         G7            C   (E7)<\/span>\r\n<span style=\"font-size: small; color: #cc99ff;\">Campo Quijano y La Merced  <\/span>\r\n<span style=\"font-size: small; color: #cc99ff;\"> Am    (G)    (F) E7        \u00a6<\/span>\r\n<span style=\"font-size: small; color: #cc99ff;\">toda salta de fiesta        \u00a6<\/span>\r\n<span style=\"font-size: small; color: #cc99ff;\">                 Am         \u00a6 BIS<\/span>\r\n<span style=\"font-size: small; color: #cc99ff;\">quien pudiera volver.       \u00a6<\/span>\r\n                           \r\n  \r\n \r\n<span style=\"font-size: small; color: #cc99ff;\">Agua florida<\/span>\r\n<span style=\"font-size: small; color: #cc99ff;\">harina pa' jugar       <\/span>\r\n<span style=\"font-size: small; color: #cc99ff;\">canastillas de flores  <\/span>\r\n<span style=\"font-size: small; color: #cc99ff;\">todo pa'l carnaval.    <\/span>\r\n                       \r\n \r\n<span style=\"font-size: small; color: #cc99ff;\">Ellas alegres<\/span>\r\n<span style=\"font-size: small; color: #cc99ff;\">airosas al bailar      <\/span>\r\n<span style=\"font-size: small; color: #cc99ff;\">ellos se hacen hilacha <\/span>\r\n<span style=\"font-size: small; color: #cc99ff;\">de tanto zapatear.     <\/span>\r\n                        \r\n \r\n<span style=\"font-size: small; color: #cc99ff;\">Carpas de La Silleta...<\/span>\r\n<\/pre>\n<p><a href=\"http:\/\/www.tunaespana.es\/wp-content\/uploads\/2013\/12\/TunaEspa\u00f1a-Imposicion-Beca-Cancionero-Tuna-Musica-de-tuna-Universidad-Canciones-de-Tuna.jpg\"><img decoding=\"async\" loading=\"lazy\" class=\"aligncenter size-full wp-image-28188\" src=\"http:\/\/www.tunaespana.es\/wp-content\/uploads\/2013\/12\/TunaEspa\u00f1a-Imposicion-Beca-Cancionero-Tuna-Musica-de-tuna-Universidad-Canciones-de-Tuna.jpg\" alt=\"TunaEspa\u00f1a-Imposicion-Beca-Cancionero-Tuna-Musica-de-tuna-Universidad-Canciones-de-Tuna\" width=\"461\" height=\"359\" srcset=\"https:\/\/www.tunaespana.es\/wp-content\/uploads\/2013\/12\/TunaEspa\u00f1a-Imposicion-Beca-Cancionero-Tuna-Musica-de-tuna-Universidad-Canciones-de-Tuna.jpg 461w, https:\/\/www.tunaespana.es\/wp-content\/uploads\/2013\/12\/TunaEspa\u00f1a-Imposicion-Beca-Cancionero-Tuna-Musica-de-tuna-Universidad-Canciones-de-Tuna-300x233.jpg 300w\" sizes=\"(max-width: 461px) 100vw, 461px\" \/><\/a><\/p>\n","protected":false},"excerpt":{"rendered":"<p>&nbsp; Carpas de salta \u00a0 Letra y M\u00fasica: Juan Jos\u00e9 Sol\u00e1\u00a0 (Payito Sol\u00e1)\u00a0 Interpretan: \u00a0 Los Cantores del Alba,\u00a0,\u00a0Los Chalchaleros con Dino Saluzzi , Hugo Diaz,\u00a0Hernan Figueroa Reyes, los fronterizos, Los Nocheros Tuna Espa\u00f1a (Don Dudo) \u00a0 \u00a0 www.TunaEspana.com \u00a0 \u00a0www.TunaEspa\u00f1a.es Folclore\u00a0 Argentino Ritmo: Zamba Esta fue compuesta, en letra y m\u00fasica por Juan Jos\u00e9 [&hellip;]<\/p>\n","protected":false},"author":2,"featured_media":0,"comment_status":"closed","ping_status":"closed","sticky":false,"template":"","format":"standard","meta":[],"categories":[39,709,263],"tags":[856,847,861,855,1016,848,1015,739,728,852,846,1014,853,800,1036,1037,857,4872,1035,4679,851,849,860,850,862,864,863,737,983,738,978,723,858,854,859,747,748,745,746,4694],"_links":{"self":[{"href":"https:\/\/www.tunaespana.es\/index.php?rest_route=\/wp\/v2\/posts\/6056"}],"collection":[{"href":"https:\/\/www.tunaespana.es\/index.php?rest_route=\/wp\/v2\/posts"}],"about":[{"href":"https:\/\/www.tunaespana.es\/index.php?rest_route=\/wp\/v2\/types\/post"}],"author":[{"embeddable":true,"href":"https:\/\/www.tunaespana.es\/index.php?rest_route=\/wp\/v2\/users\/2"}],"replies":[{"embeddable":true,"href":"https:\/\/www.tunaespana.es\/index.php?rest_route=%2Fwp%2Fv2%2Fcomments&post=6056"}],"version-history":[{"count":16,"href":"https:\/\/www.tunaespana.es\/index.php?rest_route=\/wp\/v2\/posts\/6056\/revisions"}],"predecessor-version":[{"id":38212,"href":"https:\/\/www.tunaespana.es\/index.php?rest_route=\/wp\/v2\/posts\/6056\/revisions\/38212"}],"wp:attachment":[{"href":"https:\/\/www.tunaespana.es\/index.php?rest_route=%2Fwp%2Fv2%2Fmedia&parent=6056"}],"wp:term":[{"taxonomy":"category","embeddable":true,"href":"https:\/\/www.tunaespana.es\/index.php?rest_route=%2Fwp%2Fv2%2Fcategories&post=6056"},{"taxonomy":"post_tag","embeddable":true,"href":"https:\/\/www.tunaespana.es\/index.php?rest_route=%2Fwp%2Fv2%2Ftags&post=6056"}],"curies":[{"name":"wp","href":"https:\/\/api.w.org\/{rel}","templated":true}]}}