{"id":6103,"date":"2011-08-28T18:10:02","date_gmt":"2011-08-28T18:10:02","guid":{"rendered":"http:\/\/www.tunaespana.com\/wp\/?p=6103"},"modified":"2011-10-17T16:10:40","modified_gmt":"2011-10-17T16:10:40","slug":"de-alberdi-acorde-guitarra-letra-tabulado-cancionero-tuna-tablaturas","status":"publish","type":"post","link":"https:\/\/www.tunaespana.es\/?p=6103","title":{"rendered":"De Alberdi (Acorde guitarra) (Letra Tabulado) Cancionero Tuna (Folclore Argentino)"},"content":{"rendered":"<p>&nbsp;<\/p>\n<p><span style=\"color: #ff0000; font-size: x-large;\">De Alberdi<\/span><\/p>\n<p><span style=\"font-size: medium; color: #ffff00;\">Letra y M\u00fasica: \u00abChango\u00bb Rodriguez<\/span><\/p>\n<p><span style=\"font-size: medium; color: #00ffff;\">Interpretan:\u00a0\u00a0 Los de Suquia;\u00a0Horacio Guarany;\u00a0Los Cuatro De Cordoba<\/span><\/p>\n<p><span style=\"font-size: medium; color: #00ff00;\">Tuna Espa\u00f1a (Don Dudo) \u00a0 \u00a0 www.TunaEspana.com \u00a0 \u00a0www.TunaEspa\u00f1a.es<\/span><\/p>\n<p><span style=\"font-size: medium; color: #ffcc00;\">Folclore\u00a0 Argentino<\/span><\/p>\n<p>&nbsp;<\/p>\n<p>&nbsp;<\/p>\n<p>&nbsp;<\/p>\n<p><span style=\"font-size: large; color: #cc99ff;\">la\u00a0\u00a0\u00a0\u00a0\u00a0\u00a0\u00a0\u00a0\u00a0\u00a0\u00a0 SOL<\/span><\/p>\n<p><span style=\"font-size: large; color: #cc99ff;\">Canto una serenata<\/span><\/p>\n<p><span style=\"font-size: large; color: #cc99ff;\">FA\u00a0\u00a0\u00a0\u00a0\u00a0\u00a0\u00a0\u00a0\u00a0\u00a0\u00a0\u00a0\u00a0\u00a0 MI7<\/span><\/p>\n<p><span style=\"font-size: large; color: #cc99ff;\">a orillas del r\u00edo se escucha mi voz<\/span><\/p>\n<p><span style=\"font-size: large; color: #cc99ff;\">la<\/span><\/p>\n<p><span style=\"font-size: large; color: #cc99ff;\">rumores de gracia poblaron la casa<\/span><\/p>\n<p><span style=\"font-size: large; color: #cc99ff;\">MI7<\/span><\/p>\n<p><span style=\"font-size: large; color: #cc99ff;\">se prende y se apaga la luz de un<\/span><\/p>\n<p><span style=\"font-size: large; color: #cc99ff;\">la\u00a0\u00a0\u00a0\u00a0\u00a0  LA7<\/span><\/p>\n<p><span style=\"font-size: large; color: #cc99ff;\">balc\u00f3n<\/span><\/p>\n<p><span style=\"font-size: large; color: #cc99ff;\">re\u00a0\u00a0\u00a0\u00a0\u00a0\u00a0\u00a0\u00a0\u00a0\u00a0\u00a0\u00a0\u00a0\u00a0\u00a0 la<\/span><\/p>\n<p><span style=\"font-size: large; color: #cc99ff;\">rumores de gracia poblaron la casa<\/span><\/p>\n<p><span style=\"font-size: large; color: #cc99ff;\">MI7<\/span><\/p>\n<p><span style=\"font-size: large; color: #cc99ff;\">se prende y se apaga la luz de un<\/span><\/p>\n<p><span style=\"font-size: large; color: #cc99ff;\">la<\/span><\/p>\n<p><span style=\"font-size: large; color: #cc99ff;\">balc\u00f3n.<\/span><\/p>\n<p>&nbsp;<\/p>\n<p>&nbsp;<\/p>\n<p><span style=\"font-size: large; color: #cc99ff;\">Dicha que tuve en Alberdi<\/span><\/p>\n<p><span style=\"font-size: large; color: #cc99ff;\">mi primera cita en la plaza Col\u00f3n<\/span><\/p>\n<p><span style=\"font-size: large; color: #cc99ff;\">como aquella luna que vino del baile<\/span><\/p>\n<p><span style=\"font-size: large; color: #cc99ff;\">su escal\u00f3n de seda dej\u00f3 en su balc\u00f3n.<\/span><\/p>\n<p>&nbsp;<\/p>\n<p>&nbsp;<\/p>\n<p><span style=\"font-size: large; color: #cc99ff;\">FA7\u00a0 FA#7 SOL7\u00a0\u00a0\u00a0\u00a0\u00a0\u00a0\u00a0\u00a0\u00a0\u00a0\u00a0\u00a0\u00a0 DO<\/span><\/p>\n<p><span style=\"font-size: large; color: #cc99ff;\">Lunita de Alberdi esconde tu cara<\/span><\/p>\n<p><span style=\"font-size: large; color: #cc99ff;\">MI7\u00a0\u00a0\u00a0\u00a0\u00a0\u00a0\u00a0\u00a0\u00a0\u00a0\u00a0\u00a0\u00a0 la\u00a0 LA7<\/span><\/p>\n<p><span style=\"font-size: large; color: #cc99ff;\">con tu guardapolvo de fino doctor<\/span><\/p>\n<p><span style=\"font-size: large; color: #cc99ff;\">re\u00a0\u00a0\u00a0\u00a0\u00a0\u00a0\u00a0\u00a0\u00a0\u00a0\u00a0\u00a0\u00a0\u00a0 la<\/span><\/p>\n<p><span style=\"font-size: large; color: #cc99ff;\">si una noche alegre con mi serenata<\/span><\/p>\n<p><span style=\"font-size: large; color: #cc99ff;\">MI7<\/span><\/p>\n<p><span style=\"font-size: large; color: #cc99ff;\">se prende y se apaga la luz de un<\/span><\/p>\n<p><span style=\"font-size: large; color: #cc99ff;\">la\u00a0\u00a0 (LA7)<\/span><\/p>\n<p><span style=\"font-size: large; color: #cc99ff;\">balc\u00f3n.<\/span><\/p>\n<p>&nbsp;<\/p>\n<p>&nbsp;<\/p>\n<p>&nbsp;<\/p>\n<p><span style=\"font-size: large; color: #cc99ff;\">Sue\u00f1a con tus quince abriles<\/span><\/p>\n<p><span style=\"font-size: large; color: #cc99ff;\">muchachita rubia tu pollera azul<\/span><\/p>\n<p><span style=\"font-size: large; color: #cc99ff;\">como una glicina, ibas por el Cl\u00ednica<\/span><\/p>\n<p><span style=\"font-size: large; color: #cc99ff;\">perfumando el aire con tu juventud.<\/span><\/p>\n<p>&nbsp;<\/p>\n<p><span style=\"font-size: large; color: #cc99ff;\">Cuando miro la Barranca,<\/span><\/p>\n<p><span style=\"font-size: large; color: #cc99ff;\">la Quinta Santa Ana, mi calle Chubut<\/span><\/p>\n<p><span style=\"font-size: large; color: #cc99ff;\">siento una guitarra, una serenata,<\/span><\/p>\n<p><span style=\"font-size: large; color: #cc99ff;\">me acuerdo de C\u00f3rdoba que me di\u00f3 la luz.<\/span><\/p>\n<p>&nbsp;<\/p>\n<p><span style=\"font-size: large; color: #cc99ff;\">Lunita de Alberdi &#8230;<\/span><\/p>\n<p>&nbsp;<\/p>\n","protected":false},"excerpt":{"rendered":"<p>&nbsp; De Alberdi Letra y M\u00fasica: \u00abChango\u00bb Rodriguez Interpretan:\u00a0\u00a0 Los de Suquia;\u00a0Horacio Guarany;\u00a0Los Cuatro De Cordoba Tuna Espa\u00f1a (Don Dudo) \u00a0 \u00a0 www.TunaEspana.com \u00a0 \u00a0www.TunaEspa\u00f1a.es Folclore\u00a0 Argentino &nbsp; &nbsp; &nbsp; la\u00a0\u00a0\u00a0\u00a0\u00a0\u00a0\u00a0\u00a0\u00a0\u00a0\u00a0 SOL Canto una serenata FA\u00a0\u00a0\u00a0\u00a0\u00a0\u00a0\u00a0\u00a0\u00a0\u00a0\u00a0\u00a0\u00a0\u00a0 MI7 a orillas del r\u00edo se escucha mi voz la rumores de gracia poblaron la casa MI7 se prende [&hellip;]<\/p>\n","protected":false},"author":2,"featured_media":0,"comment_status":"closed","ping_status":"closed","sticky":false,"template":"","format":"standard","meta":[],"categories":[38,709,263],"tags":[],"_links":{"self":[{"href":"https:\/\/www.tunaespana.es\/index.php?rest_route=\/wp\/v2\/posts\/6103"}],"collection":[{"href":"https:\/\/www.tunaespana.es\/index.php?rest_route=\/wp\/v2\/posts"}],"about":[{"href":"https:\/\/www.tunaespana.es\/index.php?rest_route=\/wp\/v2\/types\/post"}],"author":[{"embeddable":true,"href":"https:\/\/www.tunaespana.es\/index.php?rest_route=\/wp\/v2\/users\/2"}],"replies":[{"embeddable":true,"href":"https:\/\/www.tunaespana.es\/index.php?rest_route=%2Fwp%2Fv2%2Fcomments&post=6103"}],"version-history":[{"count":3,"href":"https:\/\/www.tunaespana.es\/index.php?rest_route=\/wp\/v2\/posts\/6103\/revisions"}],"predecessor-version":[{"id":8399,"href":"https:\/\/www.tunaespana.es\/index.php?rest_route=\/wp\/v2\/posts\/6103\/revisions\/8399"}],"wp:attachment":[{"href":"https:\/\/www.tunaespana.es\/index.php?rest_route=%2Fwp%2Fv2%2Fmedia&parent=6103"}],"wp:term":[{"taxonomy":"category","embeddable":true,"href":"https:\/\/www.tunaespana.es\/index.php?rest_route=%2Fwp%2Fv2%2Fcategories&post=6103"},{"taxonomy":"post_tag","embeddable":true,"href":"https:\/\/www.tunaespana.es\/index.php?rest_route=%2Fwp%2Fv2%2Ftags&post=6103"}],"curies":[{"name":"wp","href":"https:\/\/api.w.org\/{rel}","templated":true}]}}