{"id":6117,"date":"2011-08-28T18:28:17","date_gmt":"2011-08-28T18:28:17","guid":{"rendered":"http:\/\/www.tunaespana.com\/wp\/?p=6117"},"modified":"2011-10-17T16:14:06","modified_gmt":"2011-10-17T16:14:06","slug":"de-mi-corazon-al-sur-acorde-guitarra-letra-tabulado-cancionero-tuna-tablaturas","status":"publish","type":"post","link":"https:\/\/www.tunaespana.es\/?p=6117","title":{"rendered":"De mi corazon al sur (Acorde guitarra) (Acorde guitarra) Cancionero Tuna (Folclore Argentino)"},"content":{"rendered":"<p>&nbsp;<\/p>\n<p><span style=\"font-size: x-large; color: #ff0000;\">De mi corazon al sur<\/span><\/p>\n<p><span style=\"color: #ffff00; font-size: medium;\">Letra y M\u00fasica: Raly Barrionuevo<\/span><\/p>\n<p><span style=\"color: #00ffff; font-size: medium;\">Interpretan:\u00a0\u00a0 TunaEspa\u00f1a<\/span><\/p>\n<p><span style=\"color: #00ff00; font-size: medium;\">Tuna Espa\u00f1a (Don Dudo) \u00a0 \u00a0 www.TunaEspana.com \u00a0 \u00a0www.TunaEspa\u00f1a.es<\/span><\/p>\n<p><span style=\"color: #ffcc00; font-size: medium;\">Folclore\u00a0 Argentino<\/span><\/p>\n<p>&nbsp;<\/p>\n<p>&nbsp;<\/p>\n<p><span style=\"font-size: large; color: #cc99ff;\">LA\u00a0\u00a0\u00a0\u00a0\u00a0\u00a0\u00a0\u00a0\u00a0\u00a0 do#<\/span><\/p>\n<p><span style=\"font-size: large; color: #cc99ff;\">De mi coraz\u00f3n al sur<\/span><\/p>\n<p><span style=\"font-size: large; color: #cc99ff;\">RE\u00a0\u00a0\u00a0\u00a0\u00a0\u00a0\u00a0\u00a0\u00a0\u00a0 LA<\/span><\/p>\n<p><span style=\"font-size: large; color: #cc99ff;\">un d\u00eda te encontr\u00e9<\/span><\/p>\n<p><span style=\"font-size: large; color: #cc99ff;\">RE\u00a0\u00a0\u00a0\u00a0\u00a0\u00a0\u00a0\u00a0\u00a0\u00a0\u00a0\u00a0\u00a0\u00a0 LA<\/span><\/p>\n<p><span style=\"font-size: large; color: #cc99ff;\">era yo un clavel del aire<\/span><\/p>\n<p><span style=\"font-size: large; color: #cc99ff;\">si7\u00a0\u00a0\u00a0\u00a0\u00a0\u00a0 MI7\u00a0\u00a0\u00a0\u00a0 LA<\/span><\/p>\n<p><span style=\"font-size: large; color: #cc99ff;\">en tus ramas me cobij\u00e9.<\/span><\/p>\n<p>&nbsp;<\/p>\n<p><span style=\"font-size: large; color: #cc99ff;\">Testigo de nuestro amor<\/span><\/p>\n<p><span style=\"font-size: large; color: #cc99ff;\">el ego me vi\u00f3 marchar<\/span><\/p>\n<p><span style=\"font-size: large; color: #cc99ff;\">junto a Dios qued\u00f3 una promesa<\/span><\/p>\n<p><span style=\"font-size: large; color: #cc99ff;\">un d\u00eda te voy a encontrar.<\/span><\/p>\n<p>&nbsp;<\/p>\n<p><span style=\"font-size: large; color: #cc99ff;\">Un d\u00eda te voy a encontrar<\/span><\/p>\n<p><span style=\"font-size: large; color: #cc99ff;\">con tu risa angelical<\/span><\/p>\n<p><span style=\"font-size: large; color: #cc99ff;\">tus bellos ojos de cielo<\/span><\/p>\n<p><span style=\"font-size: large; color: #cc99ff;\">tus manos de miel y pan.<\/span><\/p>\n<p>&nbsp;<\/p>\n<p>&nbsp;<\/p>\n<p><span style=\"font-size: large; color: #cc99ff;\">S\u00e9 que un d\u00eda volver\u00e9<\/span><\/p>\n<p><span style=\"font-size: large; color: #cc99ff;\">a tus brazos otra vez<\/span><\/p>\n<p><span style=\"font-size: large; color: #cc99ff;\">cantando \u00e9sta chacarera<\/span><\/p>\n<p><span style=\"font-size: large; color: #cc99ff;\">siempre te recordar\u00e9.<\/span><\/p>\n<p>&nbsp;<\/p>\n<p>&nbsp;<\/p>\n<p><span style=\"font-size: large; color: #cc99ff;\">A pesar de tanto tiempo<\/span><\/p>\n<p><span style=\"font-size: large; color: #cc99ff;\">mi promesa sigue en pi\u00e9<\/span><\/p>\n<p><span style=\"font-size: large; color: #cc99ff;\">encontrarte era mi meta<\/span><\/p>\n<p><span style=\"font-size: large; color: #cc99ff;\">lo dem\u00e1s vendr\u00e1 despu\u00e9s.<\/span><\/p>\n<p>&nbsp;<\/p>\n<p><span style=\"font-size: large; color: #cc99ff;\">Al verte me himnotic\u00e9,<\/span><\/p>\n<p><span style=\"font-size: large; color: #cc99ff;\">como una m\u00e1gica flor<\/span><\/p>\n<p><span style=\"font-size: large; color: #cc99ff;\">siempre fuiste tierra f\u00e9rtil<\/span><\/p>\n<p><span style=\"font-size: large; color: #cc99ff;\">semilla de un viejo amor.<\/span><\/p>\n<p>&nbsp;<\/p>\n<p><span style=\"font-size: large; color: #cc99ff;\">Para estar hoy d\u00eda con vos<\/span><\/p>\n<p><span style=\"font-size: large; color: #cc99ff;\">muchas sendas supe andar<\/span><\/p>\n<p><span style=\"font-size: large; color: #cc99ff;\">creo que no ha sido en vano<\/span><\/p>\n<p><span style=\"font-size: large; color: #cc99ff;\">tampoco casualidad.<\/span><\/p>\n<p>&nbsp;<\/p>\n<p><span style=\"font-size: large; color: #cc99ff;\">Se que un d\u00eda volver\u00e9&#8230;<\/span><\/p>\n<p>&nbsp;<\/p>\n","protected":false},"excerpt":{"rendered":"<p>&nbsp; De mi corazon al sur Letra y M\u00fasica: Raly Barrionuevo Interpretan:\u00a0\u00a0 TunaEspa\u00f1a Tuna Espa\u00f1a (Don Dudo) \u00a0 \u00a0 www.TunaEspana.com \u00a0 \u00a0www.TunaEspa\u00f1a.es Folclore\u00a0 Argentino &nbsp; &nbsp; LA\u00a0\u00a0\u00a0\u00a0\u00a0\u00a0\u00a0\u00a0\u00a0\u00a0 do# De mi coraz\u00f3n al sur RE\u00a0\u00a0\u00a0\u00a0\u00a0\u00a0\u00a0\u00a0\u00a0\u00a0 LA un d\u00eda te encontr\u00e9 RE\u00a0\u00a0\u00a0\u00a0\u00a0\u00a0\u00a0\u00a0\u00a0\u00a0\u00a0\u00a0\u00a0\u00a0 LA era yo un clavel del aire si7\u00a0\u00a0\u00a0\u00a0\u00a0\u00a0 MI7\u00a0\u00a0\u00a0\u00a0 LA en tus ramas me cobij\u00e9. [&hellip;]<\/p>\n","protected":false},"author":2,"featured_media":0,"comment_status":"closed","ping_status":"closed","sticky":false,"template":"","format":"standard","meta":[],"categories":[38,709,263],"tags":[],"_links":{"self":[{"href":"https:\/\/www.tunaespana.es\/index.php?rest_route=\/wp\/v2\/posts\/6117"}],"collection":[{"href":"https:\/\/www.tunaespana.es\/index.php?rest_route=\/wp\/v2\/posts"}],"about":[{"href":"https:\/\/www.tunaespana.es\/index.php?rest_route=\/wp\/v2\/types\/post"}],"author":[{"embeddable":true,"href":"https:\/\/www.tunaespana.es\/index.php?rest_route=\/wp\/v2\/users\/2"}],"replies":[{"embeddable":true,"href":"https:\/\/www.tunaespana.es\/index.php?rest_route=%2Fwp%2Fv2%2Fcomments&post=6117"}],"version-history":[{"count":4,"href":"https:\/\/www.tunaespana.es\/index.php?rest_route=\/wp\/v2\/posts\/6117\/revisions"}],"predecessor-version":[{"id":8405,"href":"https:\/\/www.tunaespana.es\/index.php?rest_route=\/wp\/v2\/posts\/6117\/revisions\/8405"}],"wp:attachment":[{"href":"https:\/\/www.tunaespana.es\/index.php?rest_route=%2Fwp%2Fv2%2Fmedia&parent=6117"}],"wp:term":[{"taxonomy":"category","embeddable":true,"href":"https:\/\/www.tunaespana.es\/index.php?rest_route=%2Fwp%2Fv2%2Fcategories&post=6117"},{"taxonomy":"post_tag","embeddable":true,"href":"https:\/\/www.tunaespana.es\/index.php?rest_route=%2Fwp%2Fv2%2Ftags&post=6117"}],"curies":[{"name":"wp","href":"https:\/\/api.w.org\/{rel}","templated":true}]}}